{"id":218639,"date":"2016-05-11T11:47:58","date_gmt":"2016-05-11T11:47:58","guid":{"rendered":"http:\/\/diariodominicano.ddns.net\/?p=218639"},"modified":"2016-05-11T11:47:58","modified_gmt":"2016-05-11T11:47:58","slug":"prohiben-venta-de-alcohol-y-uso-de-armas-durante-las-elecciones","status":"publish","type":"post","link":"https:\/\/diariodominicano.com\/?p=218639","title":{"rendered":"Proh\u00edben venta de alcohol y uso de armas durante las elecciones"},"content":{"rendered":"<p><body><\/p>\n<p><img decoding=\"async\" src=\"img3\/Alcohol y armas.jpg\" \/>  <\/p>\n<p><span class=\"text1noticias\">Santo Domingo, R. D., 11 de mayo.- El Ministerio de Interior y Polic\u00eda (MIP) dispuso la prohibici\u00f3n de la venta de bebidas alcoh\u00f3licas y el porte de armas de fuego desde 24 horas antes de las elecciones hasta tres horas despu\u00e9s del proceso electoral del pr\u00f3ximo domingo 15 de mayo.<\/span><\/p>\n<p><span class=\"text1noticias\"> <\/span><\/p>\n<p><span class=\"text1noticias\"> El ministro  del MIP, licenciado Jos\u00e9 Ram\u00f3n Fadul, explic\u00f3 que como organismo regulador de los horarios en que deben operar los centros de venta de bebidas alcoh\u00f3licas, los inspectores del COBA y el Viceministerio para Control de Armas,  mantendr\u00e1n una estricta vigilancia para que se le d\u00e9 cumplimiento a la disposici\u00f3n, la cual va en consonancia con las medidas anunciadas por la Junta Central Electoral (JCE).<\/span><\/p>\n<p><span class=\"text1noticias\"> <\/span><\/p>\n<p><span class=\"text1noticias\"> Destac\u00f3 que as\u00ed como la JCE dispuso la prohibici\u00f3n de propagandas, bebidas alcoh\u00f3licas y el porte de armas de fuego 24 horas antes de las elecciones del domingo, el MIP actuar\u00e1 en\u00e9rgicamente en contra de las personas que exhiban armas de fuego en lugares p\u00fablicos y en contra de los negocios que durante el indicado per\u00edodo vendan bebidas alcoh\u00f3licas<\/span><\/p>\n<p><span class=\"text1noticias\"> <\/span><\/p>\n<p><span class=\"text1noticias\">Fadul precis\u00f3 que, mientras la JCE se sustenta en  la Ley Electoral N.\u00b0 275-97, que especifica que la JCE puede tomar todas las medidas que juzgue pertinente para garantizar el \u00e9xito de las elecciones, las cuales tienen car\u00e1cter transitorio, el MIP se basa en las leyes y decretos que regula el uso de las armas de fuego y los horarios establecidos para la venta de bebidas alcoh\u00f3licas.<\/span><\/p>\n<p><span class=\"text1noticias\"> <\/span><\/p>\n<p><span class=\"text1noticias\"> De igual forma, el funcionario record\u00f3 que el pasado martes solicit\u00f3 al secretario general de la Liga Municipal Dominicana, Johmmy Jones que instruya a los ayuntamientos del pa\u00eds para que los Polic\u00edas Municipales se abstengan de portar armas de fuegos y vestir uniformes e insignias militares durante las elecciones generales que tendr\u00e1n lugar el pr\u00f3ximo domingo 15 de mayo.<\/span><\/p>\n<p><span class=\"text1noticias\"> <\/span><\/p>\n<p><span class=\"text1noticias\"> En cuanto a las armas de fuego, precis\u00f3 que tambi\u00e9n se proh\u00edbe el uso de armas sin las correspondientes licencias emitidas por el MIP, conforme a lo establecido en la ley 36-65, sobre Comercio, Porte y Tenencia de Armas.<\/span><\/p>\n<p><span class=\"text1noticias\"> <\/span><\/p>\n<p><span class=\"text1noticias\"> Dijo que en caso de inobservancia, los polic\u00edas municipales, as\u00ed como cualquier otra persona,  son pasibles de ser sancionados seg\u00fan lo establece la referida ley.<\/span><\/p>\n<h6> 2016-05-11 11:47:58 <\/h6>\n<p><!--\n<link rel=\"stylesheet\" href=\"css\/bootstrap.min.css\">\n\n\n<ul class=\"pagination\">\n\t    \n\t\n\n<li >\n\t<a href='?page_no=13039'>Previous<\/a>\n\t<\/li>\n\n\n       \n    \n\n<li><a href='?page_no=1'>1<\/a><\/li>\n\n\n\n<li><a href='?page_no=2'>2<\/a><\/li>\n\n\n\n<li><a>...<\/a><\/li>\n\n\n\n<li><a href='?page_no=13038'>13038<\/a><\/li>\n\n\n\n<li><a href='?page_no=13039'>13039<\/a><\/li>\n\n\n\n<li class='active'><a>13040<\/a><\/li>\n\n\n\n<li><a href='?page_no=13041'>13041<\/a><\/li>\n\n\n\n<li><a href='?page_no=13042'>13042<\/a><\/li>\n\n\n\n<li><a>...<\/a><\/li>\n\n\n\n<li><a href='?page_no=56169'>56169<\/a><\/li>\n\n\n\n<li><a href='?page_no=56170'>56170<\/a><\/li>\n\n    \n\t\n\n<li >\n\t<a href='?page_no=13041'>Next<\/a>\n\t<\/li>\n\n\n    \n\n<li><a href='?page_no=56170'>Last &rsaquo;&rsaquo;<\/a><\/li>\n\n<\/ul>\n\n\n--><br \/>\n<\/body><\/p>\n","protected":false},"excerpt":{"rendered":"<p>Santo Domingo, R. D., 11 de mayo.- El Ministerio de Interior y Polic\u00eda (MIP) dispuso la prohibici\u00f3n de la venta de bebidas alcoh\u00f3licas y el porte de armas de fuego desde 24 horas antes de las elecciones hasta tres horas despu\u00e9s del proceso electoral del pr\u00f3ximo domingo 15 de mayo. El ministro del MIP, licenciado [&hellip;]<\/p>\n","protected":false},"author":3,"featured_media":0,"comment_status":"open","ping_status":"open","sticky":false,"template":"","format":"standard","meta":{"footnotes":""},"categories":[20],"tags":[],"class_list":["post-218639","post","type-post","status-publish","format-standard","hentry","category-dominicana-hoy"],"_links":{"self":[{"href":"https:\/\/diariodominicano.com\/index.php?rest_route=\/wp\/v2\/posts\/218639","targetHints":{"allow":["GET"]}}],"collection":[{"href":"https:\/\/diariodominicano.com\/index.php?rest_route=\/wp\/v2\/posts"}],"about":[{"href":"https:\/\/diariodominicano.com\/index.php?rest_route=\/wp\/v2\/types\/post"}],"author":[{"embeddable":true,"href":"https:\/\/diariodominicano.com\/index.php?rest_route=\/wp\/v2\/users\/3"}],"replies":[{"embeddable":true,"href":"https:\/\/diariodominicano.com\/index.php?rest_route=%2Fwp%2Fv2%2Fcomments&post=218639"}],"version-history":[{"count":0,"href":"https:\/\/diariodominicano.com\/index.php?rest_route=\/wp\/v2\/posts\/218639\/revisions"}],"wp:attachment":[{"href":"https:\/\/diariodominicano.com\/index.php?rest_route=%2Fwp%2Fv2%2Fmedia&parent=218639"}],"wp:term":[{"taxonomy":"category","embeddable":true,"href":"https:\/\/diariodominicano.com\/index.php?rest_route=%2Fwp%2Fv2%2Fcategories&post=218639"},{"taxonomy":"post_tag","embeddable":true,"href":"https:\/\/diariodominicano.com\/index.php?rest_route=%2Fwp%2Fv2%2Ftags&post=218639"}],"curies":[{"name":"wp","href":"https:\/\/api.w.org\/{rel}","templated":true}]}}