{"id":218637,"date":"2016-05-11T12:21:32","date_gmt":"2016-05-11T12:21:32","guid":{"rendered":"http:\/\/diariodominicano.ddns.net\/?p=218637"},"modified":"2016-05-11T12:21:32","modified_gmt":"2016-05-11T12:21:32","slug":"activan-plan-de-contingencia-por-elecciones-generales-2016","status":"publish","type":"post","link":"https:\/\/diariodominicano.com\/?p=218637","title":{"rendered":"Activan Plan de Contingencia por Elecciones Generales 2016"},"content":{"rendered":"<p><body><\/p>\n<p><span class=\"text1noticias\">Santo Domingo, R. D., 11 de mayo.- La Empresa de Transmisi\u00f3n El\u00e9ctrica Dominicana (ETED), encabezada por su Administrador, Ing. Juli\u00e1n Santana Araujo y su equipo t\u00e9cnico, trazaron las l\u00edneas generales para la activaci\u00f3n de su Plan de Contingencia con motivo de las Elecciones Generales el pr\u00f3ximo domingo 15 de mayo,  con el prop\u00f3sito de garantizar la estabilidad, calidad y continuidad del servicio de energ\u00eda el\u00e9ctrica a nivel nacional antes, durante y despu\u00e9s de los  comicios electorales.<\/span><\/p>\n<p><span class=\"text1noticias\"> <\/span><\/p>\n<p><span class=\"text1noticias\">El Ing. Santana, Administrador de la ETED, manifest\u00f3 \u00abTenemos el compromiso de contribuir a que los comicios transcurran  con \u00e9xito en cuanto al servicio de Transmisi\u00f3n y de Despacho de Cargas antes y durante el proceso de votaci\u00f3n del pr\u00f3ximo d\u00eda 15 de mayo de 2016\u00bb.<\/span><\/p>\n<p><span class=\"text1noticias\"> <\/span><\/p>\n<p><span class=\"text1noticias\"> \u00abEste Plan de Contingencia abarca todas las instalaciones el\u00e9ctricas de nuestra empresa en todo el territorio nacional\u00bb, resalt\u00f3 el Ing. Santana. Adem\u00e1s, agreg\u00f3 que \u00abEstas acciones  se vienen realizando desde inicio del mes de enero con la ejecuci\u00f3n de Trabajos de Mantenimiento en todas las estructuras el\u00e9ctricas de la ETED, principalmente en aquellas que alimentan a la Junta Central Electoral, las Juntas Municipales y todos los recintos electorales que funcionar\u00e1n durante el desarrollo de este evento c\u00edvico\u00bb,  manifest\u00f3 el Ing. Santana.  <\/span><\/p>\n<p><span class=\"text1noticias\"> <\/span><\/p>\n<p><span class=\"text1noticias\">La ETED ha conformado brigadas equipadas con todo el apoyo log\u00edstico que amerita este tipo de operativo, para solucionar en el menor tiempo posible las contingencias que se puedan presentar.<\/span><\/p>\n<p><span class=\"text1noticias\"> <\/span><\/p>\n<p><span class=\"text1noticias\">Se han establecido zonas de trabajo en todo el territorio nacional para lo cual se han hecho las siguientes divisiones: Zona Santo Domingo Sur: SS\/EE Herrera Nueva, Palamara, Pizarrete y UASD. Zona Sur-Profundo: SS\/EE 15 de Azua, San Juan 2, San Juan y Cruce de Ocoa, Cruce Cabral, Zona Este-Central: SS\/EE Hainamosa, Timbeque 2 e Interconexi\u00f3n Andr\u00e9s, CNPE, Zona Este-Profundo: SS\/EE San Pedro 1 y La Romana, Zona Norte: SS\/EE Planta Nibaje, Navarrete, Canabacoa, Playa Dorada y Puerto Plata 2, y en la Zona Nordeste: SS\/EE Pimentel, Nagua y Bonao 2.<\/span><\/p>\n<p><span class=\"text1noticias\"> <\/span><\/p>\n<p><span class=\"text1noticias\">Las proyecciones sobre el posible escenario de generaci\u00f3n y demanda que se tendr\u00eda para esta fecha fueron pautadas junto con el Organismo Coordinador (OC), puntualizando que los c\u00e1lculos realizados de la  demanda proyectada por el Centro  Control de Energ\u00eda (CCE) para este d\u00eda ser\u00eda de unos 2,300 MW.<\/span><\/p>\n<p><span class=\"text1noticias\"> <\/span><\/p>\n<p><span class=\"text1noticias\">Este Plan de Contingencia de la ETED para las Elecciones Generales 2016, forma parte del Plan en conjunto que desarrolla la Corporaci\u00f3n Dominicana de Empresas El\u00e9ctricas Estatales (CDEEE) y las Empresas Miembros del Sistema El\u00e9ctrico lideradas por su Vicepresidente Ejecutivo Lic. Rub\u00e9n Jim\u00e9nez Bichara. <\/span><\/p>\n<p><span class=\"text1noticias\"> <\/span><\/p>\n<p><span class=\"text1noticias\">La ETED reitera su compromiso de no escatimar esfuerzos en seguir brindando un servicio de calidad en el sistema el\u00e9ctrico nacional, para beneficio de todos los clientes y usuarios de este importante servicio energ\u00e9tico.<\/span><\/p>\n<h6> 2016-05-11 12:21:32 <\/h6>\n<p><!--\n<link rel=\"stylesheet\" href=\"css\/bootstrap.min.css\">\n\n\n<ul class=\"pagination\">\n\t    \n\t\n\n<li >\n\t<a href='?page_no=13038'>Previous<\/a>\n\t<\/li>\n\n\n       \n    \n\n<li><a href='?page_no=1'>1<\/a><\/li>\n\n\n\n<li><a href='?page_no=2'>2<\/a><\/li>\n\n\n\n<li><a>...<\/a><\/li>\n\n\n\n<li><a href='?page_no=13037'>13037<\/a><\/li>\n\n\n\n<li><a href='?page_no=13038'>13038<\/a><\/li>\n\n\n\n<li class='active'><a>13039<\/a><\/li>\n\n\n\n<li><a href='?page_no=13040'>13040<\/a><\/li>\n\n\n\n<li><a href='?page_no=13041'>13041<\/a><\/li>\n\n\n\n<li><a>...<\/a><\/li>\n\n\n\n<li><a href='?page_no=56169'>56169<\/a><\/li>\n\n\n\n<li><a href='?page_no=56170'>56170<\/a><\/li>\n\n    \n\t\n\n<li >\n\t<a href='?page_no=13040'>Next<\/a>\n\t<\/li>\n\n\n    \n\n<li><a href='?page_no=56170'>Last &rsaquo;&rsaquo;<\/a><\/li>\n\n<\/ul>\n\n\n--><br \/>\n<\/body><\/p>\n","protected":false},"excerpt":{"rendered":"<p>Santo Domingo, R. D., 11 de mayo.- La Empresa de Transmisi\u00f3n El\u00e9ctrica Dominicana (ETED), encabezada por su Administrador, Ing. Juli\u00e1n Santana Araujo y su equipo t\u00e9cnico, trazaron las l\u00edneas generales para la activaci\u00f3n de su Plan de Contingencia con motivo de las Elecciones Generales el pr\u00f3ximo domingo 15 de mayo, con el prop\u00f3sito de garantizar [&hellip;]<\/p>\n","protected":false},"author":3,"featured_media":0,"comment_status":"open","ping_status":"open","sticky":false,"template":"","format":"standard","meta":{"footnotes":""},"categories":[20],"tags":[],"class_list":["post-218637","post","type-post","status-publish","format-standard","hentry","category-dominicana-hoy"],"_links":{"self":[{"href":"https:\/\/diariodominicano.com\/index.php?rest_route=\/wp\/v2\/posts\/218637","targetHints":{"allow":["GET"]}}],"collection":[{"href":"https:\/\/diariodominicano.com\/index.php?rest_route=\/wp\/v2\/posts"}],"about":[{"href":"https:\/\/diariodominicano.com\/index.php?rest_route=\/wp\/v2\/types\/post"}],"author":[{"embeddable":true,"href":"https:\/\/diariodominicano.com\/index.php?rest_route=\/wp\/v2\/users\/3"}],"replies":[{"embeddable":true,"href":"https:\/\/diariodominicano.com\/index.php?rest_route=%2Fwp%2Fv2%2Fcomments&post=218637"}],"version-history":[{"count":0,"href":"https:\/\/diariodominicano.com\/index.php?rest_route=\/wp\/v2\/posts\/218637\/revisions"}],"wp:attachment":[{"href":"https:\/\/diariodominicano.com\/index.php?rest_route=%2Fwp%2Fv2%2Fmedia&parent=218637"}],"wp:term":[{"taxonomy":"category","embeddable":true,"href":"https:\/\/diariodominicano.com\/index.php?rest_route=%2Fwp%2Fv2%2Fcategories&post=218637"},{"taxonomy":"post_tag","embeddable":true,"href":"https:\/\/diariodominicano.com\/index.php?rest_route=%2Fwp%2Fv2%2Ftags&post=218637"}],"curies":[{"name":"wp","href":"https:\/\/api.w.org\/{rel}","templated":true}]}}