{"id":218634,"date":"2016-05-11T16:50:32","date_gmt":"2016-05-11T16:50:32","guid":{"rendered":"http:\/\/diariodominicano.ddns.net\/?p=218634"},"modified":"2016-05-11T16:50:32","modified_gmt":"2016-05-11T16:50:32","slug":"efectivos-del-ejercito-reforestan-en-el-limon-de-jimani","status":"publish","type":"post","link":"https:\/\/diariodominicano.com\/?p=218634","title":{"rendered":"Efectivos del Ej\u00e9rcito reforestan en el Lim\u00f3n de Jiman\u00ed."},"content":{"rendered":"<p><body><\/p>\n<p><img decoding=\"async\" src=\"img3\/05.jpg\" \/>  <\/p>\n<p><span class=\"text1noticias\"> <\/span><\/p>\n<p><span class=\"text1noticias\"> <\/span><\/p>\n<p><span class=\"text1noticias\">Santo Domingo. RD., 11 de mayo.-En una amplia jornada de reforestaci\u00f3n ordenada por el Comandante General del Ej\u00e9rcito de Rep\u00fablica Dominicana, Mayor General JOS\u00c9 E. MATOS DE LA CRUZ, efectivos militares de la 5ta. Brigada de Infanter\u00eda, ERD., realizaron una jornada masiva de siembra de \u00e1rboles en el Distrito Municipal del Lim\u00f3n, con el prop\u00f3sito de contribuir con el ornato de esa comunidad.<\/span><\/p>\n<p><span class=\"text1noticias\"> <\/span><\/p>\n<p><span class=\"text1noticias\"> <\/span><\/p>\n<p><span class=\"text1noticias\">El contingente militar se despaso por zonas previamente determinadas con las autoridades y los lugare\u00f1os, y plantaron cientos de \u00e1rboles de Caoba, Aceituno y Guayac\u00e1n, que adem\u00e1s de embellecer la comunidad servir\u00e1n para mitigar el sofocante calor que tradicionalmente hace en esa zona fronteriza del Pa\u00eds. El Comandante de la 5ta. Brigada de Infanter\u00eda, ERD., General de Brigada DOMINGO A. MEDINA M\u00c9NDEZ, ERD.,  asever\u00f3 que los miembros de esa unidad, tienen entre otras misiones y deberes, velar por la floresta del Pa\u00eds y que continuar\u00e1n realizando labores que contribuyan con el bienestar de las comunidades. <\/span><\/p>\n<p><span class=\"text1noticias\"> <\/span><\/p>\n<p><span class=\"text1noticias\"> <\/span><\/p>\n<p><span class=\"text1noticias\">Los lugare\u00f1os agradecieron el gesto de los miembros del Ej\u00e9rcito de Rep\u00fablica Dominicana, y prometieron velar para que cada \u00e1rbol sembrado germine y crezca, ya que definitivamente redundar\u00e1n en beneficio de la comunidad; adem\u00e1s de contribuir con el medio ambiente. Estos Operativos se inscriben dentro de la labor social que desarrolla la Comandancia General de la Instituci\u00f3n, en coordinaci\u00f3n con autoridades y l\u00edderes comunit<\/span>arios.<\/p>\n<\/p>\n<\/p>\n<h6> 2016-05-11 16:50:32 <\/h6>\n<p><!--\n<link rel=\"stylesheet\" href=\"css\/bootstrap.min.css\">\n\n\n<ul class=\"pagination\">\n\t    \n\t\n\n<li >\n\t<a href='?page_no=13035'>Previous<\/a>\n\t<\/li>\n\n\n       \n    \n\n<li><a href='?page_no=1'>1<\/a><\/li>\n\n\n\n<li><a href='?page_no=2'>2<\/a><\/li>\n\n\n\n<li><a>...<\/a><\/li>\n\n\n\n<li><a href='?page_no=13034'>13034<\/a><\/li>\n\n\n\n<li><a href='?page_no=13035'>13035<\/a><\/li>\n\n\n\n<li class='active'><a>13036<\/a><\/li>\n\n\n\n<li><a href='?page_no=13037'>13037<\/a><\/li>\n\n\n\n<li><a href='?page_no=13038'>13038<\/a><\/li>\n\n\n\n<li><a>...<\/a><\/li>\n\n\n\n<li><a href='?page_no=56169'>56169<\/a><\/li>\n\n\n\n<li><a href='?page_no=56170'>56170<\/a><\/li>\n\n    \n\t\n\n<li >\n\t<a href='?page_no=13037'>Next<\/a>\n\t<\/li>\n\n\n    \n\n<li><a href='?page_no=56170'>Last &rsaquo;&rsaquo;<\/a><\/li>\n\n<\/ul>\n\n\n--><br \/>\n<\/body><\/p>\n","protected":false},"excerpt":{"rendered":"<p>Santo Domingo. RD., 11 de mayo.-En una amplia jornada de reforestaci\u00f3n ordenada por el Comandante General del Ej\u00e9rcito de Rep\u00fablica Dominicana, Mayor General JOS\u00c9 E. MATOS DE LA CRUZ, efectivos militares de la 5ta. Brigada de Infanter\u00eda, ERD., realizaron una jornada masiva de siembra de \u00e1rboles en el Distrito Municipal del Lim\u00f3n, con el prop\u00f3sito [&hellip;]<\/p>\n","protected":false},"author":3,"featured_media":0,"comment_status":"open","ping_status":"open","sticky":false,"template":"","format":"standard","meta":{"footnotes":""},"categories":[20],"tags":[],"class_list":["post-218634","post","type-post","status-publish","format-standard","hentry","category-dominicana-hoy"],"_links":{"self":[{"href":"https:\/\/diariodominicano.com\/index.php?rest_route=\/wp\/v2\/posts\/218634","targetHints":{"allow":["GET"]}}],"collection":[{"href":"https:\/\/diariodominicano.com\/index.php?rest_route=\/wp\/v2\/posts"}],"about":[{"href":"https:\/\/diariodominicano.com\/index.php?rest_route=\/wp\/v2\/types\/post"}],"author":[{"embeddable":true,"href":"https:\/\/diariodominicano.com\/index.php?rest_route=\/wp\/v2\/users\/3"}],"replies":[{"embeddable":true,"href":"https:\/\/diariodominicano.com\/index.php?rest_route=%2Fwp%2Fv2%2Fcomments&post=218634"}],"version-history":[{"count":0,"href":"https:\/\/diariodominicano.com\/index.php?rest_route=\/wp\/v2\/posts\/218634\/revisions"}],"wp:attachment":[{"href":"https:\/\/diariodominicano.com\/index.php?rest_route=%2Fwp%2Fv2%2Fmedia&parent=218634"}],"wp:term":[{"taxonomy":"category","embeddable":true,"href":"https:\/\/diariodominicano.com\/index.php?rest_route=%2Fwp%2Fv2%2Fcategories&post=218634"},{"taxonomy":"post_tag","embeddable":true,"href":"https:\/\/diariodominicano.com\/index.php?rest_route=%2Fwp%2Fv2%2Ftags&post=218634"}],"curies":[{"name":"wp","href":"https:\/\/api.w.org\/{rel}","templated":true}]}}