{"id":218626,"date":"2016-05-12T13:00:54","date_gmt":"2016-05-12T13:00:54","guid":{"rendered":"http:\/\/diariodominicano.ddns.net\/?p=218626"},"modified":"2016-05-12T13:00:54","modified_gmt":"2016-05-12T13:00:54","slug":"experto-de-brasil-dice-rd-asume-agenda-interesante-para-convertirse-en-pais-digital","status":"publish","type":"post","link":"https:\/\/diariodominicano.com\/?p=218626","title":{"rendered":"Experto de Brasil dice RD asume \u00abagenda interesante\u00bb para convertirse en pa\u00eds digital"},"content":{"rendered":"<p><body><\/p>\n<p><img decoding=\"async\" src=\"img3\/INDOTEL 12-5-16.jpg\" \/>  <\/p>\n<p>Santo Domingo, R. D., 12 de mayo.-  El director del Centro Regional de Estudios para el Desenvolvimiento de la Sociedad de la  Informaci\u00f3n (CETIC.br) de Brasil, Alexandre Fernandes Barbosa afirm\u00f3 que la Rep\u00fablica Dominicana enfrenta \u00abuna agenda interesante\u00bb en los planes de convertirse en \u00abun pa\u00eds digital\u00bb.<\/p>\n<\/p>\n<p>En tal sentido, el experto brasile\u00f1o sugiri\u00f3 un acercamiento entre los sectores p\u00fablicos y privados que permitan canalizar inversiones para el desarrollo de las  tecnolog\u00edas de la informaci\u00f3n y la comunicaci\u00f3n (TIC) en el pa\u00eds.<\/p>\n<\/p>\n<p>Fernandes Barbosa entiende que para desarrollar una agenda para el pa\u00eds, los dominicanos tienen que \u00abpreocuparse mucho\u00bb por la medici\u00f3n estad\u00edstica de las TIC, de manera que pueda trazarse una pol\u00edtica que se extienda a lo largo de los a\u00f1os.<\/p>\n<\/p>\n<p>Sostuvo que habr\u00e1 que medir el impacto que tienen las tecnolog\u00edas en la poblaci\u00f3n en t\u00e9rminos de los ciudadanos, y si se est\u00e1n desarrollando capacidades en t\u00e9rmino de la econom\u00eda y las empresas.<\/p>\n<\/p>\n<p>El experto brasile\u00f1o dijo que tambi\u00e9n se debe medir \u00absi el propio Gobierno est\u00e1 haciendo progreso en este reto de transformar un pa\u00eds, una sociedad bajo los paradigmas de la econom\u00eda digital\u00bb.<\/p>\n<\/p>\n<p>\u00abMirar los indicadores, las mediciones, la pol\u00edtica y ver qu\u00e9 pasa en el pa\u00eds es algo muy importante\u00bb, enfatiz\u00f3.<\/p>\n<p>Fernandes Barbosa asisti\u00f3 al seminario-taller \u00abLa importancia de la medici\u00f3n de las TIC para el desarrollo de la Sociedad de la Informaci\u00f3n en el contexto de la agenda de la ONU para el Desarrollo Sostenible\u00bb, que se celebr\u00f3 en esta capital organizado por el Instituto Dominicano de las Telecomunicaciones (Indotel), la Alianza para una Internet Asequible (A4AI) y con la colaboraci\u00f3n de la Oficina Nacional de Estad\u00edstica (ONE).<\/p>\n<\/p>\n<p>En la actividad particip\u00f3 adem\u00e1s Tatiana Jereissati, coordinadora de los Proyectos UNESCO del CETIC.br que opera en Sao Paulo, Brasil, con auspicios de la Organizaci\u00f3n de las Naciones Unidas para la Ciencia y la Cultura (UNESCO).<\/p>\n<\/p>\n<p>Tanto Fernandes Barbosa como Jereissati presentaron el trabajo del CETIC. br como ejemplo de producci\u00f3n de inventarios TIC para las pol\u00edticas p\u00fablicas de Brasil. La presencia de ambos expertos coincide con los esfuerzos del Gobierno para lanzar la iniciativa de Rep\u00fablica Digital en el pa\u00eds.<\/p>\n<\/p>\n<p> Inversi\u00f3n <\/p>\n<p>Fernandes Barbosa consider\u00f3 como \u00abalgo muy importante\u00bb que se comience a mirar en el marco de esta iniciativa, las recomendaciones que realizan las agencias internacionales que trabajan el tema de las TIC.<\/p>\n<\/p>\n<p>Precis\u00f3 que es necesario saber qu\u00e9 est\u00e1n recomendando estos organismos, en raz\u00f3n de que la Rep\u00fablica Dominicana es signataria de estas entidades y firm\u00f3 acuerdos internacionales para el desarrollo sostenible de la sociedad de la informaci\u00f3n.<\/p>\n<\/p>\n<p>\u00abLa Rep\u00fablica Dominicana debe mirar lo que pasa en este momento, las inversiones que son necesarias para que cambie la cara del pa\u00eds seg\u00fan las recomendaciones de la agenda de desarrollo, de la cumbre mundial de la sociedad de informaci\u00f3n y los agentes econ\u00f3micos que est\u00e1n involucrados en el tema en el sector TIC\u00bb, subray\u00f3.<\/p>\n<\/p>\n<p>Sostuvo que tambi\u00e9n tiene \u00abque mirar la agenda del Gobierno y detectar la posibilidad de inversiones privadas para saber a d\u00f3nde van\u00bb con sus planes de Rep\u00fablica Digital.<\/p>\n<\/p>\n<p>Inversi\u00f3n en Brasil<\/p>\n<\/p>\n<p>Destac\u00f3 la inversi\u00f3n que realiza Brasil en el sector TIC, espec\u00edficamente en el campo de la educaci\u00f3n, de informatizaci\u00f3n de las escuelas, salud y de Gobierno electr\u00f3nico.<\/p>\n<\/p>\n<p>Dijo que el gobierno brasile\u00f1o \u00abinvirti\u00f3 mucha plata\u00bb para garantizar que los tr\u00e1mites  gubernamentales \u00absean posible de hacerlos en l\u00edneas\u00bb.<\/p>\n<\/p>\n<p>Apunt\u00f3 que obviamente hay algunas agencias que \u00abest\u00e1n m\u00e1s adelantadas en este proceso, pero hay mucha inversi\u00f3n para que la sociedad brasile\u00f1a pueda disfrutar del nuevo ambiente de econom\u00eda digital\u00bb.<\/p>\n<\/p>\n<p>Resalt\u00f3 igualmente que en el comercio electr\u00f3nico Brasil avanz\u00f3 mucho, as\u00ed como tambi\u00e9n en los tr\u00e1mites con gobiernos locales.<\/p>\n<p>Gerencia de Comunicaciones del Indotel<\/p>\n<\/p>\n<p>12 de mayo del 2016.<\/p>\n<\/p>\n<h6> 2016-05-12 13:00:54 <\/h6>\n<p><!--\n<link rel=\"stylesheet\" href=\"css\/bootstrap.min.css\">\n\n\n<ul class=\"pagination\">\n\t    \n\t\n\n<li >\n\t<a href='?page_no=13028'>Previous<\/a>\n\t<\/li>\n\n\n       \n    \n\n<li><a href='?page_no=1'>1<\/a><\/li>\n\n\n\n<li><a href='?page_no=2'>2<\/a><\/li>\n\n\n\n<li><a>...<\/a><\/li>\n\n\n\n<li><a href='?page_no=13027'>13027<\/a><\/li>\n\n\n\n<li><a href='?page_no=13028'>13028<\/a><\/li>\n\n\n\n<li class='active'><a>13029<\/a><\/li>\n\n\n\n<li><a href='?page_no=13030'>13030<\/a><\/li>\n\n\n\n<li><a href='?page_no=13031'>13031<\/a><\/li>\n\n\n\n<li><a>...<\/a><\/li>\n\n\n\n<li><a href='?page_no=56169'>56169<\/a><\/li>\n\n\n\n<li><a href='?page_no=56170'>56170<\/a><\/li>\n\n    \n\t\n\n<li >\n\t<a href='?page_no=13030'>Next<\/a>\n\t<\/li>\n\n\n    \n\n<li><a href='?page_no=56170'>Last &rsaquo;&rsaquo;<\/a><\/li>\n\n<\/ul>\n\n\n--><br \/>\n<\/body><\/p>\n","protected":false},"excerpt":{"rendered":"<p>Santo Domingo, R. D., 12 de mayo.- El director del Centro Regional de Estudios para el Desenvolvimiento de la Sociedad de la Informaci\u00f3n (CETIC.br) de Brasil, Alexandre Fernandes Barbosa afirm\u00f3 que la Rep\u00fablica Dominicana enfrenta \u00abuna agenda interesante\u00bb en los planes de convertirse en \u00abun pa\u00eds digital\u00bb. En tal sentido, el experto brasile\u00f1o sugiri\u00f3 un [&hellip;]<\/p>\n","protected":false},"author":3,"featured_media":0,"comment_status":"open","ping_status":"open","sticky":false,"template":"","format":"standard","meta":{"footnotes":""},"categories":[20],"tags":[],"class_list":["post-218626","post","type-post","status-publish","format-standard","hentry","category-dominicana-hoy"],"_links":{"self":[{"href":"https:\/\/diariodominicano.com\/index.php?rest_route=\/wp\/v2\/posts\/218626","targetHints":{"allow":["GET"]}}],"collection":[{"href":"https:\/\/diariodominicano.com\/index.php?rest_route=\/wp\/v2\/posts"}],"about":[{"href":"https:\/\/diariodominicano.com\/index.php?rest_route=\/wp\/v2\/types\/post"}],"author":[{"embeddable":true,"href":"https:\/\/diariodominicano.com\/index.php?rest_route=\/wp\/v2\/users\/3"}],"replies":[{"embeddable":true,"href":"https:\/\/diariodominicano.com\/index.php?rest_route=%2Fwp%2Fv2%2Fcomments&post=218626"}],"version-history":[{"count":0,"href":"https:\/\/diariodominicano.com\/index.php?rest_route=\/wp\/v2\/posts\/218626\/revisions"}],"wp:attachment":[{"href":"https:\/\/diariodominicano.com\/index.php?rest_route=%2Fwp%2Fv2%2Fmedia&parent=218626"}],"wp:term":[{"taxonomy":"category","embeddable":true,"href":"https:\/\/diariodominicano.com\/index.php?rest_route=%2Fwp%2Fv2%2Fcategories&post=218626"},{"taxonomy":"post_tag","embeddable":true,"href":"https:\/\/diariodominicano.com\/index.php?rest_route=%2Fwp%2Fv2%2Ftags&post=218626"}],"curies":[{"name":"wp","href":"https:\/\/api.w.org\/{rel}","templated":true}]}}