{"id":218623,"date":"2016-05-12T15:02:37","date_gmt":"2016-05-12T15:02:37","guid":{"rendered":"http:\/\/diariodominicano.ddns.net\/?p=218623"},"modified":"2016-05-12T15:02:37","modified_gmt":"2016-05-12T15:02:37","slug":"conmemoran-en-la-uasd-dia-panamericano-de-la-estadistica","status":"publish","type":"post","link":"https:\/\/diariodominicano.com\/?p=218623","title":{"rendered":"Conmemoran en la UASD \u00abD\u00eda Panamericano de la Estad\u00edstica\u00bb"},"content":{"rendered":"<p><body><\/p>\n<p><img decoding=\"async\" src=\"img3\/50.jpg\" \/>  <\/p>\n<p><span class=\"text1noticias\"> <\/span><\/p>\n<p><span class=\"text1noticias\"> <\/span><\/p>\n<p><span class=\"text1noticias\">Santo Domingo. RD., 12 de mayo.-La Escuela de Estad\u00edsticas de la Facultad de Ciencias Econ\u00f3micas y Sociales  (FCES)  de la Universidad Aut\u00f3noma de Santo Domingo (UASD) conmemor\u00f3 este  jueves 12 de mayo,  con el dep\u00f3sito de una ofrenda floral,  el \u00abD\u00eda Panamericano de la Estad\u00edstica\u00bb.<\/span><\/p>\n<p><span class=\"text1noticias\"> <\/span><\/p>\n<p><span class=\"text1noticias\"> <\/span><\/p>\n<p><span class=\"text1noticias\">Las flores fueron colocadas en el busto del patricio Juan Pablo Duarte,  ubicado en el Aula Magna de esa academia, durante un acto encabezado por los maestros Ram\u00f3n Desangles Flores y Dionisio Hern\u00e1ndez, decano y director de la referida escuela, respectivamente. <\/span><\/p>\n<p><span class=\"text1noticias\"> <\/span><\/p>\n<p><span class=\"text1noticias\"> <\/span><\/p>\n<p><span class=\"text1noticias\">El discurso central de la actividad fue pronunciado por el maestro Hern\u00e1ndez, quien exhort\u00f3 a los profesionales de esa \u00e1rea a ejercer con \u00e9tica  y enfatiz\u00f3 la  importancia de esta disciplina, la cual se ha  expandido en todas las esferas de la vida y ha enriquecido la cultura de la llamada \u00absociedad del conocimiento de la informaci\u00f3n.\u00bb<\/span><\/p>\n<p><span class=\"text1noticias\"> <\/span><\/p>\n<p><span class=\"text1noticias\"> <\/span><\/p>\n<p><span class=\"text1noticias\">El  funcionario   y  catedr\u00e1tico record\u00f3 que  esa celebraci\u00f3n  data del a\u00f1o 1940, tras crearse  el Instituto Americano de la Estad\u00edstica, adscrito a la Organizaci\u00f3n de Estados Americanos (OEA),  cuyo objetivo  esencial fue promover cursos de capacitaci\u00f3n  mediante convenios con universidades,   para el desarrollo y fortalecimiento de la profesi\u00f3n.<\/span><\/p>\n<p><span class=\"text1noticias\"> <\/span><\/p>\n<p><span class=\"text1noticias\"> <\/span><\/p>\n<p><span class=\"text1noticias\">Asistieron  tambi\u00e9n al  evento los vicerrectores Francisco Vegazo Ram\u00edrez, de Investigaci\u00f3n y Posgrado,  y Rafael Nino F\u00e9liz, de Extensi\u00f3n;  el maestro Alexi Mart\u00ednez, vicedecano de la FCES.  y los maestros Antonio Ciriano, Rafael M\u00e9ndez, Corina Montero, Pablo Valdez y Jes\u00fas D\u00edaz, directores de las escuelas de Econom\u00eda, Administraci\u00f3n, Mercadeo, Contabilidad y Sociolog\u00eda, respectivamente.<\/span><\/p>\n<h6> 2016-05-12 15:02:37 <\/h6>\n<p><!--\n<link rel=\"stylesheet\" href=\"css\/bootstrap.min.css\">\n\n\n<ul class=\"pagination\">\n\t    \n\t\n\n<li >\n\t<a href='?page_no=13025'>Previous<\/a>\n\t<\/li>\n\n\n       \n    \n\n<li><a href='?page_no=1'>1<\/a><\/li>\n\n\n\n<li><a href='?page_no=2'>2<\/a><\/li>\n\n\n\n<li><a>...<\/a><\/li>\n\n\n\n<li><a href='?page_no=13024'>13024<\/a><\/li>\n\n\n\n<li><a href='?page_no=13025'>13025<\/a><\/li>\n\n\n\n<li class='active'><a>13026<\/a><\/li>\n\n\n\n<li><a href='?page_no=13027'>13027<\/a><\/li>\n\n\n\n<li><a href='?page_no=13028'>13028<\/a><\/li>\n\n\n\n<li><a>...<\/a><\/li>\n\n\n\n<li><a href='?page_no=56169'>56169<\/a><\/li>\n\n\n\n<li><a href='?page_no=56170'>56170<\/a><\/li>\n\n    \n\t\n\n<li >\n\t<a href='?page_no=13027'>Next<\/a>\n\t<\/li>\n\n\n    \n\n<li><a href='?page_no=56170'>Last &rsaquo;&rsaquo;<\/a><\/li>\n\n<\/ul>\n\n\n--><br \/>\n<\/body><\/p>\n","protected":false},"excerpt":{"rendered":"<p>Santo Domingo. RD., 12 de mayo.-La Escuela de Estad\u00edsticas de la Facultad de Ciencias Econ\u00f3micas y Sociales (FCES) de la Universidad Aut\u00f3noma de Santo Domingo (UASD) conmemor\u00f3 este jueves 12 de mayo, con el dep\u00f3sito de una ofrenda floral, el \u00abD\u00eda Panamericano de la Estad\u00edstica\u00bb. Las flores fueron colocadas en el busto del patricio Juan [&hellip;]<\/p>\n","protected":false},"author":3,"featured_media":0,"comment_status":"open","ping_status":"open","sticky":false,"template":"","format":"standard","meta":{"footnotes":""},"categories":[20],"tags":[],"class_list":["post-218623","post","type-post","status-publish","format-standard","hentry","category-dominicana-hoy"],"_links":{"self":[{"href":"https:\/\/diariodominicano.com\/index.php?rest_route=\/wp\/v2\/posts\/218623","targetHints":{"allow":["GET"]}}],"collection":[{"href":"https:\/\/diariodominicano.com\/index.php?rest_route=\/wp\/v2\/posts"}],"about":[{"href":"https:\/\/diariodominicano.com\/index.php?rest_route=\/wp\/v2\/types\/post"}],"author":[{"embeddable":true,"href":"https:\/\/diariodominicano.com\/index.php?rest_route=\/wp\/v2\/users\/3"}],"replies":[{"embeddable":true,"href":"https:\/\/diariodominicano.com\/index.php?rest_route=%2Fwp%2Fv2%2Fcomments&post=218623"}],"version-history":[{"count":0,"href":"https:\/\/diariodominicano.com\/index.php?rest_route=\/wp\/v2\/posts\/218623\/revisions"}],"wp:attachment":[{"href":"https:\/\/diariodominicano.com\/index.php?rest_route=%2Fwp%2Fv2%2Fmedia&parent=218623"}],"wp:term":[{"taxonomy":"category","embeddable":true,"href":"https:\/\/diariodominicano.com\/index.php?rest_route=%2Fwp%2Fv2%2Fcategories&post=218623"},{"taxonomy":"post_tag","embeddable":true,"href":"https:\/\/diariodominicano.com\/index.php?rest_route=%2Fwp%2Fv2%2Ftags&post=218623"}],"curies":[{"name":"wp","href":"https:\/\/api.w.org\/{rel}","templated":true}]}}