{"id":218618,"date":"2016-05-13T11:08:09","date_gmt":"2016-05-13T11:08:09","guid":{"rendered":"http:\/\/diariodominicano.ddns.net\/?p=218618"},"modified":"2016-05-13T11:08:09","modified_gmt":"2016-05-13T11:08:09","slug":"primera-dama-realiza-seminario-psicosocial-para-la-paz","status":"publish","type":"post","link":"https:\/\/diariodominicano.com\/?p=218618","title":{"rendered":"Primera Dama realiza Seminario Psicosocial para la Paz"},"content":{"rendered":"<p><body><\/p>\n<p><img decoding=\"async\" src=\"img3\/la foto4.JPG\" \/>  <\/p>\n<p><span class=\"text1noticias\">Santo Domingo, R. D., 13 de mayo.- El Despacho de la Primera Dama C\u00e1ndida Montilla de Medina, a trav\u00e9s del programa Comunidades Inteligentes y su componente \u00abPor una Cultura de Paz\u00bb, desarrolla el \u00abPrimer Seminario de Intervenci\u00f3n Psicosocial para la Paz\u00bb.<\/span><\/p>\n<p><span class=\"text1noticias\"> <\/span><\/p>\n<p><span class=\"text1noticias\">Alrededor de 40 profesionales, entre los que figuran psic\u00f3logos, educadores y l\u00edderes comunitarios participan en la actividad de car\u00e1cter preventivo y formativo que lleva a cabo el Despacho, con la colaboraci\u00f3n de la Fundaci\u00f3n Promadre.<\/span><\/p>\n<p><span class=\"text1noticias\"> <\/span><\/p>\n<p><span class=\"text1noticias\">Espacio para la discusi\u00f3n<\/span><\/p>\n<p><span class=\"text1noticias\">Este seminario busca abrir un espacio de discusi\u00f3n de car\u00e1cter multidisciplinario para identificar estrategias de intervenci\u00f3n psicosocial viables para la obtenci\u00f3n y el mantenimiento de la paz, explic\u00f3 Francisco Garc\u00eda Betancourt, encargado del programa Comunidades Inteligentes del Despacho de la Primera Dama.<\/span><\/p>\n<p><span class=\"text1noticias\"> <\/span><\/p>\n<p><span class=\"text1noticias\">Resalt\u00f3 que otro de los objetivos de este seminario \u00abes la preparaci\u00f3n de l\u00edderes comunitarios que puedan ser agentes multiplicadores para impulsar y mantener la paz en los distintos espacios en los que interact\u00faan\u00bb. <\/span><\/p>\n<p><span class=\"text1noticias\"> <\/span><\/p>\n<p><span class=\"text1noticias\">T\u00f3picos para alcanzar la paz <\/span><\/p>\n<p><span class=\"text1noticias\">Los psic\u00f3logos Luis Minaya, Olga V\u00e1squez, Tarquino Santana y Lourdes Flores expusieron sobre la perspectiva psicol\u00f3gica para promover la paz, partiendo de elementos vitales como la inteligencia emocional, las diferencias individuales y la personalidad.<\/span><\/p>\n<p><span class=\"text1noticias\"> <\/span><\/p>\n<p><span class=\"text1noticias\">Asimismo, enfocaron la perspectiva sociol\u00f3gica, dentro de las actitudes sociales y las organizaciones de base, y la perspectiva medioambiental, enfatizando sobre el respeto al medio ambiente.<\/span><\/p>\n<p><span class=\"text1noticias\"> <\/span><\/p>\n<p><span class=\"text1noticias\">Valores y sana convivencia<\/span><\/p>\n<p><span class=\"text1noticias\">Los facilitadores tambi\u00e9n tocaron la perspectiva educativa, importantizando la asunci\u00f3n de valores positivos y la sana convivencia, y la perspectiva antropol\u00f3gica, por medio de la cual analizaron el problema de la violencia y la ira en los seres humanos.<\/span><\/p>\n<p><span class=\"text1noticias\"> <\/span><\/p>\n<p><span class=\"text1noticias\">Durante el seminario de intervenci\u00f3n psicosocial tambi\u00e9n fue tratada la perspectiva espiritual, desde el punto de vista del respeto a los derechos humanos, como condici\u00f3n inherente a la vida.<\/span><\/p>\n<p><span class=\"text1noticias\"> <\/span><\/p>\n<p><span class=\"text1noticias\">M\u00e1s encuentros<\/span><\/p>\n<p><span class=\"text1noticias\">Este seminario de Intervenci\u00f3n Psicosocial para la Paz, es el primero de una serie de cuatro que tiene pautado realizar el  Despacho de la Primera Dama Montilla de Medina en el trimestre mayo-julio, del presente a\u00f1o 2016.<\/span><\/p>\n<p><span class=\"text1noticias\"> <\/span><\/p>\n<p><span class=\"text1noticias\">En el evento estuvieron presentes, adem\u00e1s de Francisco Garc\u00eda Betancourt, encargado del programa Comunidades Inteligentes, Gil German, encargado de \u00abPor una Cultura de Paz\u00bb, del Despacho de la Primera Dama y Victoria Naranjo, directora de la Fundaci\u00f3n<\/span> Promadre.<\/p>\n<h6> 2016-05-13 11:08:09 <\/h6>\n<p><!--\n<link rel=\"stylesheet\" href=\"css\/bootstrap.min.css\">\n\n\n<ul class=\"pagination\">\n\t    \n\t\n\n<li >\n\t<a href='?page_no=13020'>Previous<\/a>\n\t<\/li>\n\n\n       \n    \n\n<li><a href='?page_no=1'>1<\/a><\/li>\n\n\n\n<li><a href='?page_no=2'>2<\/a><\/li>\n\n\n\n<li><a>...<\/a><\/li>\n\n\n\n<li><a href='?page_no=13019'>13019<\/a><\/li>\n\n\n\n<li><a href='?page_no=13020'>13020<\/a><\/li>\n\n\n\n<li class='active'><a>13021<\/a><\/li>\n\n\n\n<li><a href='?page_no=13022'>13022<\/a><\/li>\n\n\n\n<li><a href='?page_no=13023'>13023<\/a><\/li>\n\n\n\n<li><a>...<\/a><\/li>\n\n\n\n<li><a href='?page_no=56169'>56169<\/a><\/li>\n\n\n\n<li><a href='?page_no=56170'>56170<\/a><\/li>\n\n    \n\t\n\n<li >\n\t<a href='?page_no=13022'>Next<\/a>\n\t<\/li>\n\n\n    \n\n<li><a href='?page_no=56170'>Last &rsaquo;&rsaquo;<\/a><\/li>\n\n<\/ul>\n\n\n--><br \/>\n<\/body><\/p>\n","protected":false},"excerpt":{"rendered":"<p>Santo Domingo, R. D., 13 de mayo.- El Despacho de la Primera Dama C\u00e1ndida Montilla de Medina, a trav\u00e9s del programa Comunidades Inteligentes y su componente \u00abPor una Cultura de Paz\u00bb, desarrolla el \u00abPrimer Seminario de Intervenci\u00f3n Psicosocial para la Paz\u00bb. Alrededor de 40 profesionales, entre los que figuran psic\u00f3logos, educadores y l\u00edderes comunitarios participan [&hellip;]<\/p>\n","protected":false},"author":3,"featured_media":0,"comment_status":"open","ping_status":"open","sticky":false,"template":"","format":"standard","meta":{"footnotes":""},"categories":[20],"tags":[],"class_list":["post-218618","post","type-post","status-publish","format-standard","hentry","category-dominicana-hoy"],"_links":{"self":[{"href":"https:\/\/diariodominicano.com\/index.php?rest_route=\/wp\/v2\/posts\/218618","targetHints":{"allow":["GET"]}}],"collection":[{"href":"https:\/\/diariodominicano.com\/index.php?rest_route=\/wp\/v2\/posts"}],"about":[{"href":"https:\/\/diariodominicano.com\/index.php?rest_route=\/wp\/v2\/types\/post"}],"author":[{"embeddable":true,"href":"https:\/\/diariodominicano.com\/index.php?rest_route=\/wp\/v2\/users\/3"}],"replies":[{"embeddable":true,"href":"https:\/\/diariodominicano.com\/index.php?rest_route=%2Fwp%2Fv2%2Fcomments&post=218618"}],"version-history":[{"count":0,"href":"https:\/\/diariodominicano.com\/index.php?rest_route=\/wp\/v2\/posts\/218618\/revisions"}],"wp:attachment":[{"href":"https:\/\/diariodominicano.com\/index.php?rest_route=%2Fwp%2Fv2%2Fmedia&parent=218618"}],"wp:term":[{"taxonomy":"category","embeddable":true,"href":"https:\/\/diariodominicano.com\/index.php?rest_route=%2Fwp%2Fv2%2Fcategories&post=218618"},{"taxonomy":"post_tag","embeddable":true,"href":"https:\/\/diariodominicano.com\/index.php?rest_route=%2Fwp%2Fv2%2Ftags&post=218618"}],"curies":[{"name":"wp","href":"https:\/\/api.w.org\/{rel}","templated":true}]}}