{"id":218617,"date":"2016-05-13T11:21:15","date_gmt":"2016-05-13T11:21:15","guid":{"rendered":"http:\/\/diariodominicano.ddns.net\/?p=218617"},"modified":"2016-05-13T11:21:15","modified_gmt":"2016-05-13T11:21:15","slug":"representante-ops-y-oms-destaca-trabajo-map-a-favor-hospitales","status":"publish","type":"post","link":"https:\/\/diariodominicano.com\/?p=218617","title":{"rendered":"Representante  OPS y OMS destaca trabajo  MAP a favor hospitales"},"content":{"rendered":"<p><body><\/p>\n<p><img decoding=\"async\" src=\"img3\/Map13-5.jpg\" \/>  <\/p>\n<p><span class=\"text1noticias\">Santo Domingo, R. D., 13 de mayo.- La representante de la Organizaci\u00f3n Panamericana de la Salud (OPS) y la Organizaci\u00f3n Mundial de la Salud (OMS),  doctora Alma Morales Salinas, destac\u00f3 la labor que est\u00e1 desarrollando el Ministerio de Administraci\u00f3n P\u00fablica (MAP), bajo la direcci\u00f3n del ministro Ram\u00f3n Ventura Camejo, para mejorar la gesti\u00f3n de la calidad de los servicios en los centros asistenciales p\u00fablicos, a trav\u00e9s de la aplicaci\u00f3n del modelo Marco Com\u00fan de Evaluaci\u00f3n (CAF). <\/span><\/p>\n<p><span class=\"text1noticias\"> <\/span><\/p>\n<p><span class=\"text1noticias\">La funcionaria dijo que \u00abfelicitamos al MAP, al Servicio Nacional de Salud (SNS) y Ministerio de Salud P\u00fablica,  por los esfuerzos que est\u00e1n haciendo para mejorar la gesti\u00f3n en 11 hospitales p\u00fablicos con la utilizaci\u00f3n del CAF, que es una valiosa herramienta\u00bb. <\/span><\/p>\n<p><span class=\"text1noticias\"> <\/span><\/p>\n<p><span class=\"text1noticias\">\u00abTenemos de felicitarlos, porque son ustedes los pioneros en llevar esta herramienta s\u00faper valiosa de evaluaci\u00f3n a esos 11 hospitales\u00bb, indic\u00f3 la doctora Morales Salinas. <\/span><\/p>\n<p><span class=\"text1noticias\"> <\/span><\/p>\n<p><span class=\"text1noticias\">La representante de la OPS y la OMS habl\u00f3 luego de firmar un convenio de cooperaci\u00f3n con el ministro Ventura Camejo, seg\u00fan lo informado por el periodista Lu\u00eds C\u00e9spedes Pe\u00f1a.<\/span><\/p>\n<p><span class=\"text1noticias\">  <\/span><\/p>\n<p><span class=\"text1noticias\">La doctora Morales Salinas  tambi\u00e9n habl\u00f3 de  la importancia de la habilitaci\u00f3n de Salas de Lactancia Materna en instituciones p\u00fablicas, como es el caso de la Direcci\u00f3n General de Impuestos Internos (DGII), y el Ministerio de Salud P\u00fablica. <\/span><\/p>\n<p><span class=\"text1noticias\"> <\/span><\/p>\n<p><span class=\"text1noticias\">Dijo que  en el \u00e1mbito privado, est\u00e1 el Banco BHD-Le\u00f3n. Manifest\u00f3 que eso no se ve com\u00fanmente en los pa\u00edses.<\/span><\/p>\n<\/p>\n<p><span class=\"text1noticias\">\u00abEsa es otra intervenci\u00f3n a destacar en el contexto de este pa\u00eds, que tiene una baja prevalencia de lactancia materna, por lo que creo que el hecho de que las instituciones p\u00fablicas tengan una Sala de lactancia materna, donde las mujeres tengan acceso a poder mantener la lactancia exclusiva, es un gran beneficio y un derecho garantizado para la mujer dominicana\u00bb, explic\u00f3. <\/span><\/p>\n<p><span class=\"text1noticias\"> <\/span><\/p>\n<p><span class=\"text1noticias\">El Acuerdo de cooperaci\u00f3n t\u00e9cnica firmado  entre esas instituciones,  permitir\u00e1 el desarrollo de actividades destinadas a fortalecer la gesti\u00f3n de esos 11 hospitales, los cuales fueron priorizados por el Ministerio de Salud P\u00fablica (MSP). Tambi\u00e9n para la implantaci\u00f3n del modelo CAF y las Cartas Compromiso. <\/span><\/p>\n<p><span class=\"text1noticias\"> <\/span><\/p>\n<p><span class=\"text1noticias\">El mismo acuerdo busca colaborar con el proceso de habilitaci\u00f3n de otros hospitales priorizados por el Ministerio de Salud P\u00fablica y el Servicio Nacional de Salud. <\/span><\/p>\n<p><span class=\"text1noticias\"> <\/span><\/p>\n<p><span class=\"text1noticias\">Por su parte, el ministro Ventura Camejo agradeci\u00f3 el apoyo de esas instituciones a su gesti\u00f3n para mejoramiento de la  gesti\u00f3n de la calidad de  los servicios de salud.\u00bb Este convenio se \u00abalinea dentro del plan que hemos acordado con el Servicio Nacional de Salud y con el Ministerio de Salud P\u00fablica\u00bb, indic\u00f3. <\/span><\/p>\n<p><span class=\"text1noticias\"> <\/span><\/p>\n<p><span class=\"text1noticias\">\u00abEste convenio es para mejorar la gesti\u00f3n de los centros hospitalarios y la calidad del personal\u00bb, dijo.<\/span><\/p>\n<h6> 2016-05-13 11:21:15 <\/h6>\n<p><!--\n<link rel=\"stylesheet\" href=\"css\/bootstrap.min.css\">\n\n\n<ul class=\"pagination\">\n\t    \n\t\n\n<li >\n\t<a href='?page_no=13019'>Previous<\/a>\n\t<\/li>\n\n\n       \n    \n\n<li><a href='?page_no=1'>1<\/a><\/li>\n\n\n\n<li><a href='?page_no=2'>2<\/a><\/li>\n\n\n\n<li><a>...<\/a><\/li>\n\n\n\n<li><a href='?page_no=13018'>13018<\/a><\/li>\n\n\n\n<li><a href='?page_no=13019'>13019<\/a><\/li>\n\n\n\n<li class='active'><a>13020<\/a><\/li>\n\n\n\n<li><a href='?page_no=13021'>13021<\/a><\/li>\n\n\n\n<li><a href='?page_no=13022'>13022<\/a><\/li>\n\n\n\n<li><a>...<\/a><\/li>\n\n\n\n<li><a href='?page_no=56169'>56169<\/a><\/li>\n\n\n\n<li><a href='?page_no=56170'>56170<\/a><\/li>\n\n    \n\t\n\n<li >\n\t<a href='?page_no=13021'>Next<\/a>\n\t<\/li>\n\n\n    \n\n<li><a href='?page_no=56170'>Last &rsaquo;&rsaquo;<\/a><\/li>\n\n<\/ul>\n\n\n--><br \/>\n<\/body><\/p>\n","protected":false},"excerpt":{"rendered":"<p>Santo Domingo, R. D., 13 de mayo.- La representante de la Organizaci\u00f3n Panamericana de la Salud (OPS) y la Organizaci\u00f3n Mundial de la Salud (OMS), doctora Alma Morales Salinas, destac\u00f3 la labor que est\u00e1 desarrollando el Ministerio de Administraci\u00f3n P\u00fablica (MAP), bajo la direcci\u00f3n del ministro Ram\u00f3n Ventura Camejo, para mejorar la gesti\u00f3n de la [&hellip;]<\/p>\n","protected":false},"author":3,"featured_media":0,"comment_status":"open","ping_status":"open","sticky":false,"template":"","format":"standard","meta":{"footnotes":""},"categories":[20],"tags":[],"class_list":["post-218617","post","type-post","status-publish","format-standard","hentry","category-dominicana-hoy"],"_links":{"self":[{"href":"https:\/\/diariodominicano.com\/index.php?rest_route=\/wp\/v2\/posts\/218617","targetHints":{"allow":["GET"]}}],"collection":[{"href":"https:\/\/diariodominicano.com\/index.php?rest_route=\/wp\/v2\/posts"}],"about":[{"href":"https:\/\/diariodominicano.com\/index.php?rest_route=\/wp\/v2\/types\/post"}],"author":[{"embeddable":true,"href":"https:\/\/diariodominicano.com\/index.php?rest_route=\/wp\/v2\/users\/3"}],"replies":[{"embeddable":true,"href":"https:\/\/diariodominicano.com\/index.php?rest_route=%2Fwp%2Fv2%2Fcomments&post=218617"}],"version-history":[{"count":0,"href":"https:\/\/diariodominicano.com\/index.php?rest_route=\/wp\/v2\/posts\/218617\/revisions"}],"wp:attachment":[{"href":"https:\/\/diariodominicano.com\/index.php?rest_route=%2Fwp%2Fv2%2Fmedia&parent=218617"}],"wp:term":[{"taxonomy":"category","embeddable":true,"href":"https:\/\/diariodominicano.com\/index.php?rest_route=%2Fwp%2Fv2%2Fcategories&post=218617"},{"taxonomy":"post_tag","embeddable":true,"href":"https:\/\/diariodominicano.com\/index.php?rest_route=%2Fwp%2Fv2%2Ftags&post=218617"}],"curies":[{"name":"wp","href":"https:\/\/api.w.org\/{rel}","templated":true}]}}