{"id":218614,"date":"2016-05-13T14:16:18","date_gmt":"2016-05-13T14:16:18","guid":{"rendered":"http:\/\/diariodominicano.ddns.net\/?p=218614"},"modified":"2016-05-13T14:16:18","modified_gmt":"2016-05-13T14:16:18","slug":"el-idac-firma-declaracion-de-intencion-estrategica-en-representacion-de-rd","status":"publish","type":"post","link":"https:\/\/diariodominicano.com\/?p=218614","title":{"rendered":"El  IDAC firma declaraci\u00f3n de intenci\u00f3n estrat\u00e9gica en representaci\u00f3n de RD"},"content":{"rendered":"<p><body><\/p>\n<p><img decoding=\"async\" src=\"img3\/30.jpg\" \/>  <\/p>\n<p><span class=\"text1noticias\"> <\/span><\/p>\n<p><span class=\"text1noticias\"> <\/span><\/p>\n<p><span class=\"text1noticias\">NASSAU, BAHAMAS, 13 de mayo.- La Rep\u00fablica Dominicana, representada por el Instituto Dominicano de Aviaci\u00f3n Civil (IDAC), suscribi\u00f3 una Declaraci\u00f3n de Intenci\u00f3n Estrat\u00e9gica durante su participaci\u00f3n en la VI Reuni\u00f3n de Directores de Aviaci\u00f3n Civil  de Norteam\u00e9rica, Centroam\u00e9rica y el Caribe (NACC\/DCA\/6) que se celebr\u00f3 en Nassau, Bahamas, del 10 al 12 del corriente, en la que se comprometi\u00f3, junto a los dem\u00e1s pa\u00edses  signatarios, a cooperar en la promoci\u00f3n y desarrollo de la aviaci\u00f3n en apoyo a la Estrategia de la Oficina Regional de la Organizaci\u00f3n de Aviaci\u00f3n Civil Internacional (OACI), para incrementar la implementaci\u00f3n efectiva de los M\u00e9todos y Normas Recomendados por la OACI (SARPS por sus siglas en ingl\u00e9s).<\/span><\/p>\n<p><span class=\"text1noticias\"> <\/span><\/p>\n<p><span class=\"text1noticias\"> <\/span><\/p>\n<p><span class=\"text1noticias\">En dicha Declaraci\u00f3n tambi\u00e9n se establece apoyar la implementaci\u00f3n de la Estrategia NCLB de la Oficina Regional NACC de la OACI, incorporando compromisos previamente acordados en la Declaraci\u00f3n de Puerto Espa\u00f1a.<\/span><\/p>\n<p><span class=\"text1noticias\"> <\/span><\/p>\n<p><span class=\"text1noticias\"> <\/span><\/p>\n<p><span class=\"text1noticias\">Otros puntos que contempla el acuerdo son: el intercambio de informaci\u00f3n relativa a los programas y proyectos, resultados de investigaci\u00f3n o publicaciones, la implementaci\u00f3n de an\u00e1lisis conjuntos, el desarrollo e implementaci\u00f3n de planes de acci\u00f3n conjuntos con personal responsable asignado a la finalizaci\u00f3n de todas las tareas, y la coordinaci\u00f3n de programas y proyectos de investigaci\u00f3n y desarrollo y su implementaci\u00f3n basada en el intercambio de esfuerzos.<\/span><\/p>\n<p><span class=\"text1noticias\"> <\/span><\/p>\n<p><span class=\"text1noticias\"> <\/span><\/p>\n<p><span class=\"text1noticias\">El subdirector general del IDAC, Santiago Rosa Mart\u00ednez, quien asisti\u00f3 a la VI Reuni\u00f3n de Directores en representaci\u00f3n del pa\u00eds y del director general, Alejandro Herrera,  firm\u00f3 la declaraci\u00f3n y sostuvo que los lineamientos del organismo rector de la aviaci\u00f3n civil en Rep\u00fablica Dominicana respaldan las iniciativas impulsadas por la OACI para el avance y estabilidad de la aviaci\u00f3n civil en la regi\u00f3n y el mundo.<\/span><\/p>\n<p><span class=\"text1noticias\"> <\/span><\/p>\n<p><span class=\"text1noticias\"> <\/span><\/p>\n<p><span class=\"text1noticias\">\u00abEl IDAC, con el se\u00f1or director Alejandro Herrera a la cabeza, tiene un compromiso con el pa\u00eds, que no es otro que mantener los altos niveles de seguridad operacional que hemos experimentado en todo este tiempo y ajustarnos, como pa\u00edses signatarios de la OACI, a las normas que se establezcan, lo que se est\u00e1 haciendo con la firma de esta Declaraci\u00f3n de Intenci\u00f3n Estrat\u00e9gica\u00bb,  manifest\u00f3 Rosa Mart\u00ednez.<\/span><\/p>\n<p><span class=\"text1noticias\"> <\/span><\/p>\n<p><span class=\"text1noticias\"> <\/span><\/p>\n<p><span class=\"text1noticias\">Mediante esta firma, se determin\u00f3 el desarrollo, monitoreo y gesti\u00f3n de la Estrategia de la Oficina Regional NACC de la OACI en coordinaci\u00f3n con los Estados, como una metodolog\u00eda para asistirles en la implementaci\u00f3n de las SARPS y mejorar sus niveles de implementaci\u00f3n efectiva.<\/span><\/p>\n<p><span class=\"text1noticias\"> <\/span><\/p>\n<p><span class=\"text1noticias\"> <\/span><\/p>\n<p><span class=\"text1noticias\">Tambi\u00e9n procura alentar a los Estados a tomar medidas adecuadas para avanzar en la implementaci\u00f3n de las SARPS de la OACI por fases y la finalizaci\u00f3n de planes de acci\u00f3n personalizados, promover el apoyo de los socios de seguridad operacional de la aviaci\u00f3n, incluyendo los Estados donantes, las organizaciones internacionales, la industria y las instituciones financieras, alent\u00e1ndolos a brindar asistencia a los Estados\/Territorios a mejorar la implementaci\u00f3n de las SARPS mediante el mejoramiento de la coordinaci\u00f3n, cooperaci\u00f3n y colaboraci\u00f3n regional.<\/span><\/p>\n<p><span class=\"text1noticias\"> <\/span><\/p>\n<p><span class=\"text1noticias\"> <\/span><\/p>\n<p><span class=\"text1noticias\">Se propicia un acercamiento con las entidades mediante financiamiento para el desarrollo sostenible del transporte a\u00e9reo, el acercamiento con los Estados y los socios de la aviaci\u00f3n para obtener experiencia t\u00e9cnica para asistir en la implementaci\u00f3n de las SARPS de la OACI, enfoc\u00e1ndose al mismo tiempo en las prioridades, promover la cooperaci\u00f3n entre los Estados y los socios de la aviaci\u00f3n para cooperar en la facilitaci\u00f3n de la resoluci\u00f3n de los temas relacionados con la aviaci\u00f3n y monitorear la implementaci\u00f3n de las SARPS de la OACI por parte de los Estados miembros de las Regiones NAM\/CAR.<\/span><\/p>\n<p><span class=\"text1noticias\"> <\/span><\/p>\n<\/p>\n<\/p>\n<\/p>\n<h6> 2016-05-13 14:16:18 <\/h6>\n<p><!--\n<link rel=\"stylesheet\" href=\"css\/bootstrap.min.css\">\n\n\n<ul class=\"pagination\">\n\t    \n\t\n\n<li >\n\t<a href='?page_no=13017'>Previous<\/a>\n\t<\/li>\n\n\n       \n    \n\n<li><a href='?page_no=1'>1<\/a><\/li>\n\n\n\n<li><a href='?page_no=2'>2<\/a><\/li>\n\n\n\n<li><a>...<\/a><\/li>\n\n\n\n<li><a href='?page_no=13016'>13016<\/a><\/li>\n\n\n\n<li><a href='?page_no=13017'>13017<\/a><\/li>\n\n\n\n<li class='active'><a>13018<\/a><\/li>\n\n\n\n<li><a href='?page_no=13019'>13019<\/a><\/li>\n\n\n\n<li><a href='?page_no=13020'>13020<\/a><\/li>\n\n\n\n<li><a>...<\/a><\/li>\n\n\n\n<li><a href='?page_no=56169'>56169<\/a><\/li>\n\n\n\n<li><a href='?page_no=56170'>56170<\/a><\/li>\n\n    \n\t\n\n<li >\n\t<a href='?page_no=13019'>Next<\/a>\n\t<\/li>\n\n\n    \n\n<li><a href='?page_no=56170'>Last &rsaquo;&rsaquo;<\/a><\/li>\n\n<\/ul>\n\n\n--><br \/>\n<\/body><\/p>\n","protected":false},"excerpt":{"rendered":"<p>NASSAU, BAHAMAS, 13 de mayo.- La Rep\u00fablica Dominicana, representada por el Instituto Dominicano de Aviaci\u00f3n Civil (IDAC), suscribi\u00f3 una Declaraci\u00f3n de Intenci\u00f3n Estrat\u00e9gica durante su participaci\u00f3n en la VI Reuni\u00f3n de Directores de Aviaci\u00f3n Civil de Norteam\u00e9rica, Centroam\u00e9rica y el Caribe (NACC\/DCA\/6) que se celebr\u00f3 en Nassau, Bahamas, del 10 al 12 del corriente, en [&hellip;]<\/p>\n","protected":false},"author":3,"featured_media":0,"comment_status":"open","ping_status":"open","sticky":false,"template":"","format":"standard","meta":{"footnotes":""},"categories":[20],"tags":[],"class_list":["post-218614","post","type-post","status-publish","format-standard","hentry","category-dominicana-hoy"],"_links":{"self":[{"href":"https:\/\/diariodominicano.com\/index.php?rest_route=\/wp\/v2\/posts\/218614","targetHints":{"allow":["GET"]}}],"collection":[{"href":"https:\/\/diariodominicano.com\/index.php?rest_route=\/wp\/v2\/posts"}],"about":[{"href":"https:\/\/diariodominicano.com\/index.php?rest_route=\/wp\/v2\/types\/post"}],"author":[{"embeddable":true,"href":"https:\/\/diariodominicano.com\/index.php?rest_route=\/wp\/v2\/users\/3"}],"replies":[{"embeddable":true,"href":"https:\/\/diariodominicano.com\/index.php?rest_route=%2Fwp%2Fv2%2Fcomments&post=218614"}],"version-history":[{"count":0,"href":"https:\/\/diariodominicano.com\/index.php?rest_route=\/wp\/v2\/posts\/218614\/revisions"}],"wp:attachment":[{"href":"https:\/\/diariodominicano.com\/index.php?rest_route=%2Fwp%2Fv2%2Fmedia&parent=218614"}],"wp:term":[{"taxonomy":"category","embeddable":true,"href":"https:\/\/diariodominicano.com\/index.php?rest_route=%2Fwp%2Fv2%2Fcategories&post=218614"},{"taxonomy":"post_tag","embeddable":true,"href":"https:\/\/diariodominicano.com\/index.php?rest_route=%2Fwp%2Fv2%2Ftags&post=218614"}],"curies":[{"name":"wp","href":"https:\/\/api.w.org\/{rel}","templated":true}]}}