{"id":218610,"date":"2016-05-14T15:57:24","date_gmt":"2016-05-14T15:57:24","guid":{"rendered":"http:\/\/diariodominicano.ddns.net\/?p=218610"},"modified":"2016-05-14T15:57:24","modified_gmt":"2016-05-14T15:57:24","slug":"abogados-migratorios-iran-a-new-york-a-presentar-campana-sin-fraude-si-se-puede-viajar","status":"publish","type":"post","link":"https:\/\/diariodominicano.com\/?p=218610","title":{"rendered":"&#13;&#13;Abogados migratorios ir\u00e1n a New York a presentar campa\u00f1a \u00abSin Fraude Si Se Puede Viajar\u00bb"},"content":{"rendered":"<p><body><\/p>\n<p><img decoding=\"async\" src=\"img3\/alcantara.jpg\" \/>  <\/p>\n<\/p>\n<p><span class=\"text1noticias\">Santo Domingo, RD, 14 de mayo.- La Asociaci\u00f3n Abogados Migratorios Dominicanos, Inc. (Asoamido) anuncio que del 8 al 18 de julio visitar\u00e1n la ciudad de New York para presentar su campa\u00f1a educativa \u00abSin Fraude Si Se Puede Viajar\u00bb con el objetivo de crear conciencia entre los dominicanos de legalizarse.<\/span><\/p>\n<\/p>\n<p><span class=\"text1noticias\">El presidente de la entidad William Alc\u00e1ntara explic\u00f3 que para domingo 10 de julio estar\u00e1n en el programa \u00abLEYES DEL RECUERDO\u00bb, por RUMBA FM 95.3, para la ciudad de New York, y para el mundo en la internet al trav\u00e9s de larumbafm.com, con el abogado Jorge Matos de 8 a 12 del medio dia.<\/span><\/p>\n<\/p>\n<p><span class=\"text1noticias\">Para el lunes 11 de julio los abogados migratorios llevar\u00e1n la campa\u00f1a al Consulado General de New York y esperan ser recibido por el C\u00f3nsul General, Eduardo Selman.<\/span><\/p>\n<\/p>\n<p><span class=\"text1noticias\">Para el martes 12 de julio har\u00e1n un recorrido por el Alto Manhattan donde est\u00e1n la mayor\u00eda de los dominicanos residentes en esa gran ciudad.<\/span><\/p>\n<p><span class=\"text1noticias\">La Campa\u00f1a Educativa busca demostrar sobre lo perjudicial y violatorio a las leyes que los ciudadanos recurran a las maniobras fraudulentas para conseguir visa de paseo o residencia a los diferentes pa\u00edses del mundo.<\/span><\/p>\n<\/p>\n<p><span class=\"text1noticias\">La Asociaci\u00f3n de Abogados Migratorios Dominicanos (ASOAMIDO) fue constituida en el mes de noviembre del a\u00f1o 2015 y agrupa a decenas de abogados expertos en asuntos migratorios y consulares.<\/span><\/p>\n<\/p>\n<p><span class=\"text1noticias\">La campa\u00f1a educativa se desarrolla a trav\u00e9s  de charlas, conferencias, distribuci\u00f3n de brochure, volantes, asimismo como la colocaci\u00f3n de afiches, adem\u00e1s, de mensajes radiales, por internet y las redes sociales.<\/span><\/p>\n<p><span class=\"text1noticias\">Si quiere ser parte comun\u00edcate con William Alc\u00e1ntara al whatsapp 809-697-9060<\/span><\/p>\n<h6> 2016-05-14 15:57:24 <\/h6>\n<p><!--\n<link rel=\"stylesheet\" href=\"css\/bootstrap.min.css\">\n\n\n<ul class=\"pagination\">\n\t    \n\t\n\n<li >\n\t<a href='?page_no=13013'>Previous<\/a>\n\t<\/li>\n\n\n       \n    \n\n<li><a href='?page_no=1'>1<\/a><\/li>\n\n\n\n<li><a href='?page_no=2'>2<\/a><\/li>\n\n\n\n<li><a>...<\/a><\/li>\n\n\n\n<li><a href='?page_no=13012'>13012<\/a><\/li>\n\n\n\n<li><a href='?page_no=13013'>13013<\/a><\/li>\n\n\n\n<li class='active'><a>13014<\/a><\/li>\n\n\n\n<li><a href='?page_no=13015'>13015<\/a><\/li>\n\n\n\n<li><a href='?page_no=13016'>13016<\/a><\/li>\n\n\n\n<li><a>...<\/a><\/li>\n\n\n\n<li><a href='?page_no=56169'>56169<\/a><\/li>\n\n\n\n<li><a href='?page_no=56170'>56170<\/a><\/li>\n\n    \n\t\n\n<li >\n\t<a href='?page_no=13015'>Next<\/a>\n\t<\/li>\n\n\n    \n\n<li><a href='?page_no=56170'>Last &rsaquo;&rsaquo;<\/a><\/li>\n\n<\/ul>\n\n\n--><br \/>\n<\/body><\/p>\n","protected":false},"excerpt":{"rendered":"<p>Santo Domingo, RD, 14 de mayo.- La Asociaci\u00f3n Abogados Migratorios Dominicanos, Inc. (Asoamido) anuncio que del 8 al 18 de julio visitar\u00e1n la ciudad de New York para presentar su campa\u00f1a educativa \u00abSin Fraude Si Se Puede Viajar\u00bb con el objetivo de crear conciencia entre los dominicanos de legalizarse. El presidente de la entidad William [&hellip;]<\/p>\n","protected":false},"author":3,"featured_media":0,"comment_status":"open","ping_status":"open","sticky":false,"template":"","format":"standard","meta":{"footnotes":""},"categories":[20],"tags":[],"class_list":["post-218610","post","type-post","status-publish","format-standard","hentry","category-dominicana-hoy"],"_links":{"self":[{"href":"https:\/\/diariodominicano.com\/index.php?rest_route=\/wp\/v2\/posts\/218610","targetHints":{"allow":["GET"]}}],"collection":[{"href":"https:\/\/diariodominicano.com\/index.php?rest_route=\/wp\/v2\/posts"}],"about":[{"href":"https:\/\/diariodominicano.com\/index.php?rest_route=\/wp\/v2\/types\/post"}],"author":[{"embeddable":true,"href":"https:\/\/diariodominicano.com\/index.php?rest_route=\/wp\/v2\/users\/3"}],"replies":[{"embeddable":true,"href":"https:\/\/diariodominicano.com\/index.php?rest_route=%2Fwp%2Fv2%2Fcomments&post=218610"}],"version-history":[{"count":0,"href":"https:\/\/diariodominicano.com\/index.php?rest_route=\/wp\/v2\/posts\/218610\/revisions"}],"wp:attachment":[{"href":"https:\/\/diariodominicano.com\/index.php?rest_route=%2Fwp%2Fv2%2Fmedia&parent=218610"}],"wp:term":[{"taxonomy":"category","embeddable":true,"href":"https:\/\/diariodominicano.com\/index.php?rest_route=%2Fwp%2Fv2%2Fcategories&post=218610"},{"taxonomy":"post_tag","embeddable":true,"href":"https:\/\/diariodominicano.com\/index.php?rest_route=%2Fwp%2Fv2%2Ftags&post=218610"}],"curies":[{"name":"wp","href":"https:\/\/api.w.org\/{rel}","templated":true}]}}