{"id":218604,"date":"2016-05-15T13:16:38","date_gmt":"2016-05-15T13:16:38","guid":{"rendered":"http:\/\/diariodominicano.ddns.net\/?p=218604"},"modified":"2016-05-15T13:16:38","modified_gmt":"2016-05-15T13:16:38","slug":"privados-de-libertad-ejercen-por-primera-vez-derecho-al-voto","status":"publish","type":"post","link":"https:\/\/diariodominicano.com\/?p=218604","title":{"rendered":"Privados de libertad ejercen por primera vez derecho al voto"},"content":{"rendered":"<p><body><\/p>\n<p><img decoding=\"async\" src=\"img3\/voto16-5.JPG\" \/>  <\/p>\n<p><span class=\"text1noticias\">Santo Domingo, R. D., 15 de mayo.- Cientos de privados de libertad en condici\u00f3n de preventivos participaron por primera vez en las elecciones nacionales para elegir al presidente y vicepresidente de la Rep\u00fablica en los comicios electorales celebrados este domingo en el pa\u00eds.<\/span><\/p>\n<p><span class=\"text1noticias\"> <\/span><\/p>\n<p><span class=\"text1noticias\">El primer voto de mil 516 internos que fueron seleccionados para participar en las elecciones, fue ejercido por la interna Reyna Margarita N\u00fa\u00f1ez, en la mesa electoral No. 0039, instalada en el Centro de Correcci\u00f3n y Rehabilitaci\u00f3n Najayo-Mujeres, en San Crist\u00f3bal, donde m\u00e1s de unas 47 mujeres tuvieron la oportunidad de ejercer ese derecho.<\/span><\/p>\n<p><span class=\"text1noticias\"> <\/span><\/p>\n<p><span class=\"text1noticias\">El presidente de la Junta Central Electoral (JCE), Roberto Rosario M\u00e1rquez,  dijo sentirse satisfecho, ya que es la primera vez que en Rep\u00fablica Dominicana  los privados de libertad preventivos tienen la oportunidad de ejercer el derecho al voto.<\/span><\/p>\n<p><span class=\"text1noticias\"> <\/span><\/p>\n<p><span class=\"text1noticias\">Rosario M\u00e1rquez calific\u00f3 el hecho como trascendental y sin precedentes, al tiempo que manifest\u00f3 que es una muestra de inclusi\u00f3n. Felicit\u00f3 a las autoridades por la labor que llevan cabo a trav\u00e9s  del Nuevo Modelo de Gesti\u00f3n Penitenciaria.<\/span><\/p>\n<p><span class=\"text1noticias\"> <\/span><\/p>\n<p><span class=\"text1noticias\">De su lado, el vicepresidente ejecutivo de la Fundaci\u00f3n Institucionalidad y Justicia (FINJUS), Servio Tulio Casta\u00f1os Guzm\u00e1n, manifest\u00f3  que con ello, la Procuradur\u00eda ha hecho valer un derecho que por muchos a\u00f1os los privados de libertad preventivos ten\u00edan conculcados.<\/span><\/p>\n<p><span class=\"text1noticias\"> <\/span><\/p>\n<p><span class=\"text1noticias\">Los privados de libertad sufragaron en diecisiete colegios electorales instalados en igual n\u00fameros de centros de correcci\u00f3n y rehabilitaci\u00f3n del Modelo de Gesti\u00f3n Penitenciaria que funciona a nivel nacional.<\/span><\/p>\n<p><span class=\"text1noticias\"> <\/span><\/p>\n<p><span class=\"text1noticias\">El momento del primer voto penitenciario cont\u00f3 con la presencia del presidente de la Junta Central Electoral, Roberto Rosario M\u00e1rquez; Servio Tulio Casta\u00f1os, de FINJUS; el juez de Ejecuci\u00f3n de la Pena de San Crist\u00f3bal, Willy de Jes\u00fas N\u00fa\u00f1ez; Danissa Cruz, procuradora fiscal titular de Unidad Derechos Humanos de la Procuradur\u00eda General; Ysmael Paniagua, coordinador del Modelo Penitenciario, y observadores nacionales e internacionales.<\/span><\/p>\n<p><span class=\"text1noticias\"> <\/span><\/p>\n<p><span class=\"text1noticias\">Durante la organizaci\u00f3n del voto penitenciario, llevada a cabo conjuntamente con la Junta Central Electoral, fueron seleccionados m\u00e1s de mil 800 internos que cumplieron con los requerimientos para sufragar, descendiendo dicha cantidad  a mil 516 luego que varios de ellos obtuvieran la libertad, procediendo los mismos a votar en el colegio de origen, ya que el organismo electoral no los excluy\u00f3 del padr\u00f3n de los mismos para que pudieran hacerlo tanto dentro como fuera del recinto en caso como estos en que han logrado la libertad.<\/span><\/p>\n<p><span class=\"text1noticias\"> <\/span><\/p>\n<p><span class=\"text1noticias\">La mayor cantidad de privados de libertad que fueron empadronados corresponden al  Centro de Correcci\u00f3n y Rehabilitaci\u00f3n de Rafey-Hombres, en Santiago, donde fueron inscritos un total de 285, seguido de Moca con 249 y La Vega con 218.<\/span><\/p>\n<p><span class=\"text1noticias\"> <\/span><\/p>\n<p><span class=\"text1noticias\">En Hig\u00fcey fueron registrados 190 y en La Romana 151, en tanto que 102 en Mao, Valverde, 93 en Najayo-Hombres, San Crist\u00f3bal, y 53 en el CCR Najayo-Mujeres, mientras que 45 fueron registrados en San Pedro de Macor\u00eds.<\/span><\/p>\n<p><span class=\"text1noticias\"> <\/span><\/p>\n<p><span class=\"text1noticias\">Otros 33 en San Francisco de Macor\u00eds, 21 en Ban\u00ed Mujeres, 20 en Rafey Mujeres, 19 en Dajab\u00f3n y 12 en Puerto Plata, adem\u00e1s de 11 en Monte Plata, 10 en El\u00edas Pi\u00f1a, y la menor cantidad en el nuevo centro para hombres de San Crist\u00f3bal, donde fueron empadronados 4.<\/span><\/p>\n<p><span class=\"text1noticias\"> <\/span><\/p>\n<p><span class=\"text1noticias\">Como miembros y delegados de los colegios electorales participaron, entre otros, Margarita Mena Rodr\u00edguez, Arelis Margarita Ubiera Castro, Sauri Ogando Encarnaci\u00f3n, Jos\u00e9 Miguel Lami V\u00e1squez, Jacinto Rosario, as\u00ed como Ramieri Daniela Delgadillo Santana, Scarolin Anahay Cabrera, Adderly Mercedes Vidal, Jeniffer Vidal Figueroa, Elizabeth Buten Rinc\u00f3n, Iluminada Aquino Portes, adem\u00e1s de Dolores Paniagua, Ramonita Aquino, Rosa Iris Cuello Manzebo y Jenifer Paulino Castillo.<\/span><\/p>\n<p><span class=\"text1noticias\"> <\/span><\/p>\n<p><span class=\"text1noticias\">Con la implementaci\u00f3n del voto penitenciario en los recintos dominicanos del Modelo Penitenciario, que dirige Ysmael Paniagua, se  da la oportunidad al ciudadano privado de libertad que no ha sido condenado a ejercer ese derecho y se da cumplimiento al art\u00edculo 23 de la Constituci\u00f3n de la Rep\u00fablica.<\/span><\/p>\n<p><span class=\"text1noticias\"> <\/span><\/p>\n<p><span class=\"text1noticias\">No haber recibido sentencia condenatoria y poseer la nueva c\u00e9dula de identidad y electoral estuvieron dentro de los requisitos tomados en cuenta para la selecci\u00f3n de los internos que ejercieron el derecho al voto por primera vez en los distintos recintos modelos, donde se procura  la regeneraci\u00f3n del privado de libertad a partir del respeto de sus derechos fundamentales.<\/span><\/p>\n<h6> 2016-05-15 13:16:38 <\/h6>\n<p><!--\n<link rel=\"stylesheet\" href=\"css\/bootstrap.min.css\">\n\n\n<ul class=\"pagination\">\n\t    \n\t\n\n<li >\n\t<a href='?page_no=13008'>Previous<\/a>\n\t<\/li>\n\n\n       \n    \n\n<li><a href='?page_no=1'>1<\/a><\/li>\n\n\n\n<li><a href='?page_no=2'>2<\/a><\/li>\n\n\n\n<li><a>...<\/a><\/li>\n\n\n\n<li><a href='?page_no=13007'>13007<\/a><\/li>\n\n\n\n<li><a href='?page_no=13008'>13008<\/a><\/li>\n\n\n\n<li class='active'><a>13009<\/a><\/li>\n\n\n\n<li><a href='?page_no=13010'>13010<\/a><\/li>\n\n\n\n<li><a href='?page_no=13011'>13011<\/a><\/li>\n\n\n\n<li><a>...<\/a><\/li>\n\n\n\n<li><a href='?page_no=56169'>56169<\/a><\/li>\n\n\n\n<li><a href='?page_no=56170'>56170<\/a><\/li>\n\n    \n\t\n\n<li >\n\t<a href='?page_no=13010'>Next<\/a>\n\t<\/li>\n\n\n    \n\n<li><a href='?page_no=56170'>Last &rsaquo;&rsaquo;<\/a><\/li>\n\n<\/ul>\n\n\n--><br \/>\n<\/body><\/p>\n","protected":false},"excerpt":{"rendered":"<p>Santo Domingo, R. D., 15 de mayo.- Cientos de privados de libertad en condici\u00f3n de preventivos participaron por primera vez en las elecciones nacionales para elegir al presidente y vicepresidente de la Rep\u00fablica en los comicios electorales celebrados este domingo en el pa\u00eds. El primer voto de mil 516 internos que fueron seleccionados para participar [&hellip;]<\/p>\n","protected":false},"author":3,"featured_media":0,"comment_status":"open","ping_status":"open","sticky":false,"template":"","format":"standard","meta":{"footnotes":""},"categories":[20],"tags":[],"class_list":["post-218604","post","type-post","status-publish","format-standard","hentry","category-dominicana-hoy"],"_links":{"self":[{"href":"https:\/\/diariodominicano.com\/index.php?rest_route=\/wp\/v2\/posts\/218604","targetHints":{"allow":["GET"]}}],"collection":[{"href":"https:\/\/diariodominicano.com\/index.php?rest_route=\/wp\/v2\/posts"}],"about":[{"href":"https:\/\/diariodominicano.com\/index.php?rest_route=\/wp\/v2\/types\/post"}],"author":[{"embeddable":true,"href":"https:\/\/diariodominicano.com\/index.php?rest_route=\/wp\/v2\/users\/3"}],"replies":[{"embeddable":true,"href":"https:\/\/diariodominicano.com\/index.php?rest_route=%2Fwp%2Fv2%2Fcomments&post=218604"}],"version-history":[{"count":0,"href":"https:\/\/diariodominicano.com\/index.php?rest_route=\/wp\/v2\/posts\/218604\/revisions"}],"wp:attachment":[{"href":"https:\/\/diariodominicano.com\/index.php?rest_route=%2Fwp%2Fv2%2Fmedia&parent=218604"}],"wp:term":[{"taxonomy":"category","embeddable":true,"href":"https:\/\/diariodominicano.com\/index.php?rest_route=%2Fwp%2Fv2%2Fcategories&post=218604"},{"taxonomy":"post_tag","embeddable":true,"href":"https:\/\/diariodominicano.com\/index.php?rest_route=%2Fwp%2Fv2%2Ftags&post=218604"}],"curies":[{"name":"wp","href":"https:\/\/api.w.org\/{rel}","templated":true}]}}