{"id":218601,"date":"2016-05-15T18:11:45","date_gmt":"2016-05-15T18:11:45","guid":{"rendered":"http:\/\/diariodominicano.ddns.net\/?p=218601"},"modified":"2016-05-15T18:11:45","modified_gmt":"2016-05-15T18:11:45","slug":"jce-extiende-hasta-las-siete-de-la-noche-horario-de-votacion","status":"publish","type":"post","link":"https:\/\/diariodominicano.com\/?p=218601","title":{"rendered":"JCE extiende hasta las siete de la noche horario de votaci\u00f3n"},"content":{"rendered":"<p><body><\/p>\n<p><img decoding=\"async\" src=\"img3\/rosario.jpeg\" \/>  <\/p>\n<p><span class=\"text1noticias\">Santo Domingo, R. D., 15 de mayo.- El presidente de la Junta Central Electoral (JCE), Roberto Rosario Marquez extendi\u00f3 hasta las siete de la noche el horario de votaciones.<\/span><\/p>\n<p><span class=\"text1noticias\"> <\/span><\/p>\n<p><span class=\"text1noticias\">La medida fue adoptada porque en algunos centros de votaciones el proceso inici\u00f3 con m\u00e1s de una hora de retraso.<\/span><\/p>\n<p><span class=\"text1noticias\"> <\/span><\/p>\n<p><span class=\"text1noticias\">Esto significa que el bolet\u00edn cero ser\u00e1 emitido a las siete de la noche. Sin embargo, Rosario Marquez mostr\u00f3 que todas las pantallas que corresponden a las provincias estan en cero.<\/span><\/p>\n<p><span class=\"text1noticias\"> <\/span><\/p>\n<p><span class=\"text1noticias\">Adem\u00e1s, inform\u00f3 que desde las seis de la tarde la polic\u00eda militar comenz\u00f3 a resguardar los recintos electoral<\/span>es.  <\/p>\n<\/p>\n<p>En los colegios que concluyeron las votaciones pueden proceder a realizar el escrutinio.<\/p>\n<h6> 2016-05-15 18:11:45 <\/h6>\n<p><!--\n<link rel=\"stylesheet\" href=\"css\/bootstrap.min.css\">\n\n\n<ul class=\"pagination\">\n\t    \n\t\n\n<li >\n\t<a href='?page_no=13005'>Previous<\/a>\n\t<\/li>\n\n\n       \n    \n\n<li><a href='?page_no=1'>1<\/a><\/li>\n\n\n\n<li><a href='?page_no=2'>2<\/a><\/li>\n\n\n\n<li><a>...<\/a><\/li>\n\n\n\n<li><a href='?page_no=13004'>13004<\/a><\/li>\n\n\n\n<li><a href='?page_no=13005'>13005<\/a><\/li>\n\n\n\n<li class='active'><a>13006<\/a><\/li>\n\n\n\n<li><a href='?page_no=13007'>13007<\/a><\/li>\n\n\n\n<li><a href='?page_no=13008'>13008<\/a><\/li>\n\n\n\n<li><a>...<\/a><\/li>\n\n\n\n<li><a href='?page_no=56169'>56169<\/a><\/li>\n\n\n\n<li><a href='?page_no=56170'>56170<\/a><\/li>\n\n    \n\t\n\n<li >\n\t<a href='?page_no=13007'>Next<\/a>\n\t<\/li>\n\n\n    \n\n<li><a href='?page_no=56170'>Last &rsaquo;&rsaquo;<\/a><\/li>\n\n<\/ul>\n\n\n--><br \/>\n<\/body><\/p>\n","protected":false},"excerpt":{"rendered":"<p>Santo Domingo, R. D., 15 de mayo.- El presidente de la Junta Central Electoral (JCE), Roberto Rosario Marquez extendi\u00f3 hasta las siete de la noche el horario de votaciones. La medida fue adoptada porque en algunos centros de votaciones el proceso inici\u00f3 con m\u00e1s de una hora de retraso. Esto significa que el bolet\u00edn cero [&hellip;]<\/p>\n","protected":false},"author":3,"featured_media":0,"comment_status":"open","ping_status":"open","sticky":false,"template":"","format":"standard","meta":{"footnotes":""},"categories":[20],"tags":[],"class_list":["post-218601","post","type-post","status-publish","format-standard","hentry","category-dominicana-hoy"],"_links":{"self":[{"href":"https:\/\/diariodominicano.com\/index.php?rest_route=\/wp\/v2\/posts\/218601","targetHints":{"allow":["GET"]}}],"collection":[{"href":"https:\/\/diariodominicano.com\/index.php?rest_route=\/wp\/v2\/posts"}],"about":[{"href":"https:\/\/diariodominicano.com\/index.php?rest_route=\/wp\/v2\/types\/post"}],"author":[{"embeddable":true,"href":"https:\/\/diariodominicano.com\/index.php?rest_route=\/wp\/v2\/users\/3"}],"replies":[{"embeddable":true,"href":"https:\/\/diariodominicano.com\/index.php?rest_route=%2Fwp%2Fv2%2Fcomments&post=218601"}],"version-history":[{"count":0,"href":"https:\/\/diariodominicano.com\/index.php?rest_route=\/wp\/v2\/posts\/218601\/revisions"}],"wp:attachment":[{"href":"https:\/\/diariodominicano.com\/index.php?rest_route=%2Fwp%2Fv2%2Fmedia&parent=218601"}],"wp:term":[{"taxonomy":"category","embeddable":true,"href":"https:\/\/diariodominicano.com\/index.php?rest_route=%2Fwp%2Fv2%2Fcategories&post=218601"},{"taxonomy":"post_tag","embeddable":true,"href":"https:\/\/diariodominicano.com\/index.php?rest_route=%2Fwp%2Fv2%2Ftags&post=218601"}],"curies":[{"name":"wp","href":"https:\/\/api.w.org\/{rel}","templated":true}]}}