{"id":218592,"date":"2020-11-28T09:21:46","date_gmt":"2020-11-28T09:21:46","guid":{"rendered":"http:\/\/diariodominicano.ddns.net\/?p=218592"},"modified":"2020-11-28T09:21:46","modified_gmt":"2020-11-28T09:21:46","slug":"presidente-abinader-promete-aumento-anual-en-presupuesto-para-ayuntamientos-y-juntas-de-distritos-municipales","status":"publish","type":"post","link":"https:\/\/diariodominicano.com\/?p=218592","title":{"rendered":"Presidente Abinader promete aumento anual en presupuesto para ayuntamientos y juntas de distritos municipales"},"content":{"rendered":"<p><body><\/p>\n<p><img decoding=\"async\" src=\"img3\/pteFedomu28-11-20.jpeg\" \/>  <\/p>\n<p><span class=\"text1noticias\"> <\/span><\/p>\n<p><span class=\"text1noticias\"> <\/span><\/p>\n<p><span class=\"text1noticias\">diariodominicano.com<\/span><\/p>\n<p><span class=\"text1noticias\"> <\/span><\/p>\n<p><span class=\"text1noticias\">Punta Cana, provincia La Altagracia, R. D., 28 de noviembre, 2020.- El presidente Luis Abinader anunci\u00f3 este viernes un aumento anual en las partidas presupuestarias de los ayuntamientos y juntas de distritos municipales, que deber\u00e1 hasta llegar al 6% al finalizar el gobierno en el 2024.<\/span><\/p>\n<p><span class=\"text1noticias\"> <\/span><\/p>\n<p><span class=\"text1noticias\">Al participar en la Asamblea General de la Federaci\u00f3n Dominicana de Municipios (FEDOMU), el mandatario inform\u00f3 de la firma de un acuerdo con la municipalidad para tales fines.<\/span><\/p>\n<p><span class=\"text1noticias\"> <\/span><\/p>\n<p><span class=\"text1noticias\">Precis\u00f3 que el pr\u00f3ximo a\u00f1o los ayuntamientos recibir\u00e1n el 3% del presupuesto nacional y que en los tres siguientes se continuar\u00e1 con un aumento de un 1%, hasta llegar al 6% en 2024.<\/span><\/p>\n<p><span class=\"text1noticias\"> <\/span><\/p>\n<p><span class=\"text1noticias\">Abinader dese\u00f3 al nuevo presidente de la Federaci\u00f3n Dominicana de Municipios (FEDOMU), Kelvin Cruz, alcalde La Vega, \u00e9xito en su gesti\u00f3n en favor de los dominicanos.<\/span><\/p>\n<p><span class=\"text1noticias\"> <\/span><\/p>\n<p><span class=\"text1noticias\">\u00abLleg\u00f3 el momento de que los ayuntamientos reciban m\u00e1s recursos, no para que gasten m\u00e1s, sino para que inviertan mejor\u00bb, enfatiz\u00f3.<\/span><\/p>\n<p><span class=\"text1noticias\"> <\/span><\/p>\n<p><span class=\"text1noticias\">Manifest\u00f3 que van a establecer un verdadero Gobierno con todos los ayuntamientos de la Rep\u00fablica Dominicana.<\/span><\/p>\n<p><span class=\"text1noticias\"> <\/span><\/p>\n<p><span class=\"text1noticias\">\u00abVamos a trabajar por el fortalecimiento institucional de los gobiernos locales, el mejoramiento de la calidad de los servicios, la democratizaci\u00f3n de la gesti\u00f3n municipal y que tengan una mejor financiaci\u00f3n\u00bb, puntualiz\u00f3 el gobernante.<\/span><\/p>\n<p><span class=\"text1noticias\"> <\/span><\/p>\n<p><span class=\"text1noticias\">Adelant\u00f3 que, desde enero de 2021, la Liga Municipal Dominicana, la Contralor\u00eda General de la Rep\u00fablica y la Direcci\u00f3n General de \u00c9tica e Integridad Gubernamental pondr\u00e1n en marcha un proceso formativo.<\/span><\/p>\n<p><span class=\"text1noticias\"> <\/span><\/p>\n<p><span class=\"text1noticias\">Explic\u00f3 que la idea es la generaci\u00f3n de capacidades y de dar un riguroso seguimiento para mejorar el control interno en los gobiernos locales del pa\u00eds.<\/span><\/p>\n<p><span class=\"text1noticias\"> <\/span><\/p>\n<p><span class=\"text1noticias\">Indic\u00f3 que respaldar\u00e1 las asociaciones municipales para que cumplan su misi\u00f3n de apoyar y acompa\u00f1ar a los ayuntamientos y juntas de distrito municipales a liderar los procesos de desarrollo econ\u00f3mico y social de los territorios y sus comunidades.<\/span><\/p>\n<p><span class=\"text1noticias\"> <\/span><\/p>\n<p><span class=\"text1noticias\">Vertebrar el territorio<\/span><\/p>\n<p><span class=\"text1noticias\"> <\/span><\/p>\n<p><span class=\"text1noticias\">\u00abEs el momento de vertebrar el territorio de la Rep\u00fablica Dominicana. Es el momento del desarrollo local y de que este se convierta en una prioridad de las pol\u00edticas p\u00fablicas del futuro\u00bb, expuso.<\/span><\/p>\n<p><span class=\"text1noticias\"> <\/span><\/p>\n<p><span class=\"text1noticias\">El presidente dijo que durante muchos a\u00f1os el Estado dominicano ha permanecido invisible para los municipios, con intervenciones pol\u00edticas desordenadas y al margen de las necesidades de la gente que los habita.<\/span><\/p>\n<p><span class=\"text1noticias\"> <\/span><\/p>\n<p><span class=\"text1noticias\">\u00abHemos sufrido la falta de coordinaci\u00f3n entre el gobierno central y los gobiernos locales en la definici\u00f3n, decisi\u00f3n y aplicaci\u00f3n de las pol\u00edticas p\u00fablicas\u00bb, afirm\u00f3<\/span><\/p>\n<p><span class=\"text1noticias\"> <\/span><\/p>\n<p><span class=\"text1noticias\">Agreg\u00f3 que todo eso se tradujo en duplicaci\u00f3n de esfuerzos y recursos, solapamiento de actividades, irracionalidad de las inversiones y bajo nivel de eficacia y de eficiencia.<\/span><\/p>\n<p><span class=\"text1noticias\"> <\/span><\/p>\n<p><span class=\"text1noticias\">Garantiz\u00f3 a los alcaldes y alcaldesas presentes que, frente a este negativo panorama, van a extender el gobierno del cambio hasta la municipalidad, para contribuir a definir con claridad y precisi\u00f3n las competencias y roles que corresponden al Gobierno central y a los gobiernos locales.<\/span><\/p>\n<p><span class=\"text1noticias\"> <\/span><\/p>\n<p><span class=\"text1noticias\">Abinader precis\u00f3 que la definici\u00f3n, planificaci\u00f3n y ejecuci\u00f3n de las pol\u00edticas p\u00fablicas y las pol\u00edticas sociales en los territorios, se deben realizar como parte de un \u00fanico prop\u00f3sito y una \u00fanica meta.<\/span><\/p>\n<p><span class=\"text1noticias\"> <\/span><\/p>\n<p><span class=\"text1noticias\">Nueva legislaci\u00f3n municipal<\/span><\/p>\n<p><span class=\"text1noticias\"> <\/span><\/p>\n<p><span class=\"text1noticias\">El presidente solicit\u00f3 a la Liga Municipal Dominicana, que junto a FEDOMU, presenten en los pr\u00f3ximos meses una propuesta de modificaci\u00f3n de la legislaci\u00f3n municipal, la que contemple las aspiraciones de la municipalidad y de la ciudadan\u00eda.<\/span><\/p>\n<p><span class=\"text1noticias\"> <\/span><\/p>\n<p><span class=\"text1noticias\">Expuso que el objetivo es poder enviar al Congreso, a m\u00e1s tardar el 24 de abril del pr\u00f3ximo a\u00f1o, D\u00eda Nacional de los Ayuntamientos, la iniciativa de ley org\u00e1nica de la administraci\u00f3n local, conforme establece la constituci\u00f3n.<\/span><\/p>\n<p><span class=\"text1noticias\"> <\/span><\/p>\n<p><span class=\"text1noticias\">Abinader consider\u00f3 que, en la Rep\u00fablica Dominicana, las pol\u00edticas de desarrollo se han pensado con una visi\u00f3n muy corta y de exclusiva competencia del Gobierno central. Signific\u00f3 que en esas condiciones los gobiernos locales son d\u00e9biles, tanto en su capacidad de legislar y hacer cumplir las normas, como en el manejo de los recursos.<\/span><\/p>\n<p><span class=\"text1noticias\"> <\/span><\/p>\n<p><span class=\"text1noticias\">El mandatario pronunci\u00f3 el discurso de clausura de la Asamblea General de FEDOMU, donde la entidad eligi\u00f3 como presidente al alcalde de La Vega, Kelvin Cruz y a V\u00edctor D?Aza como secretario general de la Liga Municipal Dominicana.<\/span><\/p>\n<p><span class=\"text1noticias\"> <\/span><\/p>\n<p><span class=\"text1noticias\">En la mesa principal de la actividad acompa\u00f1aron al presidente, Raquel Pe\u00f1a, vicepresidenta de la Rep\u00fablica; Eduardo Estrella, presidente del Senado y Alfredo Pacheco, presidente de la C\u00e1mara de Diputados.<\/span><\/p>\n<p><span class=\"text1noticias\"> <\/span><\/p>\n<p><span class=\"text1noticias\">Tambi\u00e9n Jes\u00fas V\u00e1squez Mart\u00ednez, ministro de Interior y Polic\u00eda; Miguel Ceara Hatton, ministro de Econom\u00eda, Planificaci\u00f3n y Desarrollo; Dar\u00edo Castillo, ministro de Administraci\u00f3n P\u00fablica; Deligne Ascenci\u00f3n, ministro de Obras P\u00fablicas y Comunicaci\u00f3n; Plutarco Arias, ministro de Salud P\u00fablica; Jos\u00e9 Leonel -Neney &#8211; Cabrera, ministro de Proyectos Estrat\u00e9gicos y Programas Especiales de la Presidencia y Carolina Mej\u00eda, alcaldesa del Distrito Nacional.<\/span><\/p>\n<p><span class=\"text1noticias\"> <\/span><\/p>\n<p><span class=\"text1noticias\">Adem\u00e1s, Johnny Jones, secretario general saliente de la Liga Municipal Dominicana; \u00c1ngel Mercedes, director ejecutivo de la Federaci\u00f3n Dominicana de Municipios (Fedomu) y Anyolino Germos\u00e9<\/span>n, ex presidente de FEDOMU.<\/p>\n<\/p>\n<p>Fuente: Presidencia de la Rep\u00fablica Dominicana<\/p>\n<p>Noticias<\/p>\n<h6> 2020-11-28 09:21:46 <\/h6>\n<p><!--\n<link rel=\"stylesheet\" href=\"css\/bootstrap.min.css\">\n\n\n<ul class=\"pagination\">\n\t    \n\t\n\n<li >\n\t<a href='?page_no=12'>Previous<\/a>\n\t<\/li>\n\n\n       \n    \n\n<li><a href='?page_no=1'>1<\/a><\/li>\n\n\n\n<li><a href='?page_no=2'>2<\/a><\/li>\n\n\n\n<li><a>...<\/a><\/li>\n\n\n\n<li><a href='?page_no=11'>11<\/a><\/li>\n\n\n\n<li><a href='?page_no=12'>12<\/a><\/li>\n\n\n\n<li class='active'><a>13<\/a><\/li>\n\n\n\n<li><a href='?page_no=14'>14<\/a><\/li>\n\n\n\n<li><a href='?page_no=15'>15<\/a><\/li>\n\n\n\n<li><a>...<\/a><\/li>\n\n\n\n<li><a href='?page_no=56169'>56169<\/a><\/li>\n\n\n\n<li><a href='?page_no=56170'>56170<\/a><\/li>\n\n    \n\t\n\n<li >\n\t<a href='?page_no=14'>Next<\/a>\n\t<\/li>\n\n\n    \n\n<li><a href='?page_no=56170'>Last &rsaquo;&rsaquo;<\/a><\/li>\n\n<\/ul>\n\n\n--><br \/>\n<\/body><\/p>\n","protected":false},"excerpt":{"rendered":"<p>diariodominicano.com Punta Cana, provincia La Altagracia, R. D., 28 de noviembre, 2020.- El presidente Luis Abinader anunci\u00f3 este viernes un aumento anual en las partidas presupuestarias de los ayuntamientos y juntas de distritos municipales, que deber\u00e1 hasta llegar al 6% al finalizar el gobierno en el 2024. Al participar en la Asamblea General de la [&hellip;]<\/p>\n","protected":false},"author":3,"featured_media":0,"comment_status":"open","ping_status":"open","sticky":false,"template":"","format":"standard","meta":{"footnotes":""},"categories":[20],"tags":[],"class_list":["post-218592","post","type-post","status-publish","format-standard","hentry","category-dominicana-hoy"],"_links":{"self":[{"href":"https:\/\/diariodominicano.com\/index.php?rest_route=\/wp\/v2\/posts\/218592","targetHints":{"allow":["GET"]}}],"collection":[{"href":"https:\/\/diariodominicano.com\/index.php?rest_route=\/wp\/v2\/posts"}],"about":[{"href":"https:\/\/diariodominicano.com\/index.php?rest_route=\/wp\/v2\/types\/post"}],"author":[{"embeddable":true,"href":"https:\/\/diariodominicano.com\/index.php?rest_route=\/wp\/v2\/users\/3"}],"replies":[{"embeddable":true,"href":"https:\/\/diariodominicano.com\/index.php?rest_route=%2Fwp%2Fv2%2Fcomments&post=218592"}],"version-history":[{"count":0,"href":"https:\/\/diariodominicano.com\/index.php?rest_route=\/wp\/v2\/posts\/218592\/revisions"}],"wp:attachment":[{"href":"https:\/\/diariodominicano.com\/index.php?rest_route=%2Fwp%2Fv2%2Fmedia&parent=218592"}],"wp:term":[{"taxonomy":"category","embeddable":true,"href":"https:\/\/diariodominicano.com\/index.php?rest_route=%2Fwp%2Fv2%2Fcategories&post=218592"},{"taxonomy":"post_tag","embeddable":true,"href":"https:\/\/diariodominicano.com\/index.php?rest_route=%2Fwp%2Fv2%2Ftags&post=218592"}],"curies":[{"name":"wp","href":"https:\/\/api.w.org\/{rel}","templated":true}]}}