{"id":218589,"date":"2016-05-16T16:19:44","date_gmt":"2016-05-16T16:19:44","guid":{"rendered":"http:\/\/diariodominicano.ddns.net\/?p=218589"},"modified":"2016-05-16T16:19:44","modified_gmt":"2016-05-16T16:19:44","slug":"fundacion-guanin-fuerza-aerea-rd-y-la-universidad-allen-realizan-operativos-medicos-en-pimentel-y-la-piedra","status":"publish","type":"post","link":"https:\/\/diariodominicano.com\/?p=218589","title":{"rendered":"Fundaci\u00f3n Guan\u00edn, Fuerza A\u00e9rea RD y la Universidad Allen realizan operativos m\u00e9dicos en Pimentel y La Piedra"},"content":{"rendered":"<p><body><\/p>\n<p><img decoding=\"async\" src=\"img3\/73.JPG\" \/>  <\/p>\n<p><span class=\"text1noticias\"> <\/span><\/p>\n<p><span class=\"text1noticias\"> <\/span><\/p>\n<p><span class=\"text1noticias\">Santo Domingo. RD., 16 de mayo.-La Fundaci\u00f3n Centro Cultural Guan\u00edn realiz\u00f3 dos operativos m\u00e9dicos m\u00faltiples en las localidades del municipio de Pimentel y en la comunidad de La Piedra, de la sociedad de Guerra, provincia Santo Domingo Este, actividad de responsabilidad social que tuvo el apoyo de la Universidad Allen de los Estados Unidos y las instituciones castrense, en especial la Fuerza A\u00e9rea RD, beneficiando a 2,214 personas.<\/span><\/p>\n<p><span class=\"text1noticias\"> <\/span><\/p>\n<p><span class=\"text1noticias\"> <\/span><\/p>\n<p><span class=\"text1noticias\">Los medicamentos entregados tuvieron un costo de US$4,500 d\u00f3lares, donados por la Universidad de Allen y del doctor Enriquillo Mato, viendo los casos de dolores musculares, presi\u00f3n arterial alta, s\u00edntoma de fiebre, dolores de cabeza, gripe y para los ni\u00f1os gripes, anemia, salpullidos en la piel y hongos en la cabeza.<\/span><\/p>\n<p><span class=\"text1noticias\"> <\/span><\/p>\n<p><span class=\"text1noticias\"> <\/span><\/p>\n<p><span class=\"text1noticias\">El pasado s\u00e1bado 7 de mayo, fue en el poblado de Pimentel, consultando 350 pacientes, entre ni\u00f1os, adolescentes y adultos.<\/span><\/p>\n<p><span class=\"text1noticias\">Siguiendo los d\u00edas 10, 11 y 12 de mayo, fueron operativos conjuntos con los m\u00e9dicos de EE.UU, los colegas de la FARD y de la Regional Cero, del ministerio de Salud P\u00fablica.<\/span><\/p>\n<p><span class=\"text1noticias\"> <\/span><\/p>\n<p><span class=\"text1noticias\"> <\/span><\/p>\n<p><span class=\"text1noticias\">Participaron residentes de la Piedra, Mirador A\u00e9reo, Pared\u00f3n, Valiente Adentro y Campo Lindo de los Municipios de San Antonio de Guerra y la Caleta  donde consultaron a 300 viviendas, 1,200 pacientes entre ni\u00f1os y adultos, de ese grupo, 18 adolescentes embarazada de 12 a 17 a\u00f1os de edad. Las enfermedades m\u00e1s com\u00fan del \u00e1rea, la desnutrici\u00f3n, infecci\u00f3n de la piel, diarrea, hongos en la cabeza, gripes, enfermedades febriles, parasitosis, candidiasis (quemaito), en los adultos, hipertensi\u00f3n, diabetes,  problema cardiaco,  infecciones de transmisi\u00f3n sexual y otras.<\/span><\/p>\n<p><span class=\"text1noticias\"> <\/span><\/p>\n<p><span class=\"text1noticias\"> <\/span><\/p>\n<p><span class=\"text1noticias\">El Operativo m\u00e9dico en el municipio  de Pimentel donde consultaron 350 pacientes entre ni\u00f1os, adolescentes y adultos, donaciones de medicamentos y la a la vez fueron referidos varios pacientes al Hospital Regional Dr. Felipe J. Achecar, su Directora Dra. Nely Garc\u00eda.<\/span><\/p>\n<p><span class=\"text1noticias\"> <\/span><\/p>\n<p><span class=\"text1noticias\"> <\/span><\/p>\n<p><span class=\"text1noticias\">Estuvieron por los m\u00e9dicos y estudiantes de medicina de USA, de la Universidad Allen, Kaitlin Veldhuizun, Sandy G.R; Kaitlin Collins, Sabrina Schmit, Haley Raymond, Brenna Newbold, Chris Ries, Hannah Hoclgin, Heather Praska, Katrinci Sindt, Leti Palozzi, Jackie Meyer, Gale Carlson y Lane Pralle.<\/span><\/p>\n<p><span class=\"text1noticias\"> <\/span><\/p>\n<p><span class=\"text1noticias\"> <\/span><\/p>\n<p><span class=\"text1noticias\">Contando con la coordinaci\u00f3n general del licenciado El\u00edas Severino Hern\u00e1ndez, director general de la Fundaci\u00f3n Centro Cultural Guan\u00edn, Inc.<\/span><\/p>\n<p><span class=\"text1noticias\">El Centro Cultural Tur\u00edstico Guan\u00edn. Inc, entidad sin fines de lucro, debidamente incorporada mediante Decreto No. 384-02, de fecha 15 de Mayo del 2002, adecuada conforme a la Ley 122-05, Resoluci\u00f3n IONG 024-2015, y registrado en los Estados Unidos de Am\u00e9rica con el IRS secci\u00f3n 501 (c) (3) FID No. (27-2211708). Por los \u00faltimos Quince a\u00f1os hemos venido desarrollando sin n\u00famero de proyectos, programas y actividades educativas, culturales, sociales, ecol\u00f3gicas, desarrollo comunitario, agr\u00edcolas, entre otras., ha venido implementando desde su fundaci\u00f3n iniciativas y proyectos en favor de miles de familias despose\u00eddas que residen en algunos de los sectores de mayor pobreza y que han sido olvidadas por todos los gobiernos que han pasado por este pa\u00eds. Esta instituci\u00f3n cuyo prop\u00f3sito principal es ayudar al desarrollo general de la Naci\u00f3n, est\u00e1 conformada por decenas de profesionales de bien, los cuales poseen bastante experiencia especialmente en trabajos sociales y comunitarios, lo que le ha permitido el desarrollo de muchas de las comunidades donde se han iniciado los diferentes proyectos que se han llevado a cabo. Entre los trabajos que se han desarrollado con \u00e9xito rotundo, podemos citar los de salud, alimentaci\u00f3n, cultura, ecol\u00f3gicos, agr\u00edcolas, sociales, deportivos, entre otros, los cuales han sido muy bien acogidos por los habitantes de los sectores donde se han implementado, ya que tienen la intenci\u00f3n de ayudar principalmente a los ni\u00f1os, quienes son la principal preocupaci\u00f3n de esta instituci\u00f3n porque representan el futuro de nuestra naci\u00f3n.<\/span><\/p>\n<\/p>\n<\/p>\n<h6> 2016-05-16 16:19:44 <\/h6>\n<p><!--\n<link rel=\"stylesheet\" href=\"css\/bootstrap.min.css\">\n\n\n<ul class=\"pagination\">\n\t    \n\t\n\n<li >\n\t<a href='?page_no=12996'>Previous<\/a>\n\t<\/li>\n\n\n       \n    \n\n<li><a href='?page_no=1'>1<\/a><\/li>\n\n\n\n<li><a href='?page_no=2'>2<\/a><\/li>\n\n\n\n<li><a>...<\/a><\/li>\n\n\n\n<li><a href='?page_no=12995'>12995<\/a><\/li>\n\n\n\n<li><a href='?page_no=12996'>12996<\/a><\/li>\n\n\n\n<li class='active'><a>12997<\/a><\/li>\n\n\n\n<li><a href='?page_no=12998'>12998<\/a><\/li>\n\n\n\n<li><a href='?page_no=12999'>12999<\/a><\/li>\n\n\n\n<li><a>...<\/a><\/li>\n\n\n\n<li><a href='?page_no=56169'>56169<\/a><\/li>\n\n\n\n<li><a href='?page_no=56170'>56170<\/a><\/li>\n\n    \n\t\n\n<li >\n\t<a href='?page_no=12998'>Next<\/a>\n\t<\/li>\n\n\n    \n\n<li><a href='?page_no=56170'>Last &rsaquo;&rsaquo;<\/a><\/li>\n\n<\/ul>\n\n\n--><br \/>\n<\/body><\/p>\n","protected":false},"excerpt":{"rendered":"<p>Santo Domingo. RD., 16 de mayo.-La Fundaci\u00f3n Centro Cultural Guan\u00edn realiz\u00f3 dos operativos m\u00e9dicos m\u00faltiples en las localidades del municipio de Pimentel y en la comunidad de La Piedra, de la sociedad de Guerra, provincia Santo Domingo Este, actividad de responsabilidad social que tuvo el apoyo de la Universidad Allen de los Estados Unidos y [&hellip;]<\/p>\n","protected":false},"author":3,"featured_media":0,"comment_status":"open","ping_status":"open","sticky":false,"template":"","format":"standard","meta":{"footnotes":""},"categories":[20],"tags":[],"class_list":["post-218589","post","type-post","status-publish","format-standard","hentry","category-dominicana-hoy"],"_links":{"self":[{"href":"https:\/\/diariodominicano.com\/index.php?rest_route=\/wp\/v2\/posts\/218589","targetHints":{"allow":["GET"]}}],"collection":[{"href":"https:\/\/diariodominicano.com\/index.php?rest_route=\/wp\/v2\/posts"}],"about":[{"href":"https:\/\/diariodominicano.com\/index.php?rest_route=\/wp\/v2\/types\/post"}],"author":[{"embeddable":true,"href":"https:\/\/diariodominicano.com\/index.php?rest_route=\/wp\/v2\/users\/3"}],"replies":[{"embeddable":true,"href":"https:\/\/diariodominicano.com\/index.php?rest_route=%2Fwp%2Fv2%2Fcomments&post=218589"}],"version-history":[{"count":0,"href":"https:\/\/diariodominicano.com\/index.php?rest_route=\/wp\/v2\/posts\/218589\/revisions"}],"wp:attachment":[{"href":"https:\/\/diariodominicano.com\/index.php?rest_route=%2Fwp%2Fv2%2Fmedia&parent=218589"}],"wp:term":[{"taxonomy":"category","embeddable":true,"href":"https:\/\/diariodominicano.com\/index.php?rest_route=%2Fwp%2Fv2%2Fcategories&post=218589"},{"taxonomy":"post_tag","embeddable":true,"href":"https:\/\/diariodominicano.com\/index.php?rest_route=%2Fwp%2Fv2%2Ftags&post=218589"}],"curies":[{"name":"wp","href":"https:\/\/api.w.org\/{rel}","templated":true}]}}