{"id":218587,"date":"2016-05-16T17:23:09","date_gmt":"2016-05-16T17:23:09","guid":{"rendered":"http:\/\/diariodominicano.ddns.net\/?p=218587"},"modified":"2016-05-16T17:23:09","modified_gmt":"2016-05-16T17:23:09","slug":"medina-virtual-presidente-reelecto-de-republica-dominicana-con-abrumador-triunfo","status":"publish","type":"post","link":"https:\/\/diariodominicano.com\/?p=218587","title":{"rendered":"Medina, virtual presidente reelecto de Rep\u00fablica Dominicana con abrumador triunfo"},"content":{"rendered":"<p><body><\/p>\n<p><img decoding=\"async\" src=\"img3\/794ffadba2bcc0ed7c4ac2f872765590499a1ef3.jpg\" \/><br \/><img decoding=\"async\" src=\"img3\/cb5abd314e4deb0eec474b8394e4e651e9ffbc50.jpg\" \/><br \/><img decoding=\"async\" src=\"img3\/aa800bc7f3221081462705ddb4422706050989dc.jpg\" \/>  <\/p>\n<\/p>\n<p>afp\/AFP \/ Erika Santelices<\/p>\n<p>El presidente dominicano Danilo Medina el 15 de mayo de 2016 en Santo Domingo<\/p>\n<p>El presidente de Rep\u00fablica Dominicana, Danilo Medina, asegur\u00f3 este lunes su reelecci\u00f3n para gobernar durante cuatro a\u00f1os m\u00e1s el pa\u00eds caribe\u00f1o, con el desaf\u00edo de lograr que el crecimiento econ\u00f3mico reduzca la pobreza y las brechas sociales.<\/p>\n<p>Medina, del Partido de la Liberaci\u00f3n Dominicana (PLD, centro), arrasaba con un in\u00e9dito 61,96% en las elecciones del domingo, frente al 35,23% de Luis Abinader, del socialdem\u00f3crata Partido Revolucionario Moderno (PRM), escrutado el 58% de las mesas electorales.<\/p>\n<p>Ning\u00fan presidente dominicano hab\u00eda obtenido hasta ahora este caudal electoral. Medina, considerado el gobernante latinoamericano m\u00e1s popular, tiene a su favor el crecimiento econ\u00f3mico de este pa\u00eds tur\u00edstico -7% en 2015- y la cercan\u00eda con la gente en su estilo de gobernar.<\/p>\n<p>\u00abEl dominio de los \u00f3rganos del Estado, la administraci\u00f3n de recursos sin un Congreso que le haga contrapeso, la pol\u00edtica de asistencia social y la estabilidad macro-econ\u00f3mica\u00bb le favorecieron, declar\u00f3 a la AFP el polit\u00f3logo Rafael Toribio Dom\u00ednguez, exrector del Instituto Tecnol\u00f3gico de Santo Domingo.<\/p>\n<p>El PLD tambi\u00e9n dominar\u00e1 el Congreso con unas 24 de las 32 sillas del Senado y 112 de 190 diputados, seg\u00fan las proyecciones, y los municipios, aunque perdi\u00f3 la capital, Santo Domingo.<\/p>\n<\/p>\n<p>AFP \/ Fran Afonso<\/p>\n<p>Danilo Medina habla con la prensa tras votar en un colegio electoral de Santo Domingo el 15 de mayo<\/p>\n<p>El presidente siempre figur\u00f3 en las encuestas como favorito para la reelecci\u00f3n, con una oposici\u00f3n debilitada al haberse dividido en 2014 el otrora poderoso Partido Revolucionario Dominicano (PRD), de donde sali\u00f3 el PRM.<\/p>\n<p>Medina, un economista y qu\u00edmico de 64 a\u00f1os, super\u00f3 en 10 puntos los sufragios que obtuvo en 2012 y, de seguir la tendencia, asumir\u00e1 el 16 de agosto el quinto periodo del PLD, el cuarto consecutivo.<\/p>\n<p>En 2012 gan\u00f3 sin opci\u00f3n a reelecci\u00f3n inmediata, pero en 2015 impuls\u00f3 una reforma constitucional que le permiti\u00f3 buscar el segundo mandato.<\/p>\n<p>El presidente siempre figur\u00f3 en las encuestas como favorito para la reelecci\u00f3n, con una oposici\u00f3n debilitada al haberse dividido en 2014 el otrora poderoso Partido Revolucionario Dominicano (PRD), de donde sali\u00f3 el PRM.<\/p>\n<\/p>\n<p>AFP \/ Nicolas RAMALLO, Gustavo IZUS<\/p>\n<p>Presidenciales en Rep\u00fablica Dominicana<\/p>\n<p>Medina, un economista y qu\u00edmico de 64 a\u00f1os, super\u00f3 en 10 puntos los sufragios que obtuvo en 2012 y, de seguir la tendencia, asumir\u00e1 el 16 de agosto el quinto periodo del PLD, el cuarto consecutivo.<\/p>\n<p>En 2012 gan\u00f3 sin opci\u00f3n a reelecci\u00f3n inmediata, pero en 2015 impuls\u00f3 una reforma constitucional que le permiti\u00f3 buscar el segundo mandato.<\/p>\n<p>La Junta Central Electoral (JCE) a\u00fan no precisa el porcentaje de participaci\u00f3n de los 6,7 millones de dominicanos que fueron convocados a las elecciones.<\/p>\n<p>Medina tiene previsto ir a las 18H00 locales (22H00 GMT) a su comando de campa\u00f1a para dar su discurso de victoria. Su adversario a\u00fan no ha reconocido la derrota.<\/p>\n<p>&#8211; Desaf\u00edos sociales y pol\u00edticos &#8211;<\/p>\n<p>De playas paradis\u00edacas que atraen a turistas de todo el mundo, Rep\u00fablica Dominicana tiene uno de los mayores crecimientos econ\u00f3micos de Am\u00e9rica Latina, pero la pobreza afecta al 40% de los 10 millones de dominicanos.<\/p>\n<\/p>\n<p>AFP \/ Erika Santelices<\/p>\n<p>El presidente Danilo Medina se dispone a votar en un colegio electoral de Santo Domingo el domingo 15 de mayo<\/p>\n<p>Gaspar Estrada, director ejecutivo del Observatorio Opalc en Am\u00e9rica Latina SciencesPo Par\u00eds, coment\u00f3 a la AFP que el resultado de la elecci\u00f3n ilustra el buen crecimiento econ\u00f3mico, pero \u00abhay mucho trabajo por hacer\u00bb para que sea \u00abinclusivo\u00bb.<\/p>\n<p>Las desigualdades sociales son un lastre. Un 20% de los m\u00e1s pobres no recibe ni 5% de las riquezas del pa\u00eds, mientras que 20% de los m\u00e1s ricos se beneficia con 50%, seg\u00fan la ONG brit\u00e1nica Oxfam.<\/p>\n<p>Medina tendr\u00e1 la tarea de mejorar el deficitario sistema de energ\u00eda y una reforma fiscal, pero no estructural, pues evitar\u00e1 \u00aberosionar la base de apoyo del PLD\u00bb, seg\u00fan el centro de an\u00e1lisis Eurasia Group, con sede en Nueva York.<\/p>\n<p>El polit\u00f3logo Berlaminio Ram\u00edrez dijo la AFP que Medina tendr\u00e1 tambi\u00e9n el reto de reducir la delincuencia y fortalecer la institucionalidad del pa\u00eds.<\/p>\n<p>Los analistas se\u00f1alan la urgencia de impulsar tras estos comicios reformas en el sistema electoral, para lograr una mayor equidad y control de los recursos que usan los partidos, as\u00ed como tambi\u00e9n superar las deficiencias del proceso de elecci\u00f3n.<\/p>\n<p>El conteo de votos ha sido lento y confuso, pues se aplicaron dos tipos de escrutinio: uno manual y otro electr\u00f3nico, m\u00e1s r\u00e1pido pero rechazado por la oposici\u00f3n.<\/p>\n<p>La votaci\u00f3n estuvo trastornada por problemas de log\u00edstica, retrasos en la apertura de urnas, denuncias de proselitismo pol\u00edtico afuera de los recintos electorales.<\/p>\n<p>Esta elecci\u00f3n iba a ser la primera con registro dactilar al emitir el voto y transmisi\u00f3n electr\u00f3nica de resultados, pero no funcionaron muchas m\u00e1quinas y no hab\u00eda qui\u00e9n atendiera los problemas, pues unos 3.000 t\u00e9cnicos renunciaron poco antes de la votaci\u00f3n, lo que ser\u00e1 investigado por la JCE.<\/p>\n<p>En un pa\u00eds que ha vivido historias traum\u00e1ticas con la dictadura de Rafael Trujillo (1930-1961), intervenciones de Estados Unidos y perpetuaciones en el poder (Joaqu\u00edn Balaguer), la hegemon\u00eda que est\u00e1 consolidando el PLD tambi\u00e9n preocupa a parte de los dominicanos.<\/p>\n<h6> 2016-05-16 17:23:09 <\/h6>\n<p><!--\n<link rel=\"stylesheet\" href=\"css\/bootstrap.min.css\">\n\n\n<ul class=\"pagination\">\n\t    \n\t\n\n<li >\n\t<a href='?page_no=12994'>Previous<\/a>\n\t<\/li>\n\n\n       \n    \n\n<li><a href='?page_no=1'>1<\/a><\/li>\n\n\n\n<li><a href='?page_no=2'>2<\/a><\/li>\n\n\n\n<li><a>...<\/a><\/li>\n\n\n\n<li><a href='?page_no=12993'>12993<\/a><\/li>\n\n\n\n<li><a href='?page_no=12994'>12994<\/a><\/li>\n\n\n\n<li class='active'><a>12995<\/a><\/li>\n\n\n\n<li><a href='?page_no=12996'>12996<\/a><\/li>\n\n\n\n<li><a href='?page_no=12997'>12997<\/a><\/li>\n\n\n\n<li><a>...<\/a><\/li>\n\n\n\n<li><a href='?page_no=56169'>56169<\/a><\/li>\n\n\n\n<li><a href='?page_no=56170'>56170<\/a><\/li>\n\n    \n\t\n\n<li >\n\t<a href='?page_no=12996'>Next<\/a>\n\t<\/li>\n\n\n    \n\n<li><a href='?page_no=56170'>Last &rsaquo;&rsaquo;<\/a><\/li>\n\n<\/ul>\n\n\n--><br \/>\n<\/body><\/p>\n","protected":false},"excerpt":{"rendered":"<p>afp\/AFP \/ Erika Santelices El presidente dominicano Danilo Medina el 15 de mayo de 2016 en Santo Domingo El presidente de Rep\u00fablica Dominicana, Danilo Medina, asegur\u00f3 este lunes su reelecci\u00f3n para gobernar durante cuatro a\u00f1os m\u00e1s el pa\u00eds caribe\u00f1o, con el desaf\u00edo de lograr que el crecimiento econ\u00f3mico reduzca la pobreza y las brechas sociales. [&hellip;]<\/p>\n","protected":false},"author":3,"featured_media":0,"comment_status":"open","ping_status":"open","sticky":false,"template":"","format":"standard","meta":{"footnotes":""},"categories":[20],"tags":[],"class_list":["post-218587","post","type-post","status-publish","format-standard","hentry","category-dominicana-hoy"],"_links":{"self":[{"href":"https:\/\/diariodominicano.com\/index.php?rest_route=\/wp\/v2\/posts\/218587","targetHints":{"allow":["GET"]}}],"collection":[{"href":"https:\/\/diariodominicano.com\/index.php?rest_route=\/wp\/v2\/posts"}],"about":[{"href":"https:\/\/diariodominicano.com\/index.php?rest_route=\/wp\/v2\/types\/post"}],"author":[{"embeddable":true,"href":"https:\/\/diariodominicano.com\/index.php?rest_route=\/wp\/v2\/users\/3"}],"replies":[{"embeddable":true,"href":"https:\/\/diariodominicano.com\/index.php?rest_route=%2Fwp%2Fv2%2Fcomments&post=218587"}],"version-history":[{"count":0,"href":"https:\/\/diariodominicano.com\/index.php?rest_route=\/wp\/v2\/posts\/218587\/revisions"}],"wp:attachment":[{"href":"https:\/\/diariodominicano.com\/index.php?rest_route=%2Fwp%2Fv2%2Fmedia&parent=218587"}],"wp:term":[{"taxonomy":"category","embeddable":true,"href":"https:\/\/diariodominicano.com\/index.php?rest_route=%2Fwp%2Fv2%2Fcategories&post=218587"},{"taxonomy":"post_tag","embeddable":true,"href":"https:\/\/diariodominicano.com\/index.php?rest_route=%2Fwp%2Fv2%2Ftags&post=218587"}],"curies":[{"name":"wp","href":"https:\/\/api.w.org\/{rel}","templated":true}]}}