{"id":218582,"date":"2016-05-17T14:59:12","date_gmt":"2016-05-17T14:59:12","guid":{"rendered":"http:\/\/diariodominicano.ddns.net\/?p=218582"},"modified":"2016-05-17T14:59:12","modified_gmt":"2016-05-17T14:59:12","slug":"asistencia-a-escuelas-fue-de-entre-un-80-y-90-por-ciento-tras-las-elecciones","status":"publish","type":"post","link":"https:\/\/diariodominicano.com\/?p=218582","title":{"rendered":"Asistencia a escuelas fue de entre un 80 y 90 por ciento tras las elecciones"},"content":{"rendered":"<p><body><\/p>\n<p><img decoding=\"async\" src=\"img3\/99.JPG\" \/>  <\/p>\n<p><span class=\"text1noticias\"> <\/span><\/p>\n<p><span class=\"text1noticias\"> <\/span><\/p>\n<p><span class=\"text1noticias\">Santo Domingo. RD., 17 de mayo.-La asistencia de estudiantes a los centros educativos p\u00fablicos este martes, tras la celebraci\u00f3n de las elecciones generales del domingo, fue del 80.1 % de los matriculados, aunque en algunos casos la asistencia fue de hasta un 90 por ciento, en tanto que del personal docente y administrativo oscil\u00f3 entre 95 y 96 por ciento.<\/span><\/p>\n<p><span class=\"text1noticias\"> <\/span><\/p>\n<p><span class=\"text1noticias\">Un porcentaje similar de asistencia se verific\u00f3 en los colegios privados, que este martes tambi\u00e9n reanudaron las labores educativas.<\/span><\/p>\n<p><span class=\"text1noticias\"> <\/span><\/p>\n<p><span class=\"text1noticias\">Durante un recorrido por algunas escuelas de la Capital y en provincias tan distantes como La Altagracia, Santiago y en la L\u00ednea Noroeste, se verific\u00f3 la gran afluencia de alumnos y el normal desenvolvimiento de las labores pedag\u00f3gicas en las aulas.<\/span><\/p>\n<p><span class=\"text1noticias\"> <\/span><\/p>\n<p><span class=\"text1noticias\">Amarante Baret alaba comportamiento<\/span><\/p>\n<p><span class=\"text1noticias\"> <\/span><\/p>\n<p><span class=\"text1noticias\">El Ministro de Educaci\u00f3n, licenciado Carlos Amarante Baret, alab\u00f3 el comportamiento de estudiantes, profesores, personal administrativo y de apoyo, los cuales se reportaron temprano a los centros de estudios, tras la celebraci\u00f3n de las elecciones generales.<\/span><\/p>\n<p><span class=\"text1noticias\"> <\/span><\/p>\n<p><span class=\"text1noticias\">Dijo que ese tipo de acciones \u00abson las que alimentan el optimismo de las autoridades educativas de que realmente estamos tomando consciencia, ya que comportamientos parecidos se est\u00e1n verificando \u00faltimamente tras la celebraci\u00f3n de las d\u00edas feriados\u00bb.<\/span><\/p>\n<p><span class=\"text1noticias\"> <\/span><\/p>\n<p><span class=\"text1noticias\">Manifest\u00f3 que antes, tras la celebraci\u00f3n de determinadas festividades, como las Navidades, Semana Santa y otras, lograr que los estudiantes y profesores se presentaran a las escuelas se convert\u00eda en un dolor de cabeza para las autoridades educativas, \u00abpero \u00faltimamente los padres y madres de los estudiantes han tomado consciencia sobre la necesidad de que todos nos aboquemos a cumplir con el calendario escolar y nos reportemos con entusiasmo a cumplir con el calendario escolar\u00bb.<\/span><\/p>\n<p><span class=\"text1noticias\"> <\/span><\/p>\n<p><span class=\"text1noticias\">La suspensi\u00f3n de clases fue dispuesta por el Ministro de Educaci\u00f3n el viernes 13 de mayo para cumplir con la tradici\u00f3n de ceder a la Junta Central Electoral los locales de los centros de estudios para la instalaci\u00f3n de los centros de votaciones y los colegios electorales, con motivo de la celebraci\u00f3n de las elecciones generales el domingo 15 de mayo.<\/span><\/p>\n<p><span class=\"text1noticias\"> <\/span><\/p>\n<p><span class=\"text1noticias\">Reportes oficiales<\/span><\/p>\n<p><span class=\"text1noticias\"> <\/span><\/p>\n<p><span class=\"text1noticias\">En una evaluaci\u00f3n de la asistencia que hizo el viceministerio de Supervisi\u00f3n, Evaluaci\u00f3n y Control del Ministerio de Educaci\u00f3n, revela que la asistencia en la tanda matutina oscil\u00f3 entre 80.1 y 81.36 por ciento en todos los centros reportados. La presencia de los profesores y profesoras en los planteles fue de entre un 95.59 por ciento a un 95.52 por ciento y de entre un 94.77 a un 94.86 por ciento del personal administrativo y de apoyo.<\/span><\/p>\n<p><span class=\"text1noticias\"> <\/span><\/p>\n<p><span class=\"text1noticias\">Los altos niveles de asistencia a los centros educativos se produce tras el llamado que hizo el Ministro de Educaci\u00f3n, Carlos Amarante Baret, quien convoc\u00f3 a unos 2 millones 750 mil estudiantes de las escuelas p\u00fablicas y colegios privados a la reanudaci\u00f3n de las clases en todo el pa\u00eds, tras la celebraci\u00f3n de las elecciones generales el domingo pasado.<\/span><\/p>\n<p><span class=\"text1noticias\"> <\/span><\/p>\n<p><span class=\"text1noticias\">En el Centro Educativo Fidel Ferrer, del Ensanche la Fe, su director, Policarpio S\u00e1nchez, inform\u00f3 que de una matr\u00edcula de 607 estudiantes, esta ma\u00f1ana asistieron 503 alumnos.<\/span><\/p>\n<p><span class=\"text1noticias\"> <\/span><\/p>\n<p><span class=\"text1noticias\">La Hermana Niurka, directora del Liceo Escuela Nuestra Se\u00f1ora del Carmen, del sector de Gazcue, dijo que se registr\u00f3 la presencia de 223 estudiantes de una matr\u00edcula de 241, a nivel primario y que los estudiantes de secundaria, de una matr\u00edcula de 354, asistieron 333.<\/span><\/p>\n<p><span class=\"text1noticias\"> <\/span><\/p>\n<p><span class=\"text1noticias\">En el Polit\u00e9cnico V\u00edctor Estrella Liz, del Ensanche La Fe, asistieron 438 estudiantes de una matr\u00edcula de 508, seg\u00fan datos de su directora, Secundina Vallejo, y en la Escuela Nacional de Artes y Oficios (ENAO), del mismo sector, su director Luciano G\u00f3mez, inform\u00f3 que de una matr\u00edcula de 976, asistieron a clase en el d\u00eda de hoy 921 estudiantes.<\/span><\/p>\n<p><span class=\"text1noticias\"> <\/span><\/p>\n<p><span class=\"text1noticias\">Los directores de esos centros educativos coincidieron en se\u00f1alar que para el garantizar el reintegro de estudiantes y profesores a los planteles, este lunes visitaron las escuelas para cerciorarse de la limpieza y que todo estuviera en orden tras la utilizaci\u00f3n de las escuelas como centros de votaci\u00f3n y colegios electorales por parte de la Junta Central Electoral.<\/span><\/p>\n<p><span class=\"text1noticias\"> <\/span><\/p>\n<p><span class=\"text1noticias\">Asimismo se definieron estrategias educativas, como env\u00edo de circulares de motivaci\u00f3n a los padres y colocaci\u00f3n de carteles frente a las escuelas, para poder cumplir con el calendario escolar.<\/span><\/p>\n<p><span class=\"text1noticias\"> <\/span><\/p>\n<p><span class=\"text1noticias\">A nivel nacional<\/span><\/p>\n<p><span class=\"text1noticias\"> <\/span><\/p>\n<p><span class=\"text1noticias\">En la provincia de la Vega asisti\u00f3 m\u00e1s del 70% de los estudiantes, mientras que en San Francisco de Macor\u00eds asistieron el 83% de la modalidad normal, y el 90% de la modalidad de Jornada Escolar Extendida. <\/span><\/p>\n<p><span class=\"text1noticias\"> <\/span><\/p>\n<p><span class=\"text1noticias\">En Santiago de los Caballeros, la Regional 08 inform\u00f3 que la asistencia general de estudiantes fue de un 89% y administrativo m\u00e1s del 97%, mientras en San Crist\u00f3bal se registr\u00f3 una asistencia de 86.90%.<\/span><\/p>\n<p><span class=\"text1noticias\"> <\/span><\/p>\n<\/p>\n<\/p>\n<h6> 2016-05-17 14:59:12 <\/h6>\n<p><!--\n<link rel=\"stylesheet\" href=\"css\/bootstrap.min.css\">\n\n\n<ul class=\"pagination\">\n\t    \n\t\n\n<li >\n\t<a href='?page_no=12989'>Previous<\/a>\n\t<\/li>\n\n\n       \n    \n\n<li><a href='?page_no=1'>1<\/a><\/li>\n\n\n\n<li><a href='?page_no=2'>2<\/a><\/li>\n\n\n\n<li><a>...<\/a><\/li>\n\n\n\n<li><a href='?page_no=12988'>12988<\/a><\/li>\n\n\n\n<li><a href='?page_no=12989'>12989<\/a><\/li>\n\n\n\n<li class='active'><a>12990<\/a><\/li>\n\n\n\n<li><a href='?page_no=12991'>12991<\/a><\/li>\n\n\n\n<li><a href='?page_no=12992'>12992<\/a><\/li>\n\n\n\n<li><a>...<\/a><\/li>\n\n\n\n<li><a href='?page_no=56169'>56169<\/a><\/li>\n\n\n\n<li><a href='?page_no=56170'>56170<\/a><\/li>\n\n    \n\t\n\n<li >\n\t<a href='?page_no=12991'>Next<\/a>\n\t<\/li>\n\n\n    \n\n<li><a href='?page_no=56170'>Last &rsaquo;&rsaquo;<\/a><\/li>\n\n<\/ul>\n\n\n--><br \/>\n<\/body><\/p>\n","protected":false},"excerpt":{"rendered":"<p>Santo Domingo. RD., 17 de mayo.-La asistencia de estudiantes a los centros educativos p\u00fablicos este martes, tras la celebraci\u00f3n de las elecciones generales del domingo, fue del 80.1 % de los matriculados, aunque en algunos casos la asistencia fue de hasta un 90 por ciento, en tanto que del personal docente y administrativo oscil\u00f3 entre [&hellip;]<\/p>\n","protected":false},"author":3,"featured_media":0,"comment_status":"open","ping_status":"open","sticky":false,"template":"","format":"standard","meta":{"footnotes":""},"categories":[20],"tags":[],"class_list":["post-218582","post","type-post","status-publish","format-standard","hentry","category-dominicana-hoy"],"_links":{"self":[{"href":"https:\/\/diariodominicano.com\/index.php?rest_route=\/wp\/v2\/posts\/218582","targetHints":{"allow":["GET"]}}],"collection":[{"href":"https:\/\/diariodominicano.com\/index.php?rest_route=\/wp\/v2\/posts"}],"about":[{"href":"https:\/\/diariodominicano.com\/index.php?rest_route=\/wp\/v2\/types\/post"}],"author":[{"embeddable":true,"href":"https:\/\/diariodominicano.com\/index.php?rest_route=\/wp\/v2\/users\/3"}],"replies":[{"embeddable":true,"href":"https:\/\/diariodominicano.com\/index.php?rest_route=%2Fwp%2Fv2%2Fcomments&post=218582"}],"version-history":[{"count":0,"href":"https:\/\/diariodominicano.com\/index.php?rest_route=\/wp\/v2\/posts\/218582\/revisions"}],"wp:attachment":[{"href":"https:\/\/diariodominicano.com\/index.php?rest_route=%2Fwp%2Fv2%2Fmedia&parent=218582"}],"wp:term":[{"taxonomy":"category","embeddable":true,"href":"https:\/\/diariodominicano.com\/index.php?rest_route=%2Fwp%2Fv2%2Fcategories&post=218582"},{"taxonomy":"post_tag","embeddable":true,"href":"https:\/\/diariodominicano.com\/index.php?rest_route=%2Fwp%2Fv2%2Ftags&post=218582"}],"curies":[{"name":"wp","href":"https:\/\/api.w.org\/{rel}","templated":true}]}}