{"id":218579,"date":"2016-05-17T16:32:28","date_gmt":"2016-05-17T16:32:28","guid":{"rendered":"http:\/\/diariodominicano.ddns.net\/?p=218579"},"modified":"2016-05-17T16:32:28","modified_gmt":"2016-05-17T16:32:28","slug":"padres-dominicanos-preocupados-por-proliferacion-armas-en-escuelas-publicas-ny","status":"publish","type":"post","link":"https:\/\/diariodominicano.com\/?p=218579","title":{"rendered":"&#13;Padres dominicanos preocupados por proliferaci\u00f3n armas en escuelas p\u00fablicas NY"},"content":{"rendered":"<p><body><\/p>\n<p><img decoding=\"async\" src=\"img3\/ARMAS.JPG\" \/>  <\/p>\n<p><strong> <\/strong><\/p>\n<p><strong><span class=\"text1noticias\"> <\/span><\/strong><\/p>\n<p><strong><span class=\"text1noticias\">Por Ram\u00f3n Mercedes<\/span><\/strong><\/p>\n<p><strong> <\/strong><\/p>\n<p><strong><span class=\"text1noticias\">Nueva York, 17 de mayo.-<\/span><\/strong><span class=\"text1noticias\"> Padres dominicanos residentes en esta ciudad y que tienen sus hijos en escuelas p\u00fablicas est\u00e1n preocupados por la proliferaci\u00f3n y confiscaci\u00f3n por parte de las autoridades de cientos de armas de fuego y blanca en los centros de estudios.<\/span><\/p>\n<\/p>\n<p><span class=\"text1noticias\">La preocupaci\u00f3n de los tutores criollos se viene a sumar tambi\u00e9n a la de cientos de padres neoyorkinos, quienes no son tampoco informados por la polic\u00eda sobre la incautaci\u00f3n de tantas pistolas, rev\u00f3lveres, cuchillos, sevillanas y otras armas, en poder de los estudiantes.<\/span><\/p>\n<\/p>\n<p><span class=\"text1noticias\">El n\u00famero de armas mortales confiscadas en las escuelas p\u00fablicas de la ciudad aument\u00f3 26%, de 1,394 a 1,751, desde el 1 de julio del 2015 hasta el 8 de mayo de este a\u00f1o en comparaci\u00f3n con el 2014, basados en datos de la NYPD, denunci\u00f3 el diario anglo New York Post.<\/span><\/p>\n<\/p>\n<p><span class=\"text1noticias\">Seg\u00fan la informaci\u00f3n period\u00edstica, el Departamento de la Polic\u00eda en La Gran Manzana mantiene en secreto los hallazgos de armas de fuego en las escuelas, informaci\u00f3n a la que los padres se han mostrados indignados.<\/span><\/p>\n<\/p>\n<p><span class=\"text1noticias\">En las \u00faltimas semanas los casos de porte de armas de fuego ocurridos en escuelas p\u00fablicas en la urbe han disparado las alarmas sobre la seguridad en los centros educativos de la ciudad.<\/span><\/p>\n<\/p>\n<p><span class=\"text1noticias\">El temor y la zozobra se han apoderado de varios estudiantes y padres de familia, quienes afirman hay se\u00f1ales evidentes de que la violencia va en aumento en las escuelas y el hecho de que recientemente un ni\u00f1o de 11 a\u00f1os y dos adolescentes hayan sido sorprendidos dentro de sus centros educativos con una pistola calibre 38, un arma 9 mil\u00edmetros y un arma semiautom\u00e1tica  cargadas, parece apoyar esa teor\u00eda.<\/span><\/p>\n<\/p>\n<p><span class=\"text1noticias\">Y aunque las autoridades afirman que se trata de situaciones aisladas que nada tienen que ver con una escalada de violencia ni porte de armas en las escuelas, la organizaci\u00f3n Families for Excellent Schools acaba de denunciar que la falta de atenci\u00f3n que presuntamente la Ciudad le ha dado a ese tema, podr\u00eda desencadenar en hechos de sangre masivos, como ha ocurrido en algunos centros del pa\u00eds.<\/span><\/p>\n<p><span class=\"text1noticias\">Para Sam Pirozzolo, vicepresidente del sindicato de Padres de la Ciudad, el aumento en la presencia de armas en las escuelas es una bomba de tiempo que podr\u00eda explotar con un tr\u00e1gico evento en cualquier momento.<\/span><\/p>\n<\/p>\n<p><span class=\"text1noticias\">Para resaltar la devastaci\u00f3n de esta violencia, es necesario revisar la informaci\u00f3n recopilada por el Fondo para la Defensa de los Ni\u00f1os. Seg\u00fan el informe, entre 1979 y el 2009, 116,385 ni\u00f1os murieron a causa de la violencia cometida por armas de fuego.<\/span><\/p>\n<\/p>\n<p><span class=\"text1noticias\">Entre 2003 y 2014 hubo m\u00e1s de 28 mil muertes de ni\u00f1os y adolescentes causadas por armas de fuego. Tan s\u00f3lo en un per\u00edodo de dos a\u00f1os, 34,000 ni\u00f1os y adolescentes fueron heridos por armas de fuego durante 2008 y 2009.<\/span><\/p>\n<\/p>\n<p><span class=\"text1noticias\">Esto se traduce a un ni\u00f1o herido a causa de un arma de fuego cada 31 minutos de esos dos a\u00f1os; lo que iguala a llenar 1,375 salones de clases con 25 alumnos cada uno. Hoy en d\u00eda, un adolescente es hospitalizado cada hora debido a la violencia cometida por armas de fuego en los Estados Unidos.<\/span><\/p>\n<\/p>\n<p><span class=\"text1noticias\">Esta podr\u00eda ser nuestra mejor y \u00faltima opci\u00f3n para combatir la violencia cometida con armas de fuego en una sociedad donde cada a\u00f1o cuatro millones de pistolas nuevas entran al mercado, en un pa\u00eds con m\u00e1s de 270 millones de armas de fuego ya en nuestros hogares y en nuestras calles.<\/span><\/p>\n<\/p>\n<p><span class=\"text1noticias\">Entre los padres dominicanos que han mostrados preocupaci\u00f3n figuran Astasio M\u00e9ndez Ru\u00edz, Mar\u00eda del Carmen Gonz\u00e1lez, Julio Antonio Acevedo, Donal Cruz, Miguel Hiciano Valerio, Altagracia de Bautista, Mildred de Monsantos, Julia Rodr\u00edguez, H\u00e9ctor Torres, Lu\u00eds Manuel Rojas, Dar\u00edo Alc\u00e1ntara, Juli\u00e1n Ferreras,  Tirso Contreras, y John Carvajal, entre otros.<\/span><\/p>\n<h6> 2016-05-17 16:32:28 <\/h6>\n<p><!--\n<link rel=\"stylesheet\" href=\"css\/bootstrap.min.css\">\n\n\n<ul class=\"pagination\">\n\t    \n\t\n\n<li >\n\t<a href='?page_no=12987'>Previous<\/a>\n\t<\/li>\n\n\n       \n    \n\n<li><a href='?page_no=1'>1<\/a><\/li>\n\n\n\n<li><a href='?page_no=2'>2<\/a><\/li>\n\n\n\n<li><a>...<\/a><\/li>\n\n\n\n<li><a href='?page_no=12986'>12986<\/a><\/li>\n\n\n\n<li><a href='?page_no=12987'>12987<\/a><\/li>\n\n\n\n<li class='active'><a>12988<\/a><\/li>\n\n\n\n<li><a href='?page_no=12989'>12989<\/a><\/li>\n\n\n\n<li><a href='?page_no=12990'>12990<\/a><\/li>\n\n\n\n<li><a>...<\/a><\/li>\n\n\n\n<li><a href='?page_no=56169'>56169<\/a><\/li>\n\n\n\n<li><a href='?page_no=56170'>56170<\/a><\/li>\n\n    \n\t\n\n<li >\n\t<a href='?page_no=12989'>Next<\/a>\n\t<\/li>\n\n\n    \n\n<li><a href='?page_no=56170'>Last &rsaquo;&rsaquo;<\/a><\/li>\n\n<\/ul>\n\n\n--><br \/>\n<\/body><\/p>\n","protected":false},"excerpt":{"rendered":"<p>Por Ram\u00f3n Mercedes Nueva York, 17 de mayo.- Padres dominicanos residentes en esta ciudad y que tienen sus hijos en escuelas p\u00fablicas est\u00e1n preocupados por la proliferaci\u00f3n y confiscaci\u00f3n por parte de las autoridades de cientos de armas de fuego y blanca en los centros de estudios. La preocupaci\u00f3n de los tutores criollos se viene [&hellip;]<\/p>\n","protected":false},"author":3,"featured_media":0,"comment_status":"open","ping_status":"open","sticky":false,"template":"","format":"standard","meta":{"footnotes":""},"categories":[20],"tags":[],"class_list":["post-218579","post","type-post","status-publish","format-standard","hentry","category-dominicana-hoy"],"_links":{"self":[{"href":"https:\/\/diariodominicano.com\/index.php?rest_route=\/wp\/v2\/posts\/218579","targetHints":{"allow":["GET"]}}],"collection":[{"href":"https:\/\/diariodominicano.com\/index.php?rest_route=\/wp\/v2\/posts"}],"about":[{"href":"https:\/\/diariodominicano.com\/index.php?rest_route=\/wp\/v2\/types\/post"}],"author":[{"embeddable":true,"href":"https:\/\/diariodominicano.com\/index.php?rest_route=\/wp\/v2\/users\/3"}],"replies":[{"embeddable":true,"href":"https:\/\/diariodominicano.com\/index.php?rest_route=%2Fwp%2Fv2%2Fcomments&post=218579"}],"version-history":[{"count":0,"href":"https:\/\/diariodominicano.com\/index.php?rest_route=\/wp\/v2\/posts\/218579\/revisions"}],"wp:attachment":[{"href":"https:\/\/diariodominicano.com\/index.php?rest_route=%2Fwp%2Fv2%2Fmedia&parent=218579"}],"wp:term":[{"taxonomy":"category","embeddable":true,"href":"https:\/\/diariodominicano.com\/index.php?rest_route=%2Fwp%2Fv2%2Fcategories&post=218579"},{"taxonomy":"post_tag","embeddable":true,"href":"https:\/\/diariodominicano.com\/index.php?rest_route=%2Fwp%2Fv2%2Ftags&post=218579"}],"curies":[{"name":"wp","href":"https:\/\/api.w.org\/{rel}","templated":true}]}}