{"id":218578,"date":"2016-05-17T16:40:07","date_gmt":"2016-05-17T16:40:07","guid":{"rendered":"http:\/\/diariodominicano.ddns.net\/?p=218578"},"modified":"2016-05-17T16:40:07","modified_gmt":"2016-05-17T16:40:07","slug":"embajador-jose-tomas-proceso-electoral-fue-concurrido-y-transparente-en-ny","status":"publish","type":"post","link":"https:\/\/diariodominicano.com\/?p=218578","title":{"rendered":"&#13;Embajador Jos\u00e9 Tom\u00e1s: proceso electoral fue concurrido y transparente en NY"},"content":{"rendered":"<p><body><\/p>\n<p><img decoding=\"async\" src=\"img3\/JOSE TOMAS PEREZ.JPG\" \/>  <\/p>\n<p><strong> <\/strong><\/p>\n<p><strong><span class=\"text1noticias\"> <\/span><\/strong><\/p>\n<p><strong> <\/strong><\/p>\n<p><strong><span class=\"text1noticias\">Por Ram\u00f3n Mercedes<\/span><\/strong><\/p>\n<p><strong> <\/strong><\/p>\n<p><strong><span class=\"text1noticias\">Nueva York, 17 de mayo.-<\/span><\/strong><span class=\"text1noticias\"> El embajador dominicano en Washington y miembro del Comit\u00e9 Pol\u00edtico del Partido de la Liberaci\u00f3n Dominicana (PLD), Jos\u00e9 Tom\u00e1s P\u00e9rez, al supervisar el proceso electoral que se desarrollaba en esta ciudad el pasado domingo, manifest\u00f3 que el mismo era concurrido y que el trabajo que estaba haciendo la Junta Central Electoral (JCE) era transparente.<\/span><\/p>\n<\/p>\n<p><span class=\"text1noticias\">El alto dirigente pol\u00edtico del PLD, quien adem\u00e1s fue designado por el presidente Danilo Medina como coordinador general de campa\u00f1a para Estados Unidos y Canad\u00e1, respondi\u00f3 de esa manera al ser consultado por este reportero sobre la denuncia de irregularidades que le hicieran al director del organismo electoral en la urbe, Elpidio de la Rosa, candidatos a diputados y delegados pol\u00edticos de diferentes organizaciones, entre las cuales no estaba el PLD.<\/span><\/p>\n<\/p>\n<p><span class=\"text1noticias\">A\u00f1adi\u00f3 que \u00abes la misma preocupaci\u00f3n que tenemos nosotros desde el punto de vista de que se pudiera dar ese fen\u00f3meno. No se puede permitir votar a una persona dos veces, honestamente no tengo datos, ni pruebas para decir que eso se est\u00e1 dando, pero en todo caso al PLD tambi\u00e9n le preocupa\u00bb, explic\u00f3.<\/span><\/p>\n<\/p>\n<p><span class=\"text1noticias\">Explic\u00f3 que en su condici\u00f3n de coordinador de campa\u00f1a del PLD en territorio norteamericano vino a observar y palpar personalmente el proceso, junto a otros compa\u00f1eros del partido en La Gran Manzana y \u00abpuedo decir que todo va muy bien, y lo m\u00e1s importante es que la gente en Nueva York ha salido masivamente a votar. Felicito  a los dominicanos por su gran civismo al salir de manera masiva a dar su voto en estas elecciones\u00bb, sostuvo.<\/span><\/p>\n<\/p>\n<p><span class=\"text1noticias\">Al participar el pasado mes de mayo en el Almuerzo Semanal de Multimedios del Caribe en la Republica Dominicana, manifest\u00f3 que su papel como coordinador de la campa\u00f1a presidencial en Nueva York y Canad\u00e1 era trabajar para que el PLD gane las elecciones y no se repita la derrota que sufri\u00f3 en el 2012, porque fue una experiencia muy negativa.<\/span><\/p>\n<\/p>\n<p><span class=\"text1noticias\">En las elecciones pasadas el arquitecto Eduardo Selman, actual c\u00f3nsul y tambi\u00e9n miembro del CC del PLD, fue el coordinador general de campa\u00f1a para los EEUU y Canad\u00e1, perdiendo las mismas en esta Metr\u00f3poli al obtener como partido solo 18,935 (36.61%) votos, y tambi\u00e9n perdi\u00f3 en todo territorio norteamericano al adquirir la cantidad de 40,623 (38.76%) y con los aliados 46,279 (44.16%), quedando en segundo lugar.<\/span><\/p>\n<\/p>\n<p><span class=\"text1noticias\">Al cierre de esta cr\u00f3nica (12:15 a.m.) la JCE-NY en el bolet\u00edn suministrado en la tarde de este lunes se hab\u00edan computado 135 de los 235 colegios electorales, y los resultados no son favorables para el partido de gobierno.<\/span><\/p>\n<\/p>\n<p><span class=\"text1noticias\">El PRM superaba de manera individual al PLD con un 42.16%, contra 37.42%. Estos resultados provienen del conteo de 140 mesas que arrojaron 36.285 votos v\u00e1lidos de los 125.826 inscritos. El partido oficial ha conseguido 13.577 mientras los perreme\u00edstas tienen 15.406 votos.<\/span><\/p>\n<h6> 2016-05-17 16:40:07 <\/h6>\n<p><!--\n<link rel=\"stylesheet\" href=\"css\/bootstrap.min.css\">\n\n\n<ul class=\"pagination\">\n\t    \n\t\n\n<li >\n\t<a href='?page_no=12986'>Previous<\/a>\n\t<\/li>\n\n\n       \n    \n\n<li><a href='?page_no=1'>1<\/a><\/li>\n\n\n\n<li><a href='?page_no=2'>2<\/a><\/li>\n\n\n\n<li><a>...<\/a><\/li>\n\n\n\n<li><a href='?page_no=12985'>12985<\/a><\/li>\n\n\n\n<li><a href='?page_no=12986'>12986<\/a><\/li>\n\n\n\n<li class='active'><a>12987<\/a><\/li>\n\n\n\n<li><a href='?page_no=12988'>12988<\/a><\/li>\n\n\n\n<li><a href='?page_no=12989'>12989<\/a><\/li>\n\n\n\n<li><a>...<\/a><\/li>\n\n\n\n<li><a href='?page_no=56169'>56169<\/a><\/li>\n\n\n\n<li><a href='?page_no=56170'>56170<\/a><\/li>\n\n    \n\t\n\n<li >\n\t<a href='?page_no=12988'>Next<\/a>\n\t<\/li>\n\n\n    \n\n<li><a href='?page_no=56170'>Last &rsaquo;&rsaquo;<\/a><\/li>\n\n<\/ul>\n\n\n--><br \/>\n<\/body><\/p>\n","protected":false},"excerpt":{"rendered":"<p>Por Ram\u00f3n Mercedes Nueva York, 17 de mayo.- El embajador dominicano en Washington y miembro del Comit\u00e9 Pol\u00edtico del Partido de la Liberaci\u00f3n Dominicana (PLD), Jos\u00e9 Tom\u00e1s P\u00e9rez, al supervisar el proceso electoral que se desarrollaba en esta ciudad el pasado domingo, manifest\u00f3 que el mismo era concurrido y que el trabajo que estaba haciendo [&hellip;]<\/p>\n","protected":false},"author":3,"featured_media":0,"comment_status":"open","ping_status":"open","sticky":false,"template":"","format":"standard","meta":{"footnotes":""},"categories":[20],"tags":[],"class_list":["post-218578","post","type-post","status-publish","format-standard","hentry","category-dominicana-hoy"],"_links":{"self":[{"href":"https:\/\/diariodominicano.com\/index.php?rest_route=\/wp\/v2\/posts\/218578","targetHints":{"allow":["GET"]}}],"collection":[{"href":"https:\/\/diariodominicano.com\/index.php?rest_route=\/wp\/v2\/posts"}],"about":[{"href":"https:\/\/diariodominicano.com\/index.php?rest_route=\/wp\/v2\/types\/post"}],"author":[{"embeddable":true,"href":"https:\/\/diariodominicano.com\/index.php?rest_route=\/wp\/v2\/users\/3"}],"replies":[{"embeddable":true,"href":"https:\/\/diariodominicano.com\/index.php?rest_route=%2Fwp%2Fv2%2Fcomments&post=218578"}],"version-history":[{"count":0,"href":"https:\/\/diariodominicano.com\/index.php?rest_route=\/wp\/v2\/posts\/218578\/revisions"}],"wp:attachment":[{"href":"https:\/\/diariodominicano.com\/index.php?rest_route=%2Fwp%2Fv2%2Fmedia&parent=218578"}],"wp:term":[{"taxonomy":"category","embeddable":true,"href":"https:\/\/diariodominicano.com\/index.php?rest_route=%2Fwp%2Fv2%2Fcategories&post=218578"},{"taxonomy":"post_tag","embeddable":true,"href":"https:\/\/diariodominicano.com\/index.php?rest_route=%2Fwp%2Fv2%2Ftags&post=218578"}],"curies":[{"name":"wp","href":"https:\/\/api.w.org\/{rel}","templated":true}]}}