{"id":218577,"date":"2016-05-17T17:10:07","date_gmt":"2016-05-17T17:10:07","guid":{"rendered":"http:\/\/diariodominicano.ddns.net\/?p=218577"},"modified":"2016-05-17T17:10:07","modified_gmt":"2016-05-17T17:10:07","slug":"la-universidad-catolica-santo-domingo-inviste-a-273-en-posgrados-y-maestrias","status":"publish","type":"post","link":"https:\/\/diariodominicano.com\/?p=218577","title":{"rendered":"La Universidad Cat\u00f3lica Santo Domingo inviste a 273 en  Posgrados y Maestr\u00edas"},"content":{"rendered":"<p><body><\/p>\n<p><img decoding=\"async\" src=\"img3\/94.JPG\" \/>  <\/p>\n<p><strong><span class=\"text1noticias\"> <\/span><\/strong><\/p>\n<p><strong><span class=\"text1noticias\"> <\/span><\/strong><\/p>\n<p><strong><span class=\"text1noticias\">Santo Domingo. RD., 17 de mayo<\/span><\/strong><span class=\"text1noticias\">.-La Universidad Cat\u00f3lica Santo Domingo celebr\u00f3 su \u00abSexag\u00e9sima s\u00e9ptima Graduaci\u00f3n Ordinaria\u00bb en la que  recibieron sus t\u00edtulos 273 nuevos profesionales de Posgrado y Maestr\u00eda. <\/span><\/p>\n<p><span class=\"text1noticias\"> <\/span><\/p>\n<p><span class=\"text1noticias\">En esta importante actividad, que tuvo como escenario el Auditorio de Casa San Pablo, los graduandos recibieron sus t\u00edtulos que los acreditan como profesionales especializados en diferentes \u00e1reas del saber, lo que les permitir\u00e1 ejercer una mayor influencia  en la b\u00fasqueda de una sociedad dominicana m\u00e1s desarrollada y justa. <\/span><\/p>\n<p><span class=\"text1noticias\"> <\/span><\/p>\n<p><span class=\"text1noticias\"> <\/span><\/p>\n<p><span class=\"text1noticias\">La ceremonia estuvo encabezada por el Rector de la Universidad, Reverendo Padre Doctor Jes\u00fas Castro Marte, quien estuvo acompa\u00f1ado en la mesa principal por la Doctora Zeneyda de Jes\u00fas Contreras, Vicerrectora Acad\u00e9mica; el Ingeniero Ram\u00f3n Garc\u00eda Tatis, Vicerrector de Administraci\u00f3n y Desarrollo; el Licenciado Francisco Cruz Pascual, Vicerrector de Posgrado e Investigaci\u00f3n y el Doctor Manuel Pe\u00f1a Conce, Vicerrector de Servicios Estudiantiles y Docentes. <\/span><\/p>\n<p><span class=\"text1noticias\"> <\/span><\/p>\n<p><span class=\"text1noticias\"> <\/span><\/p>\n<p><span class=\"text1noticias\">Al encabezar el acto de investidura, el Reverendo Padre Castro Marte realiz\u00f3 la invocaci\u00f3n al Alt\u00edsimo y en su discurso central exhort\u00f3 a los nuevos profesionales a luchar por un cambio que los conduzca  al cultivo de los valores esenciales del ser humano: el amor, la justicia, la verdad, con los cuales contribuir al desarrollo de una nueva y cada vez mejor sociedad.<\/span><\/p>\n<p><span class=\"text1noticias\">    <\/span><\/p>\n<p><span class=\"text1noticias\"> <\/span><\/p>\n<p><span class=\"text1noticias\">\u00abLos valores constituyen una parte importante de la vida espiritual e ideol\u00f3gica de la sociedad y del mundo interno de las personas, por eso se precisa de ellos para el desarrollo de los pueblos\u00bb, explic\u00f3 el Rector.<\/span><\/p>\n<p><span class=\"text1noticias\"> <\/span><\/p>\n<p><span class=\"text1noticias\"> <\/span><\/p>\n<p><span class=\"text1noticias\">\u00abLa realidad del mundo actual enfatiz\u00f3 el Rector demuestra que es necesario continuar el estudio de los valores para buscar soluciones certeras a todos los problemas reales que se presentan en el proceso de educaci\u00f3n  en todos los sistemas de ense\u00f1anza. Se considera oportuno apoyarse en los antecedentes de la problem\u00e1tica para encontrar las ra\u00edces del tema, los educadores deben estar a la delantera del desarrollo de los valores en el contexto educativo\u00bb.<\/span><\/p>\n<p><span class=\"text1noticias\"> <\/span><\/p>\n<p><span class=\"text1noticias\"> <\/span><\/p>\n<p><span class=\"text1noticias\">Las palabras de clausura estuvieron a cargo del Licenciado Francisco Cruz Pascual, Vicerrector de Investigaci\u00f3n y Posgrado, quien destac\u00f3 que  los profesionales que se grad\u00faan deben enfrentar el camino que hoy inician con responsabilidad y compromiso para llenar sus vidas de prop\u00f3sitos m\u00faltiples. <\/span><\/p>\n<p><span class=\"text1noticias\"> <\/span><\/p>\n<p><span class=\"text1noticias\"> <\/span><\/p>\n<p><span class=\"text1noticias\">\u00abPara cerrar estas reflexiones expres\u00f3 Cruz Pascual: deseo animarles a no olvidar el fundamento esencial de trascender lo posible para lograr lo imposible, agregando valor a su propia existencia. Por esa raz\u00f3n, insistimos una vez m\u00e1s en que ustedes nos representan en la sociedad y est\u00e1n comprometidos bajo juramento a no quedarse rezagados frente a los avances de la vida cient\u00edfica, acad\u00e9mica, t\u00e9cnica y tecnol\u00f3gica; y menos a\u00fan en aquellos relacionados con la vida cotidiana, porque ellos constituyen  la familia, las comunidades que les apoyan y la sociedad que les sustenta\u00bb.<\/span><\/p>\n<p><span class=\"text1noticias\"> <\/span><\/p>\n<p><span class=\"text1noticias\"> <\/span><\/p>\n<p><span class=\"text1noticias\">La UCSD titul\u00f3 a los nuevos profesionales en los siguientes Posgrados y Maestr\u00edas: Especialidad  en Espiritualidad, Especialidad en Docencia Universitaria, Maestr\u00eda en Formaci\u00f3n Integral  Humana y Religiosa, Maestr\u00eda en Docencia y Gesti\u00f3n Universitaria, Maestr\u00eda en Planificaci\u00f3n y Gesti\u00f3n de la Educaci\u00f3n, Maestr\u00eda en Gerencia Moderna, Maestr\u00eda en Ciencias Pol\u00edticas, Especialidad en Gerencia Moderna de la Salud, Maestr\u00eda en Gerencia Moderna en la Salud, Especialidad en Rehabilitaci\u00f3n Bucal, Especialidad en Periodoncia, Especialidad en Endodoncia, Maestr\u00eda en Terapia Familiar y de Pareja.<\/span><\/p>\n<p><span class=\"text1noticias\"> <\/span><\/p>\n<p><span class=\"text1noticias\"> <\/span><\/p>\n<p><span class=\"text1noticias\">A la ceremonia asistieron familiares, relacionados, amigos e invitados especiales de los graduandos, quienes les acompa\u00f1aban en medio de un clima de aplausos y emoci\u00f3n por los logros profesionales obtenidos.<\/span><\/p>\n<p><span class=\"text1noticias\"> <\/span><\/p>\n<p><span class=\"text1noticias\"> <\/span><\/p>\n<p><span class=\"text1noticias\">Historia de la UCSD:<\/span><\/p>\n<p><span class=\"text1noticias\"> <\/span><\/p>\n<p><span class=\"text1noticias\">El 29 de Agosto de 1983, con un grupo de 65 estudiantes, comienzan las clases en el Convento de los Dominicos, cuna de la primera universidad de Am\u00e9rica.<\/span><\/p>\n<p><span class=\"text1noticias\"> <\/span><\/p>\n<p><span class=\"text1noticias\"> La Universidad Cat\u00f3lica Santo Domingo es una instituci\u00f3n privada de educaci\u00f3n superior sin fines de lucro, patrocinada y sostenida por la Fundaci\u00f3n Universitaria Cat\u00f3lica Inc., con personalidad jur\u00eddica otorgada mediante el decreto No. 2048 del Poder Ejecutivo, de<\/span><\/p>\n<h6> 2016-05-17 17:10:07 <\/h6>\n<p><!--\n<link rel=\"stylesheet\" href=\"css\/bootstrap.min.css\">\n\n\n<ul class=\"pagination\">\n\t    \n\t\n\n<li >\n\t<a href='?page_no=12985'>Previous<\/a>\n\t<\/li>\n\n\n       \n    \n\n<li><a href='?page_no=1'>1<\/a><\/li>\n\n\n\n<li><a href='?page_no=2'>2<\/a><\/li>\n\n\n\n<li><a>...<\/a><\/li>\n\n\n\n<li><a href='?page_no=12984'>12984<\/a><\/li>\n\n\n\n<li><a href='?page_no=12985'>12985<\/a><\/li>\n\n\n\n<li class='active'><a>12986<\/a><\/li>\n\n\n\n<li><a href='?page_no=12987'>12987<\/a><\/li>\n\n\n\n<li><a href='?page_no=12988'>12988<\/a><\/li>\n\n\n\n<li><a>...<\/a><\/li>\n\n\n\n<li><a href='?page_no=56169'>56169<\/a><\/li>\n\n\n\n<li><a href='?page_no=56170'>56170<\/a><\/li>\n\n    \n\t\n\n<li >\n\t<a href='?page_no=12987'>Next<\/a>\n\t<\/li>\n\n\n    \n\n<li><a href='?page_no=56170'>Last &rsaquo;&rsaquo;<\/a><\/li>\n\n<\/ul>\n\n\n--><br \/>\n<\/body><\/p>\n","protected":false},"excerpt":{"rendered":"<p>Santo Domingo. RD., 17 de mayo.-La Universidad Cat\u00f3lica Santo Domingo celebr\u00f3 su \u00abSexag\u00e9sima s\u00e9ptima Graduaci\u00f3n Ordinaria\u00bb en la que recibieron sus t\u00edtulos 273 nuevos profesionales de Posgrado y Maestr\u00eda. En esta importante actividad, que tuvo como escenario el Auditorio de Casa San Pablo, los graduandos recibieron sus t\u00edtulos que los acreditan como profesionales especializados en [&hellip;]<\/p>\n","protected":false},"author":3,"featured_media":0,"comment_status":"open","ping_status":"open","sticky":false,"template":"","format":"standard","meta":{"footnotes":""},"categories":[20],"tags":[],"class_list":["post-218577","post","type-post","status-publish","format-standard","hentry","category-dominicana-hoy"],"_links":{"self":[{"href":"https:\/\/diariodominicano.com\/index.php?rest_route=\/wp\/v2\/posts\/218577","targetHints":{"allow":["GET"]}}],"collection":[{"href":"https:\/\/diariodominicano.com\/index.php?rest_route=\/wp\/v2\/posts"}],"about":[{"href":"https:\/\/diariodominicano.com\/index.php?rest_route=\/wp\/v2\/types\/post"}],"author":[{"embeddable":true,"href":"https:\/\/diariodominicano.com\/index.php?rest_route=\/wp\/v2\/users\/3"}],"replies":[{"embeddable":true,"href":"https:\/\/diariodominicano.com\/index.php?rest_route=%2Fwp%2Fv2%2Fcomments&post=218577"}],"version-history":[{"count":0,"href":"https:\/\/diariodominicano.com\/index.php?rest_route=\/wp\/v2\/posts\/218577\/revisions"}],"wp:attachment":[{"href":"https:\/\/diariodominicano.com\/index.php?rest_route=%2Fwp%2Fv2%2Fmedia&parent=218577"}],"wp:term":[{"taxonomy":"category","embeddable":true,"href":"https:\/\/diariodominicano.com\/index.php?rest_route=%2Fwp%2Fv2%2Fcategories&post=218577"},{"taxonomy":"post_tag","embeddable":true,"href":"https:\/\/diariodominicano.com\/index.php?rest_route=%2Fwp%2Fv2%2Ftags&post=218577"}],"curies":[{"name":"wp","href":"https:\/\/api.w.org\/{rel}","templated":true}]}}