{"id":218571,"date":"2016-05-18T15:53:42","date_gmt":"2016-05-18T15:53:42","guid":{"rendered":"http:\/\/diariodominicano.ddns.net\/?p=218571"},"modified":"2016-05-18T15:53:42","modified_gmt":"2016-05-18T15:53:42","slug":"faprouasd-celebra-37-aniversario","status":"publish","type":"post","link":"https:\/\/diariodominicano.com\/?p=218571","title":{"rendered":"FAPROUASD celebra 37 aniversario"},"content":{"rendered":"<p><body><\/p>\n<p><span class=\"text1noticias\"> <strong>Santo Domingo. RD., 18 de mayo.-<\/strong>El Comit\u00e9 Ejecutivo Nacional de la Federaci\u00f3n de Asociaciones de Profesores de la Universidad Aut\u00f3noma de Santo Domingo conmemora el 37 Aniversario de la fundaci\u00f3n de la FAPROUASD con un programa de actividades desde hoy hasta el domingo 22 de mayo, d\u00eda de la creaci\u00f3n de la entidad.  <\/span><\/p>\n<p><span class=\"text1noticias\"> <\/span><\/p>\n<p><span class=\"text1noticias\"> <\/span><\/p>\n<p><span class=\"text1noticias\">Al arribar al 37 aniversario celebramos con grandes j\u00fabilos las conquistas logradas a favor de la Dignidad Profesoral de nuestro profesorado tales como incrementos en los vi\u00e1ticos, pago por la categor\u00eda m\u00e1s alta, control docente (reposici\u00f3n de docencia en vez descuentos arbitrario) as\u00ed solicitud de la reducci\u00f3n de la carga docente de 40 a 30 cr\u00e9ditos, e igualar el pago por hora tanto te\u00f3rica como pr\u00e1ctica.  Celebramos la restauraci\u00f3n de la institucionalidad y la transparencia en la operaci\u00f3n del gremio mediante la activaci\u00f3n de las asambleas generales, consejo superior de directivas y la publicaci\u00f3n de los estados financieros de la organizaci\u00f3n; involucramiento de todas las asociaciones en los planes de lucha ejecutados y en las reformas estatutarias que faciliten de una vez y por todas el funcionamiento institucional y transparente de la organizaci\u00f3n dando as\u00ed c\u00e1tedras a nuestras Autoridades Universitarias de como esperamos que nuestra Alma Mater se maneje.<\/span><\/p>\n<p><span class=\"text1noticias\"> <\/span><\/p>\n<p><span class=\"text1noticias\"> <\/span><\/p>\n<p><span class=\"text1noticias\"> <\/span><\/p>\n<p><span class=\"text1noticias\">Con la mejora de la Eficiencia Operacional hemos logrado que nuestras finanzas sean saneadas alcanzando super\u00e1vit en la operaci\u00f3n de nuestro Club de Profesores, duplicando y triplicando en algunas asociaciones la asignaci\u00f3n econ\u00f3mica que realiza la Federaci\u00f3n, devolviendo as\u00ed las cuotas que aportan los profesores y profesoras a sus respectivas asociaciones.<\/span><\/p>\n<p><span class=\"text1noticias\"> <\/span><\/p>\n<p><span class=\"text1noticias\"> <\/span><\/p>\n<p><span class=\"text1noticias\"> <\/span><\/p>\n<p><span class=\"text1noticias\">Nos hemos constituido junto a ASODEMU, la FED y los grupos estudiantiles y las corrientes gremiales de empleados y profesores en el Comit\u00e9 de Lucha por la Defensa de la UASD con un plan de lucha que nos permiti\u00f3 reunir y comprometer a los candidatos a las presidencia con el 5% de presupuesto para la UASD, visita al Palacio Presidencial logrando iniciar un di\u00e1logo con el Gobierno de mano de Ministro de la Presidencia Gonzalo Montalvo en los primeros 15 d\u00edas de junio del 2016 en donde revisaremos las prioridades de nuestra universidad, la partida extraordinaria que se requiere para el 2016 y el compromiso de cumplir con las leyes 5778-61 y 139-01 que asignan el 5% del presupuesto nacional a la UASD y las universidades p\u00fablicas.  Hemos constituido una Comisi\u00f3n integrada por 3 representantes de FAPROUASD, 3 de ASODEMU, 3 Delegados Estudiantiles y 3 Miembros de las Autoridades Universitarias para la mesa del Di\u00e1logo con el Gobierno.<\/span><\/p>\n<p><span class=\"text1noticias\"> <\/span><\/p>\n<p><span class=\"text1noticias\"> <\/span><\/p>\n<p><span class=\"text1noticias\"> <\/span><\/p>\n<p><span class=\"text1noticias\">De manera interna continuaremos con nuestro trabajo a favor del Saneamiento de la N\u00f3mina y de la transparencia de las operaciones de la UASD, tal como lo ha solicitado el gobierno y la sociedad. El Gobierno de la Rep\u00fablica debe entender que la Universidad no puede continuar en el ahogamiento econ\u00f3mico que ha sido sometida y que desde 1961 que se aprob\u00f3 la autonom\u00eda y presupuesto, la UASD ha venido operando en d\u00e9ficit y ello ha sido financiado en parte por los fondos de pensiones y jubilaciones, razones por lo cual est\u00e1n descapitalizados, con una ARS que no garantiza la cobertura de los servidores universitarios, con un d\u00e9ficit de m\u00e1s de 3500 profesores, de m\u00e1s 20000 butacas, m\u00e1s de 540 aulas, m\u00e1s de 1300 secciones sin aulas, una plataforma tecnol\u00f3gica obsoleta, una faculta de humanidades sin terminar, una comedor con serios problemas de construcci\u00f3n y con baja cantidad y calidad en los servicios, un sistema de registro inaceptable, con un presupuesto asignado que representa un 1% del presupuesto nacional cuando deber\u00edamos tener el 5% que nos corresponde.  Exhortamos a nuestro Presidente Reelecto Lic. Danilo Medina S\u00e1nchez, as\u00ed como Senadores y Diputados a que honren a su pa\u00eds y su compromiso con el desarrollo nacional asignando a la UASD y la Educaci\u00f3n Superior P\u00fablica el 5% que nos corresponde por ley.<\/span><\/p>\n<p><span class=\"text1noticias\"> <\/span><\/p>\n<p><span class=\"text1noticias\"> <\/span><\/p>\n<p><span class=\"text1noticias\">No descansaremos hasta que se logre el presupuesto que por ley le corresponde a nuestra UASD y se mejore las condiciones de vida de los servidores universitarios.<\/span><\/p>\n<p><span class=\"text1noticias\"> <\/span><\/p>\n<\/p>\n<\/p>\n<h6> 2016-05-18 15:53:42 <\/h6>\n<p><!--\n<link rel=\"stylesheet\" href=\"css\/bootstrap.min.css\">\n\n\n<ul class=\"pagination\">\n\t    \n\t\n\n<li >\n\t<a href='?page_no=12979'>Previous<\/a>\n\t<\/li>\n\n\n       \n    \n\n<li><a href='?page_no=1'>1<\/a><\/li>\n\n\n\n<li><a href='?page_no=2'>2<\/a><\/li>\n\n\n\n<li><a>...<\/a><\/li>\n\n\n\n<li><a href='?page_no=12978'>12978<\/a><\/li>\n\n\n\n<li><a href='?page_no=12979'>12979<\/a><\/li>\n\n\n\n<li class='active'><a>12980<\/a><\/li>\n\n\n\n<li><a href='?page_no=12981'>12981<\/a><\/li>\n\n\n\n<li><a href='?page_no=12982'>12982<\/a><\/li>\n\n\n\n<li><a>...<\/a><\/li>\n\n\n\n<li><a href='?page_no=56169'>56169<\/a><\/li>\n\n\n\n<li><a href='?page_no=56170'>56170<\/a><\/li>\n\n    \n\t\n\n<li >\n\t<a href='?page_no=12981'>Next<\/a>\n\t<\/li>\n\n\n    \n\n<li><a href='?page_no=56170'>Last &rsaquo;&rsaquo;<\/a><\/li>\n\n<\/ul>\n\n\n--><br \/>\n<\/body><\/p>\n","protected":false},"excerpt":{"rendered":"<p>Santo Domingo. RD., 18 de mayo.-El Comit\u00e9 Ejecutivo Nacional de la Federaci\u00f3n de Asociaciones de Profesores de la Universidad Aut\u00f3noma de Santo Domingo conmemora el 37 Aniversario de la fundaci\u00f3n de la FAPROUASD con un programa de actividades desde hoy hasta el domingo 22 de mayo, d\u00eda de la creaci\u00f3n de la entidad. Al arribar [&hellip;]<\/p>\n","protected":false},"author":3,"featured_media":0,"comment_status":"open","ping_status":"open","sticky":false,"template":"","format":"standard","meta":{"footnotes":""},"categories":[20],"tags":[],"class_list":["post-218571","post","type-post","status-publish","format-standard","hentry","category-dominicana-hoy"],"_links":{"self":[{"href":"https:\/\/diariodominicano.com\/index.php?rest_route=\/wp\/v2\/posts\/218571","targetHints":{"allow":["GET"]}}],"collection":[{"href":"https:\/\/diariodominicano.com\/index.php?rest_route=\/wp\/v2\/posts"}],"about":[{"href":"https:\/\/diariodominicano.com\/index.php?rest_route=\/wp\/v2\/types\/post"}],"author":[{"embeddable":true,"href":"https:\/\/diariodominicano.com\/index.php?rest_route=\/wp\/v2\/users\/3"}],"replies":[{"embeddable":true,"href":"https:\/\/diariodominicano.com\/index.php?rest_route=%2Fwp%2Fv2%2Fcomments&post=218571"}],"version-history":[{"count":0,"href":"https:\/\/diariodominicano.com\/index.php?rest_route=\/wp\/v2\/posts\/218571\/revisions"}],"wp:attachment":[{"href":"https:\/\/diariodominicano.com\/index.php?rest_route=%2Fwp%2Fv2%2Fmedia&parent=218571"}],"wp:term":[{"taxonomy":"category","embeddable":true,"href":"https:\/\/diariodominicano.com\/index.php?rest_route=%2Fwp%2Fv2%2Fcategories&post=218571"},{"taxonomy":"post_tag","embeddable":true,"href":"https:\/\/diariodominicano.com\/index.php?rest_route=%2Fwp%2Fv2%2Ftags&post=218571"}],"curies":[{"name":"wp","href":"https:\/\/api.w.org\/{rel}","templated":true}]}}