{"id":218564,"date":"2016-05-19T10:50:28","date_gmt":"2016-05-19T10:50:28","guid":{"rendered":"http:\/\/diariodominicano.ddns.net\/?p=218564"},"modified":"2016-05-19T10:50:28","modified_gmt":"2016-05-19T10:50:28","slug":"asde-desmonta-publicidad-tras-conclusion-campana-electoral","status":"publish","type":"post","link":"https:\/\/diariodominicano.com\/?p=218564","title":{"rendered":"ASDE desmonta Publicidad tras conclusi\u00f3n Campa\u00f1a Electoral"},"content":{"rendered":"<p><body><\/p>\n<p><img decoding=\"async\" src=\"img3\/ASDE 19-5.JPG\" \/>  <\/p>\n<p><span class=\"text1noticias\">Santo Domingo, R. D.,  19 de mayo.- El Ayuntamiento de Santo Domingo Este, inici\u00f3 el desmonte y retiro de la publicidad y propaganda pol\u00edtica colocada en postes, tendido el\u00e9ctrico, pared y otros espacios p\u00fablicos puestas durante la reci\u00e9n terminada campa\u00f1a pol\u00edtica.<\/span><\/p>\n<p><span class=\"text1noticias\"> <\/span><\/p>\n<p><span class=\"text1noticias\">Desde el pasado lunes brigadas de las Direcciones de Espacios P\u00fablicos, Limpieza y Ornato del ASDE por instrucciones de la alcaldesa Jeannette Medina, recorren las principales avenidas y calles del municipio retirando las vallas, fotograf\u00edas, afiches y cartelones de los pol\u00edticos que durante la pasada campa\u00f1a fueron diseminadas para promover sus candidaturas.<\/span><\/p>\n<p><span class=\"text1noticias\"> <\/span><\/p>\n<p><span class=\"text1noticias\">Hasta el momento se han intervenido las avenidas Venezuela, Sabana Larga, San Vicente de Pa\u00fal y la marginal las Am\u00e9ricas, as\u00ed como la carretera Mella, donde decenas de vallas han sido retiradas.<\/span><\/p>\n<p><span class=\"text1noticias\"> <\/span><\/p>\n<p><span class=\"text1noticias\">De acuerdo al director de Espacios P\u00fablicos, Ariel Rosario, la jornada de limpieza visual se continuar\u00e1 ejecutando hasta que se derribe toda la propaganda en las principales 12 avenidas de santo Domingo Este para luego adentrarse a los sectores y urbanizaciones.<\/span><\/p>\n<p><span class=\"text1noticias\"> <\/span><\/p>\n<p><span class=\"text1noticias\">Asimismo, inform\u00f3 que el operativo tambi\u00e9n incluye el retiro de otro tipo de publicidad que est\u00e9 colocada fuera de las normas municipales, ya sean comerciales o empresariales.  <\/span><\/p>\n<p><span class=\"text1noticias\"> <\/span><\/p>\n<p><span class=\"text1noticias\">Se\u00f1al\u00f3 adem\u00e1s,  que la campa\u00f1a electoral concluy\u00f3 y que en lo adelante las autoridades tienen una ardua tarea de ornato y de aplicaci\u00f3n de una serie de iniciativas para organizar y limpiar el municipio.<\/span><\/p>\n<\/p>\n<h6> 2016-05-19 10:50:28 <\/h6>\n<p><!--\n<link rel=\"stylesheet\" href=\"css\/bootstrap.min.css\">\n\n\n<ul class=\"pagination\">\n\t    \n\t\n\n<li >\n\t<a href='?page_no=12973'>Previous<\/a>\n\t<\/li>\n\n\n       \n    \n\n<li><a href='?page_no=1'>1<\/a><\/li>\n\n\n\n<li><a href='?page_no=2'>2<\/a><\/li>\n\n\n\n<li><a>...<\/a><\/li>\n\n\n\n<li><a href='?page_no=12972'>12972<\/a><\/li>\n\n\n\n<li><a href='?page_no=12973'>12973<\/a><\/li>\n\n\n\n<li class='active'><a>12974<\/a><\/li>\n\n\n\n<li><a href='?page_no=12975'>12975<\/a><\/li>\n\n\n\n<li><a href='?page_no=12976'>12976<\/a><\/li>\n\n\n\n<li><a>...<\/a><\/li>\n\n\n\n<li><a href='?page_no=56169'>56169<\/a><\/li>\n\n\n\n<li><a href='?page_no=56170'>56170<\/a><\/li>\n\n    \n\t\n\n<li >\n\t<a href='?page_no=12975'>Next<\/a>\n\t<\/li>\n\n\n    \n\n<li><a href='?page_no=56170'>Last &rsaquo;&rsaquo;<\/a><\/li>\n\n<\/ul>\n\n\n--><br \/>\n<\/body><\/p>\n","protected":false},"excerpt":{"rendered":"<p>Santo Domingo, R. D., 19 de mayo.- El Ayuntamiento de Santo Domingo Este, inici\u00f3 el desmonte y retiro de la publicidad y propaganda pol\u00edtica colocada en postes, tendido el\u00e9ctrico, pared y otros espacios p\u00fablicos puestas durante la reci\u00e9n terminada campa\u00f1a pol\u00edtica. Desde el pasado lunes brigadas de las Direcciones de Espacios P\u00fablicos, Limpieza y Ornato [&hellip;]<\/p>\n","protected":false},"author":3,"featured_media":0,"comment_status":"open","ping_status":"open","sticky":false,"template":"","format":"standard","meta":{"footnotes":""},"categories":[20],"tags":[],"class_list":["post-218564","post","type-post","status-publish","format-standard","hentry","category-dominicana-hoy"],"_links":{"self":[{"href":"https:\/\/diariodominicano.com\/index.php?rest_route=\/wp\/v2\/posts\/218564","targetHints":{"allow":["GET"]}}],"collection":[{"href":"https:\/\/diariodominicano.com\/index.php?rest_route=\/wp\/v2\/posts"}],"about":[{"href":"https:\/\/diariodominicano.com\/index.php?rest_route=\/wp\/v2\/types\/post"}],"author":[{"embeddable":true,"href":"https:\/\/diariodominicano.com\/index.php?rest_route=\/wp\/v2\/users\/3"}],"replies":[{"embeddable":true,"href":"https:\/\/diariodominicano.com\/index.php?rest_route=%2Fwp%2Fv2%2Fcomments&post=218564"}],"version-history":[{"count":0,"href":"https:\/\/diariodominicano.com\/index.php?rest_route=\/wp\/v2\/posts\/218564\/revisions"}],"wp:attachment":[{"href":"https:\/\/diariodominicano.com\/index.php?rest_route=%2Fwp%2Fv2%2Fmedia&parent=218564"}],"wp:term":[{"taxonomy":"category","embeddable":true,"href":"https:\/\/diariodominicano.com\/index.php?rest_route=%2Fwp%2Fv2%2Fcategories&post=218564"},{"taxonomy":"post_tag","embeddable":true,"href":"https:\/\/diariodominicano.com\/index.php?rest_route=%2Fwp%2Fv2%2Ftags&post=218564"}],"curies":[{"name":"wp","href":"https:\/\/api.w.org\/{rel}","templated":true}]}}