{"id":218225,"date":"2016-06-21T16:16:58","date_gmt":"2016-06-21T16:16:58","guid":{"rendered":"http:\/\/diariodominicano.ddns.net\/?p=218225"},"modified":"2016-06-21T16:16:58","modified_gmt":"2016-06-21T16:16:58","slug":"pn-y-pucmm-firman-convenio-educativo-interinstitucional","status":"publish","type":"post","link":"https:\/\/diariodominicano.com\/?p=218225","title":{"rendered":"PN y PUCMM firman convenio educativo interinstitucional"},"content":{"rendered":"<p><body><\/p>\n<p><img decoding=\"async\" src=\"img3\/DSC_9713.JPG\" \/>  <\/p>\n<p>Santo Domingo, R.D., 21 de junio.- La Jefatura de la Polic\u00eda Nacional, y la Pontificia Universidad Cat\u00f3lica Madre y Maestra (PUCMM), firmaron hoy en la sede de la entidad educativa un acuerdo de colaboraci\u00f3n en el que ambas instituciones se comprometen a ejecutar proyectos y actividades conjuntas.<\/p>\n<\/p>\n<p>El acuerdo fue suscrito por el mayor general Nelson Peguero Paredes, jefe de la Polic\u00eda Nacional, y el rector de la PUCMM, padre Alfredo de la Cruz Baldera.<\/p>\n<\/p>\n<p>El jefe policial destac\u00f3 que para la instituci\u00f3n del orden, dicho convenio es una gran oportunidad de avance en materia educacional, ya que en estos momentos se desarrolla un programa estrat\u00e9gico para capacitar a los miembros policiales al m\u00e1s alto nivel en \u00e1reas de inter\u00e9s para la uniformada.<\/p>\n<\/p>\n<p>Mientras que el padre de la Cruz Baldera se\u00f1al\u00f3 la importancia de la educaci\u00f3n y la transformaci\u00f3n del individuo, y que este acuerdo es un paso de avance en el cambio de imagen que se realiza en la Polic\u00eda.<\/p>\n<\/p>\n<p>Esta alianza propone apoyar la capacitaci\u00f3n en materia de seguridad ciudadana y preventiva, as\u00ed como establecer programas de capacitaci\u00f3n en las dem\u00e1s \u00e1reas de inter\u00e9s policial.<\/p>\n<\/p>\n<p>Adem\u00e1s, este acuerdo establece que esa alta casa de estudios colaborar en el dise\u00f1o curricular del Instituto Especializado de Estudios Superiores de la Polic\u00eda Nacional (IEESPON).<\/p>\n<\/p>\n<p>La instituci\u00f3n del orden se compromete a reforzar la vigilancia y protecci\u00f3n en las \u00e1reas externas del Campus Santo Tomas de Aquino, en tanto que la PCMMM facilitar\u00e1 sus instalaciones para la realizaci\u00f3n de actividades educativas conjuntas.<\/p>\n<\/p>\n<p>En la puesta en ejecuci\u00f3n y coordinaci\u00f3n de este convenio, la Polic\u00eda Nacional designa al Rector del Instituto Especializado de Estudios Superiores, general Orison Olivence Minaya, y de parte de la PUCMM, fue designada la Direcci\u00f3n de Seguridad, Salud y Medio Ambiente.<\/p>\n<\/p>\n<h6> 2016-06-21 16:16:58 <\/h6>\n<p><!--\n<link rel=\"stylesheet\" href=\"css\/bootstrap.min.css\">\n\n\n<ul class=\"pagination\">\n\t    \n\t\n\n<li >\n\t<a href='?page_no=12668'>Previous<\/a>\n\t<\/li>\n\n\n       \n    \n\n<li><a href='?page_no=1'>1<\/a><\/li>\n\n\n\n<li><a href='?page_no=2'>2<\/a><\/li>\n\n\n\n<li><a>...<\/a><\/li>\n\n\n\n<li><a href='?page_no=12667'>12667<\/a><\/li>\n\n\n\n<li><a href='?page_no=12668'>12668<\/a><\/li>\n\n\n\n<li class='active'><a>12669<\/a><\/li>\n\n\n\n<li><a href='?page_no=12670'>12670<\/a><\/li>\n\n\n\n<li><a href='?page_no=12671'>12671<\/a><\/li>\n\n\n\n<li><a>...<\/a><\/li>\n\n\n\n<li><a href='?page_no=56169'>56169<\/a><\/li>\n\n\n\n<li><a href='?page_no=56170'>56170<\/a><\/li>\n\n    \n\t\n\n<li >\n\t<a href='?page_no=12670'>Next<\/a>\n\t<\/li>\n\n\n    \n\n<li><a href='?page_no=56170'>Last &rsaquo;&rsaquo;<\/a><\/li>\n\n<\/ul>\n\n\n--><br \/>\n<\/body><\/p>\n","protected":false},"excerpt":{"rendered":"<p>Santo Domingo, R.D., 21 de junio.- La Jefatura de la Polic\u00eda Nacional, y la Pontificia Universidad Cat\u00f3lica Madre y Maestra (PUCMM), firmaron hoy en la sede de la entidad educativa un acuerdo de colaboraci\u00f3n en el que ambas instituciones se comprometen a ejecutar proyectos y actividades conjuntas. El acuerdo fue suscrito por el mayor general [&hellip;]<\/p>\n","protected":false},"author":3,"featured_media":0,"comment_status":"open","ping_status":"open","sticky":false,"template":"","format":"standard","meta":{"footnotes":""},"categories":[20],"tags":[],"class_list":["post-218225","post","type-post","status-publish","format-standard","hentry","category-dominicana-hoy"],"_links":{"self":[{"href":"https:\/\/diariodominicano.com\/index.php?rest_route=\/wp\/v2\/posts\/218225","targetHints":{"allow":["GET"]}}],"collection":[{"href":"https:\/\/diariodominicano.com\/index.php?rest_route=\/wp\/v2\/posts"}],"about":[{"href":"https:\/\/diariodominicano.com\/index.php?rest_route=\/wp\/v2\/types\/post"}],"author":[{"embeddable":true,"href":"https:\/\/diariodominicano.com\/index.php?rest_route=\/wp\/v2\/users\/3"}],"replies":[{"embeddable":true,"href":"https:\/\/diariodominicano.com\/index.php?rest_route=%2Fwp%2Fv2%2Fcomments&post=218225"}],"version-history":[{"count":0,"href":"https:\/\/diariodominicano.com\/index.php?rest_route=\/wp\/v2\/posts\/218225\/revisions"}],"wp:attachment":[{"href":"https:\/\/diariodominicano.com\/index.php?rest_route=%2Fwp%2Fv2%2Fmedia&parent=218225"}],"wp:term":[{"taxonomy":"category","embeddable":true,"href":"https:\/\/diariodominicano.com\/index.php?rest_route=%2Fwp%2Fv2%2Fcategories&post=218225"},{"taxonomy":"post_tag","embeddable":true,"href":"https:\/\/diariodominicano.com\/index.php?rest_route=%2Fwp%2Fv2%2Ftags&post=218225"}],"curies":[{"name":"wp","href":"https:\/\/api.w.org\/{rel}","templated":true}]}}