{"id":218224,"date":"2016-06-21T17:03:11","date_gmt":"2016-06-21T17:03:11","guid":{"rendered":"http:\/\/diariodominicano.ddns.net\/?p=218224"},"modified":"2016-06-21T17:03:11","modified_gmt":"2016-06-21T17:03:11","slug":"16-provincias-en-alerta-verde","status":"publish","type":"post","link":"https:\/\/diariodominicano.com\/?p=218224","title":{"rendered":"&#13;16 provincias en alerta verde"},"content":{"rendered":"<p><body><\/p>\n<p><img decoding=\"async\" src=\"img3\/logo1_400x400.jpg\" \/>  <\/p>\n<\/p>\n<p><span class=\"text1noticias\">Santo Domingo, RD, 21 junio.- El Centro de Operaciones de Emergencia (COE ) inform\u00f3 que la onda tropical  localiza sobre Hait\u00ed movi\u00e9ndose hacia el oeste y la vaguada en niveles medios y altos sobre el Canal del Viento tambi\u00e9n empieza a  moverse hacia el oeste, pero debido a la inestabilidad y humedad asociada a dichos fen\u00f3menos atmosf\u00e9ricos, se esperan aguaceros dispersos y tronadas durante el transcurso del d\u00eda, pero menos frecuentes e intensos que en las pasadas 24 horas  <\/span><\/p>\n<\/p>\n<p><span class=\"text1noticias\">En ese sentido  se mantiene el nivel de Alerta verde por posibles inundaciones repentinas urbanas y rurales, crecidas de r\u00edos arroyos  y ca\u00f1adas, as\u00ed como deslizamientos de tierra para las provincias: La Altagracia, San Pedro de Macor\u00eds, El Gran Santo Domingo,  San Crist\u00f3bal, Peravia, Azua, Saman\u00e1 y Mar\u00eda Trinidad S\u00e1nchez.<\/span><\/p>\n<\/p>\n<p><span class=\"text1noticias\">Tambi\u00e9n para La Romana, El Seibo, Monte Plata, Brahona, San Jos\u00e9 de Ocoa, Pedernales y Duarte.<\/span><\/p>\n<\/p>\n<p><span class=\"text1noticias\">Por su lado la ONAMET  dijo que ante la ocurrencia de aguaceros, los residentes en zonas de alto riesgo que habitan pr\u00f3ximo a r\u00edos, arroyos y ca\u00f1adas deben de estar atentos y tomar las medidas de precauci\u00f3n necesarias  ante posibles crecidas e inundaciones repentinas.<\/span><\/p>\n<h6> 2016-06-21 17:03:11 <\/h6>\n<p><!--\n<link rel=\"stylesheet\" href=\"css\/bootstrap.min.css\">\n\n\n<ul class=\"pagination\">\n\t    \n\t\n\n<li >\n\t<a href='?page_no=12667'>Previous<\/a>\n\t<\/li>\n\n\n       \n    \n\n<li><a href='?page_no=1'>1<\/a><\/li>\n\n\n\n<li><a href='?page_no=2'>2<\/a><\/li>\n\n\n\n<li><a>...<\/a><\/li>\n\n\n\n<li><a href='?page_no=12666'>12666<\/a><\/li>\n\n\n\n<li><a href='?page_no=12667'>12667<\/a><\/li>\n\n\n\n<li class='active'><a>12668<\/a><\/li>\n\n\n\n<li><a href='?page_no=12669'>12669<\/a><\/li>\n\n\n\n<li><a href='?page_no=12670'>12670<\/a><\/li>\n\n\n\n<li><a>...<\/a><\/li>\n\n\n\n<li><a href='?page_no=56169'>56169<\/a><\/li>\n\n\n\n<li><a href='?page_no=56170'>56170<\/a><\/li>\n\n    \n\t\n\n<li >\n\t<a href='?page_no=12669'>Next<\/a>\n\t<\/li>\n\n\n    \n\n<li><a href='?page_no=56170'>Last &rsaquo;&rsaquo;<\/a><\/li>\n\n<\/ul>\n\n\n--><br \/>\n<\/body><\/p>\n","protected":false},"excerpt":{"rendered":"<p>Santo Domingo, RD, 21 junio.- El Centro de Operaciones de Emergencia (COE ) inform\u00f3 que la onda tropical localiza sobre Hait\u00ed movi\u00e9ndose hacia el oeste y la vaguada en niveles medios y altos sobre el Canal del Viento tambi\u00e9n empieza a moverse hacia el oeste, pero debido a la inestabilidad y humedad asociada a dichos [&hellip;]<\/p>\n","protected":false},"author":3,"featured_media":0,"comment_status":"open","ping_status":"open","sticky":false,"template":"","format":"standard","meta":{"footnotes":""},"categories":[20],"tags":[],"class_list":["post-218224","post","type-post","status-publish","format-standard","hentry","category-dominicana-hoy"],"_links":{"self":[{"href":"https:\/\/diariodominicano.com\/index.php?rest_route=\/wp\/v2\/posts\/218224","targetHints":{"allow":["GET"]}}],"collection":[{"href":"https:\/\/diariodominicano.com\/index.php?rest_route=\/wp\/v2\/posts"}],"about":[{"href":"https:\/\/diariodominicano.com\/index.php?rest_route=\/wp\/v2\/types\/post"}],"author":[{"embeddable":true,"href":"https:\/\/diariodominicano.com\/index.php?rest_route=\/wp\/v2\/users\/3"}],"replies":[{"embeddable":true,"href":"https:\/\/diariodominicano.com\/index.php?rest_route=%2Fwp%2Fv2%2Fcomments&post=218224"}],"version-history":[{"count":0,"href":"https:\/\/diariodominicano.com\/index.php?rest_route=\/wp\/v2\/posts\/218224\/revisions"}],"wp:attachment":[{"href":"https:\/\/diariodominicano.com\/index.php?rest_route=%2Fwp%2Fv2%2Fmedia&parent=218224"}],"wp:term":[{"taxonomy":"category","embeddable":true,"href":"https:\/\/diariodominicano.com\/index.php?rest_route=%2Fwp%2Fv2%2Fcategories&post=218224"},{"taxonomy":"post_tag","embeddable":true,"href":"https:\/\/diariodominicano.com\/index.php?rest_route=%2Fwp%2Fv2%2Ftags&post=218224"}],"curies":[{"name":"wp","href":"https:\/\/api.w.org\/{rel}","templated":true}]}}