{"id":218223,"date":"2016-06-21T17:06:24","date_gmt":"2016-06-21T17:06:24","guid":{"rendered":"http:\/\/diariodominicano.ddns.net\/?p=218223"},"modified":"2016-06-21T17:06:24","modified_gmt":"2016-06-21T17:06:24","slug":"dan-apertura-a-seminario-academico-de-la-celac-y-la-union-europea","status":"publish","type":"post","link":"https:\/\/diariodominicano.com\/?p=218223","title":{"rendered":"Dan apertura a seminario acad\u00e9mico de la CELAC y LA Uni\u00f3n Europea"},"content":{"rendered":"<p><body><\/p>\n<p><img decoding=\"async\" src=\"img3\/SEMINARIO CELAC (2).JPG\" \/>  <\/p>\n<p><strong><span class=\"text1noticias\">Santo Domingo, R.D., 21 de junio.-<\/span><\/strong><span class=\"text1noticias\"> Los ministros de Relaciones Exteriores, Educaci\u00f3n Superior, Ciencia y Tecnolog\u00eda, Andr\u00e9s Navarro y Ligia Amada Melo, respectivamente, y el expresidente de la Rep\u00fablica y Presidente de la Fundaci\u00f3n EU-LAC Leonel Fern\u00e1ndez, encabezaron este martes la apertura del Primer Seminario Preparatorio de la Tercera Cumbre Acad\u00e9mica de la Comunidad de Estados Latinoamericanos y caribe\u00f1os (CELAC) y la Uni\u00f3n Europea (UE).<\/span><\/p>\n<\/p>\n<p><span class=\"text1noticias\">Este evento se celebrar\u00e1 los d\u00edas 21 y 22 de este mes en el Auditorio del Instituto de Formaci\u00f3n Diplom\u00e1tica  de la Canciller\u00eda.<\/span><\/p>\n<\/p>\n<p><span class=\"text1noticias\">En el encuentro acad\u00e9mico, en el marco de la agenda de la Presidencia Pro T\u00e9mpore de la CELAC (PPT) que ostenta la Rep\u00fablica Dominicana, participan representantes de diferentes instituciones de prestigio mundial, con la colaboraci\u00f3n del Instituto de las Am\u00e9ricas de Francia; el Centro Latinoamericano para las Relaciones con Europa (CELARE) de Chile; el Instituto de Estudios Latinoamericanos (ISLA) de Ruman\u00eda; la Universidad de Guadalajara, en M\u00e9xico; la Fundaci\u00f3n Uni\u00f3n Europea-Latinoam\u00e9rica y el Caribe (EULAC) e Instituto Internacional para la Educaci\u00f3n Superior en Am\u00e9rica y el Caribe (UNESCO-IESALC).<\/span><\/p>\n<\/p>\n<p><span class=\"text1noticias\">\u00abLa educaci\u00f3n, y en este caso, la educaci\u00f3n superior, es un factor de vital importancia en la agenda global de desarrollo, tal como est\u00e1 plasmado en las Metas del Objetivo 4 de Desarrollo Sostenible, aprobados el pasado ano durante la Asamblea General de las Naciones Unidas (ONU), un tema de alta prioridad en la agenda del gobierno del presidente Danilo Medina\u00bb, destac\u00f3 el canciller Navarro al pronunciar el discurso de bienvenida a los participantes del c\u00f3nclave acad\u00e9mico, con la presencia del expresidente de la Rep\u00fablica, doctor Leonel Fern\u00e1ndez, en su condici\u00f3n de presidente de la Fundaci\u00f3n EU-LAC.<\/span><\/p>\n<\/p>\n<p><span class=\"text1noticias\">Navarro precis\u00f3 que la gesti\u00f3n del presidente Medina est\u00e1 apostando a elevar los niveles de la formaci\u00f3n t\u00e9cnica y profesional del pa\u00eds, a la vez que aportar para que hagan lo propio los pa\u00edses miembros de la CELAC, \u00ab&#8216;pues con este encuentro con los dem\u00e1s hermanos de la Uni\u00f3n Europea entendemos que podemos agregar valor a ese proceso de formaci\u00f3n en un contexto incre\u00edblemente favorable, basado en la agenda 2030 de desarrollo sostenible que se ha dado la humanidad, con la identificaci\u00f3n de 17 objetivos bien focalizados, entre los cuales el No. 4 est\u00e1 dirigido especialmente a la Educaci\u00f3n\u00bb.<\/span><\/p>\n<\/p>\n<p><span class=\"text1noticias\">Consider\u00f3 que \u00abel aporte o valor agregado que podemos presentar en esta ruta de desarrollo sostenible debe estar estrechamente vinculado a la creaci\u00f3n de una nueva institucionalidad, pero es muy dif\u00edcil lograr esto sin el concurso del sector acad\u00e9mico, que permita identificar las debilidades y las acciones que debemos emprender para alcanzar ese desarrollo sostenible\u00bb.<\/span><\/p>\n<\/p>\n<p><span class=\"text1noticias\">En tanto que la ministra de Educaci\u00f3n Superior, Liga Amada Melo, expuso que el seminario se propone dar un nuevo impulso a la cooperaci\u00f3n CELAC-UE en la educaci\u00f3n superior, con inclusi\u00f3n a un acceso equitativo y de calidad, facilitando el intercambio de conocimientos y la transferencia de tecnolog\u00edas mediante el esfuerzo institucional, medidas de creaci\u00f3n de capacidades y la movilidad de estudiantes, investigadores, expertos y personal acad\u00e9mico de los pa\u00edses involucrados.<\/span><\/p>\n<\/p>\n<p><span class=\"text1noticias\">Sostuvo que la educaci\u00f3n superior, la ciencia, la tecnolog\u00eda, la investigaci\u00f3n acad\u00e9mica y la innovaci\u00f3n, \u00abdeben ser pilares fundamentales de la asociaci\u00f3n estrat\u00e9gica de Am\u00e9rica Latina y el Caribe y la Uni\u00f3n Europea, pero, asimismo, es de vital importancia que abordemos la formaci\u00f3n t\u00e9cnica superior como medio de impulsar el desarrollo de nuestros sectores productivos\u00bb.<\/span><\/p>\n<\/p>\n<p><span class=\"text1noticias\">Mientras que, al pronunciar el discurso de apertura del c\u00f3nclave acad\u00e9mico, el expresidente Fern\u00e1ndez abog\u00f3 por que la regi\u00f3n latinoamericana y caribe\u00f1a asuma el reto de repensar el modelo de desarrollo si se quiere cambiar el actual esquema de exportaci\u00f3n de comodities sin ning\u00fan valor agregado, por un sistema de transferencia de producci\u00f3n, \u00abun pelda\u00f1o que s\u00f3lo es posible alcanzar a trav\u00e9s del proceso cognitivo, es decir, el desarrollo de la educaci\u00f3n y el conocimiento\u00bb.<\/span><\/p>\n<\/p>\n<p><span class=\"text1noticias\">El seminario acad\u00e9mico es un esfuerzo de aproximaci\u00f3n acad\u00e9mica bilateral con car\u00e1cter estrat\u00e9gico entre Am\u00e9rica Latina, el Caribe y Europa, regiones con algunas asimetr\u00edas descubiertas durante la hist\u00f3rica cumbre de R\u00edo de Janeiro, Brasil, en 1999. En ese lapso, se han desarrollado ya ocho cumbres bianuales, con ejecuciones de programas y decisiones ejecutivas en los cuales ha figurado el tema acad\u00e9mico, ciencia, tecnolog\u00eda e innovaci\u00f3n.<\/span><\/p>\n<p><span class=\"text1noticias\">El programa de actividades del seminario incluye la disertaci\u00f3n del tema \u00abMecanismos para el Fortalecimiento de la Capacitaci\u00f3n de Investigaci\u00f3n Conjunta \u00aben el Auditorio Eduardo Latorre de la Canciller\u00eda, a cargo del paname\u00f1o Carlos Aguirre, y Natalio Garc\u00eda Honduvilla, de Espa\u00f1a. Asimismo, \u00abFomento de la Educaci\u00f3n T\u00e9cnica Superior y su Incidencia en los Sectores Productivos\u00bb por parte de Eduardo Souza de Cursi, de Francia.<\/span><\/p>\n<\/p>\n<p><span class=\"text1noticias\">En horas de la tarde, los espa\u00f1oles Eduardo L\u00f3pez Pereira y Angel As\u00fansolo del Barco, y la puertorrique\u00f1a Sandra Espada, disertar\u00e1n sobre el tema \u00abAcreditaci\u00f3n en la Educaci\u00f3n Superior en Am\u00e9rica Latina y el Caribe, y la Uni\u00f3n Europea, mientras que Pedro Henr\u00edquez Guajardo, de IESALC, expondr\u00e1 \u00abReconocimiento de T\u00edtulos para la Movilidad Acad\u00e9mica: Estado de Avance UNESCO-IESALC.<\/span><\/p>\n<\/p>\n<p><span class=\"text1noticias\">En tanto que el chileno Claudio Ram y el espa\u00f1ol Francisco Martos Peralles expondr\u00e1n el tema \u00abPertinencia y Calidad del Postgrado en Am\u00e9rica Latina y el Caribe y la Uni\u00f3n Europea\u00bb. Todas las ponencias estar\u00e1n seguidas de sus respectivas mesas de trabajo.<\/span><\/p>\n<\/p>\n<p><span class=\"text1noticias\">Asimismo, se realizar\u00e1n dos sesiones del Consejo Acad\u00e9mico Birregional FAP-ALC-UE, plenarias con relator\u00edas sobre los temas de la agenda, una lectura del Informe de Santo Domingo, y un breve discurso de clausura a cargo del expresidente dominicano Leonel Fern\u00e1ndez, presidente de la Fundaci\u00f3n EU-LAC.<\/span><\/p>\n<\/p>\n<p><span class=\"text1noticias\">En este seminario preparatorio se definir\u00e1n las bases para el establecimiento del espacio acad\u00e9mico de reflexi\u00f3n, di\u00e1logo y trabajo de cara a la tercera cumbre de la CELAC-UE que se realizar\u00e1 el pr\u00f3ximo ano en la naci\u00f3n que ostente la PPT del referido organismo regional, por lo que se espera concretizar los planteamientos y propuestas de las declaraciones de las cumbres y seminarios acad\u00e9micos previos, especialmente los puntos No.5 y No.9 del Plan de Acci\u00f3n 2015-2017.<\/span><\/p>\n<\/p>\n<p><span class=\"text1noticias\">Asimismo, se identificar\u00e1n los mecanismos de est\u00edmulo y de organizaci\u00f3n de la educaci\u00f3n t\u00e9cnica-superior junto a los sectores productivos de los pa\u00edses de ambos bloques regionales, armonizados con los programas de grado, as\u00ed como las estrategias para fortalecer la colaboraci\u00f3n en investigaci\u00f3n y postgrado conjuntos, adem\u00e1s del uso compartido de las infraestructuras, al tiempo que impulsar los sistemas de acreditaci\u00f3n en CELAC y UE.<\/span><\/p>\n<h6> 2016-06-21 17:06:24 <\/h6>\n<p><!--\n<link rel=\"stylesheet\" href=\"css\/bootstrap.min.css\">\n\n\n<ul class=\"pagination\">\n\t    \n\t\n\n<li >\n\t<a href='?page_no=12666'>Previous<\/a>\n\t<\/li>\n\n\n       \n    \n\n<li><a href='?page_no=1'>1<\/a><\/li>\n\n\n\n<li><a href='?page_no=2'>2<\/a><\/li>\n\n\n\n<li><a>...<\/a><\/li>\n\n\n\n<li><a href='?page_no=12665'>12665<\/a><\/li>\n\n\n\n<li><a href='?page_no=12666'>12666<\/a><\/li>\n\n\n\n<li class='active'><a>12667<\/a><\/li>\n\n\n\n<li><a href='?page_no=12668'>12668<\/a><\/li>\n\n\n\n<li><a href='?page_no=12669'>12669<\/a><\/li>\n\n\n\n<li><a>...<\/a><\/li>\n\n\n\n<li><a href='?page_no=56169'>56169<\/a><\/li>\n\n\n\n<li><a href='?page_no=56170'>56170<\/a><\/li>\n\n    \n\t\n\n<li >\n\t<a href='?page_no=12668'>Next<\/a>\n\t<\/li>\n\n\n    \n\n<li><a href='?page_no=56170'>Last &rsaquo;&rsaquo;<\/a><\/li>\n\n<\/ul>\n\n\n--><br \/>\n<\/body><\/p>\n","protected":false},"excerpt":{"rendered":"<p>Santo Domingo, R.D., 21 de junio.- Los ministros de Relaciones Exteriores, Educaci\u00f3n Superior, Ciencia y Tecnolog\u00eda, Andr\u00e9s Navarro y Ligia Amada Melo, respectivamente, y el expresidente de la Rep\u00fablica y Presidente de la Fundaci\u00f3n EU-LAC Leonel Fern\u00e1ndez, encabezaron este martes la apertura del Primer Seminario Preparatorio de la Tercera Cumbre Acad\u00e9mica de la Comunidad de [&hellip;]<\/p>\n","protected":false},"author":3,"featured_media":0,"comment_status":"open","ping_status":"open","sticky":false,"template":"","format":"standard","meta":{"footnotes":""},"categories":[20],"tags":[],"class_list":["post-218223","post","type-post","status-publish","format-standard","hentry","category-dominicana-hoy"],"_links":{"self":[{"href":"https:\/\/diariodominicano.com\/index.php?rest_route=\/wp\/v2\/posts\/218223","targetHints":{"allow":["GET"]}}],"collection":[{"href":"https:\/\/diariodominicano.com\/index.php?rest_route=\/wp\/v2\/posts"}],"about":[{"href":"https:\/\/diariodominicano.com\/index.php?rest_route=\/wp\/v2\/types\/post"}],"author":[{"embeddable":true,"href":"https:\/\/diariodominicano.com\/index.php?rest_route=\/wp\/v2\/users\/3"}],"replies":[{"embeddable":true,"href":"https:\/\/diariodominicano.com\/index.php?rest_route=%2Fwp%2Fv2%2Fcomments&post=218223"}],"version-history":[{"count":0,"href":"https:\/\/diariodominicano.com\/index.php?rest_route=\/wp\/v2\/posts\/218223\/revisions"}],"wp:attachment":[{"href":"https:\/\/diariodominicano.com\/index.php?rest_route=%2Fwp%2Fv2%2Fmedia&parent=218223"}],"wp:term":[{"taxonomy":"category","embeddable":true,"href":"https:\/\/diariodominicano.com\/index.php?rest_route=%2Fwp%2Fv2%2Fcategories&post=218223"},{"taxonomy":"post_tag","embeddable":true,"href":"https:\/\/diariodominicano.com\/index.php?rest_route=%2Fwp%2Fv2%2Ftags&post=218223"}],"curies":[{"name":"wp","href":"https:\/\/api.w.org\/{rel}","templated":true}]}}