{"id":218222,"date":"2016-06-21T21:30:55","date_gmt":"2016-06-21T21:30:55","guid":{"rendered":"http:\/\/diariodominicano.ddns.net\/?p=218222"},"modified":"2016-06-21T21:30:55","modified_gmt":"2016-06-21T21:30:55","slug":"senado-aprueba-ley-crea-sistema-de-prevencion-y-erradicacion-de-la-violencia-contra-la-mujer","status":"publish","type":"post","link":"https:\/\/diariodominicano.com\/?p=218222","title":{"rendered":"Senado aprueba ley crea Sistema de  Prevenci\u00f3n y Erradicaci\u00f3n de la Violencia contra la mujer"},"content":{"rendered":"<p><body><\/p>\n<p><img decoding=\"async\" src=\"img3\/SESION21 DE JUNIO.JPG\" \/>  <\/p>\n<p><strong><span class=\"text1noticias\">De igual modo, aprob\u00f3 en segunda lectura el proyecto que crea la ley de Emprendimiento. Y el proyecto de ley sobre Juicio de Extinci\u00f3n de Dominio para el Decomiso Civil de Bienes Il\u00edcitos.<\/span><\/strong><\/p>\n<\/p>\n<p><strong><span class=\"text1noticias\">SANTO DOMINGO, RD, 21 de Junio de 2016.- <\/span><\/strong><span class=\"text1noticias\">El Senado aprob\u00f3 este martes en primera lectura el proyecto de Ley Org\u00e1nica que crea  el Sistema Integral para la Prevenci\u00f3n, Atenci\u00f3n, Sanci\u00f3n y Erradicaci\u00f3n de la Violencia contra las Mujeres.<\/span><\/p>\n<\/p>\n<p><span class=\"text1noticias\">De igual modo, aprob\u00f3 en segunda lectura el proyecto que crea la ley de Emprendimiento. Y el proyecto de ley sobre Juicio de Extinci\u00f3n de Dominio para el Decomiso Civil de Bienes Il\u00edcitos.<\/span><\/p>\n<\/p>\n<p><span class=\"text1noticias\">El proyecto de Ley Org\u00e1nica que crea  el Sistema Integral para la Prevenci\u00f3n, Atenci\u00f3n, Sanci\u00f3n y Erradicaci\u00f3n de la Violencia contra las Mujeres, es de la  autor\u00eda del senador por San Juan, F\u00e9lix Ram\u00f3n Bautista, tiene como objetivo el respeto a la dignidad humana que es el fundamento de la Constituci\u00f3n.<\/span><\/p>\n<\/p>\n<p><span class=\"text1noticias\">Refiere que la violencia contra la mujer constituye una ofensa grave a su dignidad, siendo est\u00e1 una manifestaci\u00f3n de las relaciones de poder hist\u00f3ricamente entre mujeres y hombres.<\/span><\/p>\n<\/p>\n<p><span class=\"text1noticias\">Establece adem\u00e1s, la convenci\u00f3n para la Protecci\u00f3n, Sanci\u00f3n y Erradicaci\u00f3n de la Violencia contra la Mujer.<\/span><\/p>\n<\/p>\n<p><strong><span class=\"text1noticias\">Emprendimiento<\/span><\/strong><\/p>\n<\/p>\n<p><span class=\"text1noticias\">Los senadores tambi\u00e9n sancionaron en segunda lectura el proyecto que crear\u00eda la ley de Emprendimiento (R\u00e9gimen Especial para el Fomento, Creaci\u00f3n y Formalizaci\u00f3n de Empresa) de la autor\u00eda de los diputados Miguel David Collado y Alberto El\u00edas Atallah.<\/span><\/p>\n<\/p>\n<p><span class=\"text1noticias\">Seg\u00fan el considerando cuarto  promueve el desarrollo para ampliar la base social y de g\u00e9nero de la cual surgen los emprendimientos con la finalidad de incrementar las fuentes y riqueza econ\u00f3mica.<\/span><\/p>\n<\/p>\n<p><span class=\"text1noticias\">Asimismo como el n\u00famero de emprendedores, fortaleciendo los canales de movilidad social y fomentando la discusi\u00f3n de la pol\u00edtica de emprendimiento entre sectores claves como son el acad\u00e9mico, pol\u00edtico y privado.<\/span><\/p>\n<\/p>\n<p><span class=\"text1noticias\">De igual manera fue sancionado el proyecto de ley de Ministerio.<\/span><\/p>\n<\/p>\n<p><span class=\"text1noticias\">Seg\u00fan indica esta iniciativa es deber del Estado la protecci\u00f3n efectiva de los derechos de las personas, el respeto de dignidad y la obtenci\u00f3n de los medios que le permitan perfeccionarse de forma igualitaria, equitativa y progresiva, dentro de un marco de libertad individual y de justicia.<\/span><\/p>\n<\/p>\n<p><span class=\"text1noticias\">Indica que el Estado dominicano es miembro de la comunidad internacional, abierto a la cooperaci\u00f3n y apegado a la normas del derecho internacional.<\/span><\/p>\n<\/p>\n<p><span class=\"text1noticias\"> <\/span><\/p>\n<p><span class=\"text1noticias\"><strong>Otras iniciativas<\/strong><\/span><\/p>\n<\/p>\n<p><strong><span class=\"text1noticias\">En la sesi\u00f3n de este martes, presidida por el vicepresidente Francis Vargas, el Senado aprob\u00f3 tambi\u00e9n el proyecto de ley sobre Juicio de Extinci\u00f3n de Dominio para el Decomiso Civil de Bienes Il\u00edcitos.<\/span><\/strong><\/p>\n<\/p>\n<p><span class=\"text1noticias\">La Rep\u00fablica Dominicana es signatario de la Convenci\u00f3n de las Naciones Unidas contra el Tr\u00e1fico Il\u00edcito de Estupefacientes y Sustancias Psicotr\u00f3picas del a\u00f1o 1988, de la Convenci\u00f3n de las Naciones Unidas contra la Delincuencia Organizada Transnacional del a\u00f1o 2003.<\/span><\/p>\n<\/p>\n<p><span class=\"text1noticias\">Los legisladores aprobaron igualmente el proyecto de ley que ordena el levantamiento de un monumento conmemorativo en honor a los h\u00e9roes de la Batalla de Cambronal, escenificada el 22 de diciembre del a\u00f1o 1955, en los campos de Cambronal, hoy municipio Galv\u00e1n, provincia Bahoruco.<\/span><\/p>\n<\/p>\n<p><span class=\"text1noticias\">Tambi\u00e9n el que designa con el nombre de Narciso Batista, una calle del municipio Galv\u00e1n, provincia Bahoruco; ambas autor\u00eda del senador por la misma provincia, Manuel Antonio Paula.<\/span><\/p>\n<\/p>\n<p><span class=\"text1noticias\">Adem\u00e1s fueron sancionados el proyecto de ley que designa con el nombre de Roberto Areci\u00f3 Mart\u00ednez, el play municipal de Tamboril, en la provincia Santiago; el que designa con el nombre de Jos\u00e9 Loweski Paulino Cabral (Quiquin), la calle Santo Domingo del municipio Comendador, provincia El\u00edas Pi\u00f1a.<\/span><\/p>\n<\/p>\n<\/p>\n<h6> 2016-06-21 21:30:55 <\/h6>\n<p><!--\n<link rel=\"stylesheet\" href=\"css\/bootstrap.min.css\">\n\n\n<ul class=\"pagination\">\n\t    \n\t\n\n<li >\n\t<a href='?page_no=12665'>Previous<\/a>\n\t<\/li>\n\n\n       \n    \n\n<li><a href='?page_no=1'>1<\/a><\/li>\n\n\n\n<li><a href='?page_no=2'>2<\/a><\/li>\n\n\n\n<li><a>...<\/a><\/li>\n\n\n\n<li><a href='?page_no=12664'>12664<\/a><\/li>\n\n\n\n<li><a href='?page_no=12665'>12665<\/a><\/li>\n\n\n\n<li class='active'><a>12666<\/a><\/li>\n\n\n\n<li><a href='?page_no=12667'>12667<\/a><\/li>\n\n\n\n<li><a href='?page_no=12668'>12668<\/a><\/li>\n\n\n\n<li><a>...<\/a><\/li>\n\n\n\n<li><a href='?page_no=56169'>56169<\/a><\/li>\n\n\n\n<li><a href='?page_no=56170'>56170<\/a><\/li>\n\n    \n\t\n\n<li >\n\t<a href='?page_no=12667'>Next<\/a>\n\t<\/li>\n\n\n    \n\n<li><a href='?page_no=56170'>Last &rsaquo;&rsaquo;<\/a><\/li>\n\n<\/ul>\n\n\n--><br \/>\n<\/body><\/p>\n","protected":false},"excerpt":{"rendered":"<p>De igual modo, aprob\u00f3 en segunda lectura el proyecto que crea la ley de Emprendimiento. Y el proyecto de ley sobre Juicio de Extinci\u00f3n de Dominio para el Decomiso Civil de Bienes Il\u00edcitos. SANTO DOMINGO, RD, 21 de Junio de 2016.- El Senado aprob\u00f3 este martes en primera lectura el proyecto de Ley Org\u00e1nica que [&hellip;]<\/p>\n","protected":false},"author":3,"featured_media":0,"comment_status":"open","ping_status":"open","sticky":false,"template":"","format":"standard","meta":{"footnotes":""},"categories":[20],"tags":[],"class_list":["post-218222","post","type-post","status-publish","format-standard","hentry","category-dominicana-hoy"],"_links":{"self":[{"href":"https:\/\/diariodominicano.com\/index.php?rest_route=\/wp\/v2\/posts\/218222","targetHints":{"allow":["GET"]}}],"collection":[{"href":"https:\/\/diariodominicano.com\/index.php?rest_route=\/wp\/v2\/posts"}],"about":[{"href":"https:\/\/diariodominicano.com\/index.php?rest_route=\/wp\/v2\/types\/post"}],"author":[{"embeddable":true,"href":"https:\/\/diariodominicano.com\/index.php?rest_route=\/wp\/v2\/users\/3"}],"replies":[{"embeddable":true,"href":"https:\/\/diariodominicano.com\/index.php?rest_route=%2Fwp%2Fv2%2Fcomments&post=218222"}],"version-history":[{"count":0,"href":"https:\/\/diariodominicano.com\/index.php?rest_route=\/wp\/v2\/posts\/218222\/revisions"}],"wp:attachment":[{"href":"https:\/\/diariodominicano.com\/index.php?rest_route=%2Fwp%2Fv2%2Fmedia&parent=218222"}],"wp:term":[{"taxonomy":"category","embeddable":true,"href":"https:\/\/diariodominicano.com\/index.php?rest_route=%2Fwp%2Fv2%2Fcategories&post=218222"},{"taxonomy":"post_tag","embeddable":true,"href":"https:\/\/diariodominicano.com\/index.php?rest_route=%2Fwp%2Fv2%2Ftags&post=218222"}],"curies":[{"name":"wp","href":"https:\/\/api.w.org\/{rel}","templated":true}]}}