{"id":218221,"date":"2016-06-21T22:40:09","date_gmt":"2016-06-21T22:40:09","guid":{"rendered":"http:\/\/diariodominicano.ddns.net\/?p=218221"},"modified":"2016-06-21T22:40:09","modified_gmt":"2016-06-21T22:40:09","slug":"leonel-fernandez-dice-america-latina-necesita-repensar-su-diseno-curricular","status":"publish","type":"post","link":"https:\/\/diariodominicano.com\/?p=218221","title":{"rendered":"Leonel Fern\u00e1ndez dice Am\u00e9rica Latina necesita repensar su dise\u00f1o curricular"},"content":{"rendered":"<p><body><\/p>\n<p><img decoding=\"async\" src=\"img3\/VMV_7047.JPG\" \/><br \/><img decoding=\"async\" src=\"img3\/VMV_7079.JPG\" \/><br \/><img decoding=\"async\" src=\"img3\/VMV_7025.JPG\" \/>  <\/p>\n<p><strong>Leonel Fern\u00e1ndez sostuvo  que para que la regi\u00f3n pueda alcanzar las metas, necesita repensar un dise\u00f1o curricular que se corresponda con las destrezas, habilidades y capacidades cognitivas que requiere la nueva generaci\u00f3n para ser exitosa en el siglo XXI. Habl\u00f3 en el acto de inauguraci\u00f3n del Primer Seminario Preparatorio para la Tercera Cumbre Acad\u00e9mica de la Comunidad de Estados Latinoamericanos y Caribe\u00f1os y la Uni\u00f3n Europea (CELAC-UE), evento que  se desarrolla en el auditorio \u00abDr. Eduardo Latorre\u00bb del Ministerio de Relaciones Exteriores.<\/strong><\/p>\n<\/p>\n<p><strong>SANTO DOMINGO, RD, 21 de Junio de 2016.-<\/strong> El expresidente de la Rep\u00fablica y presidente de la Fundaci\u00f3n EU-LAC,  doctor Leonel Fern\u00e1ndez, afirm\u00f3 este martes que la educaci\u00f3n superior representa una parte esencial para el desarrollo de los pa\u00edses latinoamericanos y caribe\u00f1os, as\u00ed como para la inserci\u00f3n de \u00e9stos en el \u00e1mbito de la econom\u00eda globalizada.<\/p>\n<\/p>\n<p>Sostuvo que para que la regi\u00f3n pueda alcanzar esas metas, necesita repensar un dise\u00f1o curricular que se corresponda con las destrezas, habilidades y capacidades cognitivas que requiere la nueva generaci\u00f3n para ser exitosa en el siglo XXI.<\/p>\n<\/p>\n<p>\u00abEl fortalecimiento de la educaci\u00f3n superior, sobre todo en lo concerniente a la metodolog\u00eda de la investigaci\u00f3n cient\u00edfica, constituye uno de los m\u00e1s grandes desaf\u00edos que tiene actualmente Am\u00e9rica Latina\u00bb, plante\u00f3 Fern\u00e1ndez, al intervenir en el acto de inauguraci\u00f3n del Primer Seminario Preparatorio para la Tercera Cumbre Acad\u00e9mica de la Comunidad de Estados Latinoamericanos y Caribe\u00f1os y la Uni\u00f3n Europea (CELAC-UE), evento que  se desarrolla en el auditorio \u00abDr. Eduardo Latorre\u00bb del Ministerio de Relaciones Exteriores.<\/p>\n<\/p>\n<p>El  exmandatario opin\u00f3 que en la ense\u00f1anza superior debe haber  una combinaci\u00f3n equilibrada entre lo t\u00e9cnico y las humanidades, para que la misma trascienda al empleo. En ese mismo sentido, plante\u00f3 que la regi\u00f3n de Am\u00e9rica Latina y el Caribe debe repensar su modelo productivo, para retomar el crecimiento econ\u00f3mico y hacer frente con \u00e9xito a los grandes desaf\u00edos que impone el mundo globalizado.<\/p>\n<p>Fern\u00e1ndez insisti\u00f3 en que la regi\u00f3n necesita transformar sus recursos naturales en productos con mayor valor agregado, a los fines de convertirse en parte de una cadena global de valores. \u00abSe trata de una econom\u00eda del conocimiento, y el conocimiento es educaci\u00f3n superior, ciencia, tecnolog\u00eda e innovaci\u00f3n\u00bb.<\/p>\n<\/p>\n<p>En cuanto al encuentro preparatorio para la Tercera Cumbre Acad\u00e9mica, Fern\u00e1ndez dijo que el mismo busca prever los insumos para que se pase de la retorica al plan de acci\u00f3n, para lo cual se promueve la implementaci\u00f3n del Espacio Com\u00fan Euro-Latinoamericano y Caribe\u00f1o de Educaci\u00f3n Superior, Ciencia, Tecnolog\u00eda e Innovaci\u00f3n.<\/p>\n<\/p>\n<p>Fern\u00e1ndez, quien adem\u00e1s es presidente de la Fundaci\u00f3n Global Democracia y Desarrollo (Funglode), encabez\u00f3 la mesa de honor junto al ministro de Relaciones Exteriores, Andr\u00e9s Navarro Garc\u00eda; Ligia Amada Melo de Cardona, presidenta del Comit\u00e9 de Organizaci\u00f3n del Seminario, y Fernando Galv\u00e1n, presidente del Foro Acad\u00e9mico Permanente de Am\u00e9rica Latina y el Caribe y la Uni\u00f3n Europea.<\/p>\n<h6> 2016-06-21 22:40:09 <\/h6>\n<p><!--\n<link rel=\"stylesheet\" href=\"css\/bootstrap.min.css\">\n\n\n<ul class=\"pagination\">\n\t    \n\t\n\n<li >\n\t<a href='?page_no=12664'>Previous<\/a>\n\t<\/li>\n\n\n       \n    \n\n<li><a href='?page_no=1'>1<\/a><\/li>\n\n\n\n<li><a href='?page_no=2'>2<\/a><\/li>\n\n\n\n<li><a>...<\/a><\/li>\n\n\n\n<li><a href='?page_no=12663'>12663<\/a><\/li>\n\n\n\n<li><a href='?page_no=12664'>12664<\/a><\/li>\n\n\n\n<li class='active'><a>12665<\/a><\/li>\n\n\n\n<li><a href='?page_no=12666'>12666<\/a><\/li>\n\n\n\n<li><a href='?page_no=12667'>12667<\/a><\/li>\n\n\n\n<li><a>...<\/a><\/li>\n\n\n\n<li><a href='?page_no=56169'>56169<\/a><\/li>\n\n\n\n<li><a href='?page_no=56170'>56170<\/a><\/li>\n\n    \n\t\n\n<li >\n\t<a href='?page_no=12666'>Next<\/a>\n\t<\/li>\n\n\n    \n\n<li><a href='?page_no=56170'>Last &rsaquo;&rsaquo;<\/a><\/li>\n\n<\/ul>\n\n\n--><br \/>\n<\/body><\/p>\n","protected":false},"excerpt":{"rendered":"<p>Leonel Fern\u00e1ndez sostuvo que para que la regi\u00f3n pueda alcanzar las metas, necesita repensar un dise\u00f1o curricular que se corresponda con las destrezas, habilidades y capacidades cognitivas que requiere la nueva generaci\u00f3n para ser exitosa en el siglo XXI. Habl\u00f3 en el acto de inauguraci\u00f3n del Primer Seminario Preparatorio para la Tercera Cumbre Acad\u00e9mica de [&hellip;]<\/p>\n","protected":false},"author":3,"featured_media":0,"comment_status":"open","ping_status":"open","sticky":false,"template":"","format":"standard","meta":{"footnotes":""},"categories":[20],"tags":[],"class_list":["post-218221","post","type-post","status-publish","format-standard","hentry","category-dominicana-hoy"],"_links":{"self":[{"href":"https:\/\/diariodominicano.com\/index.php?rest_route=\/wp\/v2\/posts\/218221","targetHints":{"allow":["GET"]}}],"collection":[{"href":"https:\/\/diariodominicano.com\/index.php?rest_route=\/wp\/v2\/posts"}],"about":[{"href":"https:\/\/diariodominicano.com\/index.php?rest_route=\/wp\/v2\/types\/post"}],"author":[{"embeddable":true,"href":"https:\/\/diariodominicano.com\/index.php?rest_route=\/wp\/v2\/users\/3"}],"replies":[{"embeddable":true,"href":"https:\/\/diariodominicano.com\/index.php?rest_route=%2Fwp%2Fv2%2Fcomments&post=218221"}],"version-history":[{"count":0,"href":"https:\/\/diariodominicano.com\/index.php?rest_route=\/wp\/v2\/posts\/218221\/revisions"}],"wp:attachment":[{"href":"https:\/\/diariodominicano.com\/index.php?rest_route=%2Fwp%2Fv2%2Fmedia&parent=218221"}],"wp:term":[{"taxonomy":"category","embeddable":true,"href":"https:\/\/diariodominicano.com\/index.php?rest_route=%2Fwp%2Fv2%2Fcategories&post=218221"},{"taxonomy":"post_tag","embeddable":true,"href":"https:\/\/diariodominicano.com\/index.php?rest_route=%2Fwp%2Fv2%2Ftags&post=218221"}],"curies":[{"name":"wp","href":"https:\/\/api.w.org\/{rel}","templated":true}]}}