{"id":218220,"date":"2016-06-22T00:34:16","date_gmt":"2016-06-22T00:34:16","guid":{"rendered":"http:\/\/diariodominicano.ddns.net\/?p=218220"},"modified":"2016-06-22T00:34:16","modified_gmt":"2016-06-22T00:34:16","slug":"servicio-nacional-de-salud-entrega-nombramientos-a-600-medicos","status":"publish","type":"post","link":"https:\/\/diariodominicano.com\/?p=218220","title":{"rendered":"Servicio Nacional de Salud entrega nombramientos a 600 m\u00e9dicos"},"content":{"rendered":"<p><body><\/p>\n<p><img decoding=\"async\" src=\"img3\/medico03.jpg\" \/><br \/><img decoding=\"async\" src=\"img3\/FOTO 1 (3) (1).jpg\" \/><br \/><img decoding=\"async\" src=\"img3\/medico01.jpg\" \/>  <\/p>\n<p><strong><span class=\"text1noticias\">Los doctores Esther Rivas, Ram\u00f3n Alvarado Mendoza, Genaro Jos\u00e9 Dif\u00f3 Sosa, quien recibe su nombramiento y Wilson Roa.<\/span><\/strong><\/p>\n<\/p>\n<p><strong><span class=\"text1noticias\">SANTO DOMINGO, RD, 21 de Junio de 2016.- <\/span><\/strong><span class=\"text1noticias\">El Servicio Nacional de Salud (SNS), realiz\u00f3 este martes la entrega de seiscientos nombramientos de m\u00e9dicos, para un total 3,000 profesionales de la medicina designados a partir de la Ley 123-15, para un promedio de nueve m\u00e9dicos nombrados por d\u00eda.<\/span><\/p>\n<\/p>\n<p><span class=\"text1noticias\">En una ceremonia de entrega de nombramientos, realizada en el Aula Magna de la Universidad Aut\u00f3noma de Santo Domingo, el director del SNS, doctor Ram\u00f3n  Alvarado Mendoza, ponder\u00f3 la satisfacci\u00f3n que siente ese organismo porque 600 m\u00e9dicos, designados estrat\u00e9gicamente en las nueve Regiones de Salud, tendr\u00e1n la oportunidad de contribuir a mejorar la atenci\u00f3n primaria en salud.<\/span><\/p>\n<\/p>\n<p><span class=\"text1noticias\">\u00abDesde el SNS confiamos en que los nuevos profesionales se involucren y ofrezcan  un servicio de salud con calidad y oportuno ante las necesidades de las localidades donde les tocar\u00e1 desempe\u00f1ar su labor\u00bb.<\/span><\/p>\n<\/p>\n<p><span class=\"text1noticias\">\u00abHoy es un d\u00eda de fiesta para muchas comunidades del pa\u00eds que les ver\u00e1n llegar, y depender\u00e1 de ustedes quedar en sus corazones a partir del trato y la disposici\u00f3n a enfrentar sus problemas de salud\u00bb, expres\u00f3 el doctor Alvarado Mendoza. <\/span><\/p>\n<\/p>\n<p><strong><span class=\"text1noticias\">Parte  de los m\u00e9dicos que recibieron sus nombramientos en un acto celebrado en el Aula Magna de la UASD, el 21 de junio.<\/span><\/strong><\/p>\n<p><span class=\"text1noticias\">\t<\/span><\/p>\n<\/p>\n<p><span class=\"text1noticias\"> \u00ab\u00bbspero que a partir de ahora, sus apellidos sean sin\u00f3nimo de profesionalidad, de cari\u00f1o y entrega, lo que redundar\u00e1 en su progreso personal y en beneficio de las comunidades\u00bb. <\/span><\/p>\n<\/p>\n<p><span class=\"text1noticias\">Los especialistas nombrados desempe\u00f1ar\u00e1n sus funciones en centros de salud localizados en las 32 provincias del pa\u00eds y entre las especialidades figuran Medicina Familiar y Comunitaria, Emergenciolog\u00eda y Desastre, Pediatr\u00eda, Cirug\u00eda General, Psiquatr\u00eda, Ortopedia, Gineco-obstetricia, Geriatr\u00eda y Urolog\u00eda.<\/span><\/p>\n<\/p>\n<p><strong><span class=\"text1noticias\">Destaca deberes y responsabilidades <\/span><\/strong><\/p>\n<\/p>\n<p><span class=\"text1noticias\">La inducci\u00f3n a los profesionales de la salud estuvo a cargo de la doctora Esther Rivas, encargada de Pasant\u00edas M\u00e9dicas del SNS, en la que destac\u00f3 los deberes y responsabilidades de los galenos, enfocados en la promoci\u00f3n  de la salud y la prevenci\u00f3n de enfermedades. <\/span><\/p>\n<\/p>\n<p><span class=\"text1noticias\">La ceremonia que estuvo encabezada por el doctor Ram\u00f3n Alvarado Mendoza, director ejecutivo del SNS, cont\u00f3 con la participaci\u00f3n del vicepresidente del Colegio M\u00e9dico Dominicano, doctor Wilson Roa y directores departamentales del SNS. <\/span><\/p>\n<\/p>\n<p><span class=\"text1noticias\">Foto 1.<\/span><\/p>\n<p><span class=\"text1noticias\">Vista de parte de los m\u00e9dicos que recibieron sus nombramientos en un acto celebrado en el Aula Magna de la UASD.<\/span><\/p>\n<\/p>\n<p><span class=\"text1noticias\">Foto 2.<\/span><\/p>\n<p><span class=\"text1noticias\">Desde la izquierda los doctores Esther Rivas, Ram\u00f3n Alvarado Mendoza, Genaro Jos\u00e9 Dif\u00f3 Sosa, quien recibe su nombramiento y Wilson Roa.\t<\/span><\/p>\n<\/p>\n<p><span class=\"text1noticias\">Comunicaciones SNS<\/span><\/p>\n<p><span class=\"text1noticias\">21 de junio 2016  <\/span><\/p>\n<\/p>\n<\/p>\n<h6> 2016-06-22 00:34:16 <\/h6>\n<p><!--\n<link rel=\"stylesheet\" href=\"css\/bootstrap.min.css\">\n\n\n<ul class=\"pagination\">\n\t    \n\t\n\n<li >\n\t<a href='?page_no=12663'>Previous<\/a>\n\t<\/li>\n\n\n       \n    \n\n<li><a href='?page_no=1'>1<\/a><\/li>\n\n\n\n<li><a href='?page_no=2'>2<\/a><\/li>\n\n\n\n<li><a>...<\/a><\/li>\n\n\n\n<li><a href='?page_no=12662'>12662<\/a><\/li>\n\n\n\n<li><a href='?page_no=12663'>12663<\/a><\/li>\n\n\n\n<li class='active'><a>12664<\/a><\/li>\n\n\n\n<li><a href='?page_no=12665'>12665<\/a><\/li>\n\n\n\n<li><a href='?page_no=12666'>12666<\/a><\/li>\n\n\n\n<li><a>...<\/a><\/li>\n\n\n\n<li><a href='?page_no=56169'>56169<\/a><\/li>\n\n\n\n<li><a href='?page_no=56170'>56170<\/a><\/li>\n\n    \n\t\n\n<li >\n\t<a href='?page_no=12665'>Next<\/a>\n\t<\/li>\n\n\n    \n\n<li><a href='?page_no=56170'>Last &rsaquo;&rsaquo;<\/a><\/li>\n\n<\/ul>\n\n\n--><br \/>\n<\/body><\/p>\n","protected":false},"excerpt":{"rendered":"<p>Los doctores Esther Rivas, Ram\u00f3n Alvarado Mendoza, Genaro Jos\u00e9 Dif\u00f3 Sosa, quien recibe su nombramiento y Wilson Roa. SANTO DOMINGO, RD, 21 de Junio de 2016.- El Servicio Nacional de Salud (SNS), realiz\u00f3 este martes la entrega de seiscientos nombramientos de m\u00e9dicos, para un total 3,000 profesionales de la medicina designados a partir de la [&hellip;]<\/p>\n","protected":false},"author":3,"featured_media":0,"comment_status":"open","ping_status":"open","sticky":false,"template":"","format":"standard","meta":{"footnotes":""},"categories":[20],"tags":[],"class_list":["post-218220","post","type-post","status-publish","format-standard","hentry","category-dominicana-hoy"],"_links":{"self":[{"href":"https:\/\/diariodominicano.com\/index.php?rest_route=\/wp\/v2\/posts\/218220","targetHints":{"allow":["GET"]}}],"collection":[{"href":"https:\/\/diariodominicano.com\/index.php?rest_route=\/wp\/v2\/posts"}],"about":[{"href":"https:\/\/diariodominicano.com\/index.php?rest_route=\/wp\/v2\/types\/post"}],"author":[{"embeddable":true,"href":"https:\/\/diariodominicano.com\/index.php?rest_route=\/wp\/v2\/users\/3"}],"replies":[{"embeddable":true,"href":"https:\/\/diariodominicano.com\/index.php?rest_route=%2Fwp%2Fv2%2Fcomments&post=218220"}],"version-history":[{"count":0,"href":"https:\/\/diariodominicano.com\/index.php?rest_route=\/wp\/v2\/posts\/218220\/revisions"}],"wp:attachment":[{"href":"https:\/\/diariodominicano.com\/index.php?rest_route=%2Fwp%2Fv2%2Fmedia&parent=218220"}],"wp:term":[{"taxonomy":"category","embeddable":true,"href":"https:\/\/diariodominicano.com\/index.php?rest_route=%2Fwp%2Fv2%2Fcategories&post=218220"},{"taxonomy":"post_tag","embeddable":true,"href":"https:\/\/diariodominicano.com\/index.php?rest_route=%2Fwp%2Fv2%2Ftags&post=218220"}],"curies":[{"name":"wp","href":"https:\/\/api.w.org\/{rel}","templated":true}]}}