{"id":218219,"date":"2016-06-22T01:46:35","date_gmt":"2016-06-22T01:46:35","guid":{"rendered":"http:\/\/diariodominicano.ddns.net\/?p=218219"},"modified":"2016-06-22T01:46:35","modified_gmt":"2016-06-22T01:46:35","slug":"danilo-medina-en-inauguracion-del-palacio-municipal-asde","status":"publish","type":"post","link":"https:\/\/diariodominicano.com\/?p=218219","title":{"rendered":"Danilo Medina en inauguraci\u00f3n del Palacio Municipal ASDE"},"content":{"rendered":"<p><body><\/p>\n<p><img decoding=\"async\" src=\"img3\/palacio02.jpg\" \/><br \/><img decoding=\"async\" src=\"img3\/palaciom2106.jpg\" \/>  <\/p>\n<p><strong><span class=\"text1noticias\">SANTO DOMINGO ESTE, 21 de Junio de 2016.- <\/span><\/strong><span class=\"text1noticias\">Con la asistencia del presidente Danilo Medina, fue inaugurado la tarde de este martes, el Palacio Municipal del Ayuntamiento de Santo Domingo Este, obra considerada un legado de la gesti\u00f3n del fenecido alcalde, Juan de los Santos.<\/span><\/p>\n<\/p>\n<p><span class=\"text1noticias\">La colaboraci\u00f3n del gobierno hizo posible el Palacio Municipal confortable, moderno y digno. <\/span><\/p>\n<p><span class=\"text1noticias\">Ubicado en la carretera Mella esquina San Vicente de Pa\u00fal, el amplio Palacio Municipal posee mil 750 metros de construcci\u00f3n y dos bloques de cuatro niveles con una c\u00fapula central de cinco pisos y fue levantado por la empresa Ingenieros Evaluadores y Consultores.<\/span><\/p>\n<\/p>\n<p><span class=\"text1noticias\">La nueva instalaci\u00f3n fue un sue\u00f1o anhelado por el alcalde Juan de los Santos, con el objetivo de que la obra fuera un s\u00edmbolo de orgullo, de pertenencia y consolidaci\u00f3n del municipio Santo Domingo Este.<\/span><\/p>\n<\/p>\n<p><span class=\"text1noticias\">La obra contribuye con el desarrollo y bienestar de los mun\u00edcipes de SDE.<\/span><\/p>\n<p><span class=\"text1noticias\">La alcaldesa Jeannette Medina Luciano, en las palabras centrales del acto, dijo que se trata del m\u00e1s grande y moderno Palacio Municipal del pa\u00eds, que corresponde con las leg\u00edtimas aspiraciones de los habitantes en esta parte de la provincia Santo Domingo.<\/span><\/p>\n<\/p>\n<p><span class=\"text1noticias\">Agradeci\u00f3 la valiosa colaboraci\u00f3n y los aportes del Gobierno de Danilo Medina, para la construcci\u00f3n de la obra, a trav\u00e9s de los ministerios de Obras P\u00fablicas, Hacienda y Administrativo de la Presidencia.<\/span><\/p>\n<\/p>\n<p><span class=\"text1noticias\">La Banda de M\u00fasica interpret\u00f3 las notas del himno nacional para iniciar el acto.<\/span><\/p>\n<p><span class=\"text1noticias\">Juan L\u00f3pez, secretario general del Ayuntamiento, se refiri\u00f3 a las caracter\u00edsticas de la obra, calific\u00e1ndola de completa, confortable, moderna y digna para los mun\u00edcipes, tal y como se lo plante\u00f3 Juan de los Santos.<\/span><\/p>\n<\/p>\n<p><span class=\"text1noticias\">Dijo que posee oficinas diversas, sala capitular, sistema antisismos, antirayos, ascensores, aire acondicionado, una plaza para dos mil personas, salones de reuni\u00f3n, comedor para empleados, sistema de v\u00eddeo vigilancia, enfermer\u00eda y dotaci\u00f3n militar, entre otros espacios y facilidades.<\/span><\/p>\n<\/p>\n<p><strong><span class=\"text1noticias\">Un gran visionario<\/span><\/strong><\/p>\n<\/p>\n<p><span class=\"text1noticias\">La presidenta del Concejo de Regidores de Ayuntamiento,  Ana Tejeda, destac\u00f3 que el fenecido alcalde fue un gran visionario que trabaj\u00f3 y luch\u00f3 d\u00eda a d\u00eda y sin descanso por la transformaci\u00f3n del municipio Santo Domingo Este, realizando las obras que requer\u00eda la comunidad.<\/span><\/p>\n<\/p>\n<p><span class=\"text1noticias\">Homenaje a Juan de los Santos<\/span><\/p>\n<p><span class=\"text1noticias\">En la ceremonia inaugural del Palacio Municipal se le rindi\u00f3 un homenaje al fenecido alcalde, Juan de los Santos, con un minuto de silencio y con la interpretaci\u00f3n del merengue \u00abJuancito siempre vivir\u00e1\u00bb, a cargo de los artistas El Jeffrey y La Loba.<\/span><\/p>\n<\/p>\n<p><span class=\"text1noticias\">El Palacio Municipal inaugurado por el Presidente  Medina fue un sue\u00f1o de Juan de los Santos. <\/span><\/p>\n<p><span class=\"text1noticias\">Asistieron al acto el ministro Administrativo de la Presidencia, Jos\u00e9 Ram\u00f3n Peralta; la senadora por la provincia Santo Domingo,  Cristina Lizardo; el gobernador, Juan Fr\u00edas; el presidente de FEDOMU, Rafael Hidalgo y el asistente especial del presidente Robert de la Cruz.<\/span><\/p>\n<\/p>\n<p><span class=\"text1noticias\"> Berlinesa Franco, quien fue la esposa del fenecido Juan de los Santos; el diputado y alcalde electo, Alfredo Mart\u00ednez, as\u00ed como funcionarios del Gobierno, alcaldes, legisladores, regidores y empresarios, entre otras personalidades. (DICOM)<\/span><\/p>\n<\/p>\n<\/p>\n<h6> 2016-06-22 01:46:35 <\/h6>\n<p><!--\n<link rel=\"stylesheet\" href=\"css\/bootstrap.min.css\">\n\n\n<ul class=\"pagination\">\n\t    \n\t\n\n<li >\n\t<a href='?page_no=12662'>Previous<\/a>\n\t<\/li>\n\n\n       \n    \n\n<li><a href='?page_no=1'>1<\/a><\/li>\n\n\n\n<li><a href='?page_no=2'>2<\/a><\/li>\n\n\n\n<li><a>...<\/a><\/li>\n\n\n\n<li><a href='?page_no=12661'>12661<\/a><\/li>\n\n\n\n<li><a href='?page_no=12662'>12662<\/a><\/li>\n\n\n\n<li class='active'><a>12663<\/a><\/li>\n\n\n\n<li><a href='?page_no=12664'>12664<\/a><\/li>\n\n\n\n<li><a href='?page_no=12665'>12665<\/a><\/li>\n\n\n\n<li><a>...<\/a><\/li>\n\n\n\n<li><a href='?page_no=56169'>56169<\/a><\/li>\n\n\n\n<li><a href='?page_no=56170'>56170<\/a><\/li>\n\n    \n\t\n\n<li >\n\t<a href='?page_no=12664'>Next<\/a>\n\t<\/li>\n\n\n    \n\n<li><a href='?page_no=56170'>Last &rsaquo;&rsaquo;<\/a><\/li>\n\n<\/ul>\n\n\n--><br \/>\n<\/body><\/p>\n","protected":false},"excerpt":{"rendered":"<p>SANTO DOMINGO ESTE, 21 de Junio de 2016.- Con la asistencia del presidente Danilo Medina, fue inaugurado la tarde de este martes, el Palacio Municipal del Ayuntamiento de Santo Domingo Este, obra considerada un legado de la gesti\u00f3n del fenecido alcalde, Juan de los Santos. La colaboraci\u00f3n del gobierno hizo posible el Palacio Municipal confortable, [&hellip;]<\/p>\n","protected":false},"author":3,"featured_media":0,"comment_status":"open","ping_status":"open","sticky":false,"template":"","format":"standard","meta":{"footnotes":""},"categories":[20],"tags":[],"class_list":["post-218219","post","type-post","status-publish","format-standard","hentry","category-dominicana-hoy"],"_links":{"self":[{"href":"https:\/\/diariodominicano.com\/index.php?rest_route=\/wp\/v2\/posts\/218219","targetHints":{"allow":["GET"]}}],"collection":[{"href":"https:\/\/diariodominicano.com\/index.php?rest_route=\/wp\/v2\/posts"}],"about":[{"href":"https:\/\/diariodominicano.com\/index.php?rest_route=\/wp\/v2\/types\/post"}],"author":[{"embeddable":true,"href":"https:\/\/diariodominicano.com\/index.php?rest_route=\/wp\/v2\/users\/3"}],"replies":[{"embeddable":true,"href":"https:\/\/diariodominicano.com\/index.php?rest_route=%2Fwp%2Fv2%2Fcomments&post=218219"}],"version-history":[{"count":0,"href":"https:\/\/diariodominicano.com\/index.php?rest_route=\/wp\/v2\/posts\/218219\/revisions"}],"wp:attachment":[{"href":"https:\/\/diariodominicano.com\/index.php?rest_route=%2Fwp%2Fv2%2Fmedia&parent=218219"}],"wp:term":[{"taxonomy":"category","embeddable":true,"href":"https:\/\/diariodominicano.com\/index.php?rest_route=%2Fwp%2Fv2%2Fcategories&post=218219"},{"taxonomy":"post_tag","embeddable":true,"href":"https:\/\/diariodominicano.com\/index.php?rest_route=%2Fwp%2Fv2%2Ftags&post=218219"}],"curies":[{"name":"wp","href":"https:\/\/api.w.org\/{rel}","templated":true}]}}