{"id":218217,"date":"2016-06-22T12:27:24","date_gmt":"2016-06-22T12:27:24","guid":{"rendered":"http:\/\/diariodominicano.ddns.net\/?p=218217"},"modified":"2016-06-22T12:27:24","modified_gmt":"2016-06-22T12:27:24","slug":"estudian-proyectos-fortalecen-seguridad-poblacion","status":"publish","type":"post","link":"https:\/\/diariodominicano.com\/?p=218217","title":{"rendered":"Estudian proyectos fortalecen seguridad poblaci\u00f3n"},"content":{"rendered":"<p><body><\/p>\n<p><img decoding=\"async\" src=\"img3\/comision s 22-6.JPG\" \/>  <\/p>\n<p><span class=\"text1noticias\">Santo Domingo, R. D., 22 de junio.- La Comisi\u00f3n Permanente de Interior y Polic\u00eda y Seguridad Ciudadana del Senado, se reuni\u00f3 con una comisi\u00f3n de abogadas del Ministerio de la Presidencia, para avanzar en el estudio del  \u00abProyecto de ley del Sistema Nacional de Atenci\u00f3n a Emergencias y Seguridad 9-1-1\u00bb, as\u00ed como lo relacionado con las c\u00e1maras de vigilancias.  <\/span><\/p>\n<p><span class=\"text1noticias\"> <\/span><\/p>\n<p><span class=\"text1noticias\">El presidente de la comisi\u00f3n; Julio C\u00e9sar Valent\u00edn, destac\u00f3 la importancia del encuentro se\u00f1alando que \u00abla seguridad, es el bien colectivo m\u00e1s demandado por la poblaci\u00f3n\u00bb, por lo que las consultas realizadas tienen como fin encaminar proyectos para lograr ese objetivo.<\/span><\/p>\n<p><span class=\"text1noticias\"> <\/span><\/p>\n<p><span class=\"text1noticias\">\u00abLa mayor preocupaci\u00f3n  de los ciudadanos es la seguridad y este proyecto contribuye seriamente  a prevenir y atacar el delito\u00bb, asegur\u00f3 el legislador.<\/span><\/p>\n<p><span class=\"text1noticias\"> <\/span><\/p>\n<p><span class=\"text1noticias\">Asimismo, el representante de la provincia de Santiago dijo que hacen algunos ajustes a varios art\u00edculos del proyecto, ya que las distintas provincias demandan que haya una extensi\u00f3n del Sistema de Atenci\u00f3n a Emergencias, \u00ablo que implica analizar c\u00f3mo ser\u00e1 sostenido en el tiempo\u00bb para garantizar un servicio eficaz a la ciudadan\u00eda.<\/span><\/p>\n<p><span class=\"text1noticias\"> <\/span><\/p>\n<p><span class=\"text1noticias\">El senador Julio C\u00e9sar Valent\u00edn dijo que el informe ser\u00e1 presentado al pleno senatorial luego de que sean agregados los aspectos sugeridos por el Poder Ejecutivo.<\/span><\/p>\n<p><span class=\"text1noticias\"> <\/span><\/p>\n<p><span class=\"text1noticias\">En la reuni\u00f3n de este martes, participaron adem\u00e1s de Julio C\u00e9sar Valent\u00edn; los  senadores Adriano S\u00e1nchez Roa, vicepresidente de la Comisi\u00f3n Permanente de Interior y Polic\u00eda y Seguridad Ciudadana; Tommy Gal\u00e1n, Manuel Antonio Paula, Ar\u00edstides Victoria Yeb, Amarilis Santana y Manuel G\u00fcichardo.<\/span><\/p>\n<p><span class=\"text1noticias\"> <\/span><\/p>\n<p><span class=\"text1noticias\">Por el Ministerio de la Presidencia participaron las abogadas Marisol Castillo y Zenia G<\/span>arc\u00eda.<\/p>\n<\/p>\n<h6> 2016-06-22 12:27:24 <\/h6>\n<p><!--\n<link rel=\"stylesheet\" href=\"css\/bootstrap.min.css\">\n\n\n<ul class=\"pagination\">\n\t    \n\t\n\n<li >\n\t<a href='?page_no=12660'>Previous<\/a>\n\t<\/li>\n\n\n       \n    \n\n<li><a href='?page_no=1'>1<\/a><\/li>\n\n\n\n<li><a href='?page_no=2'>2<\/a><\/li>\n\n\n\n<li><a>...<\/a><\/li>\n\n\n\n<li><a href='?page_no=12659'>12659<\/a><\/li>\n\n\n\n<li><a href='?page_no=12660'>12660<\/a><\/li>\n\n\n\n<li class='active'><a>12661<\/a><\/li>\n\n\n\n<li><a href='?page_no=12662'>12662<\/a><\/li>\n\n\n\n<li><a href='?page_no=12663'>12663<\/a><\/li>\n\n\n\n<li><a>...<\/a><\/li>\n\n\n\n<li><a href='?page_no=56169'>56169<\/a><\/li>\n\n\n\n<li><a href='?page_no=56170'>56170<\/a><\/li>\n\n    \n\t\n\n<li >\n\t<a href='?page_no=12662'>Next<\/a>\n\t<\/li>\n\n\n    \n\n<li><a href='?page_no=56170'>Last &rsaquo;&rsaquo;<\/a><\/li>\n\n<\/ul>\n\n\n--><br \/>\n<\/body><\/p>\n","protected":false},"excerpt":{"rendered":"<p>Santo Domingo, R. D., 22 de junio.- La Comisi\u00f3n Permanente de Interior y Polic\u00eda y Seguridad Ciudadana del Senado, se reuni\u00f3 con una comisi\u00f3n de abogadas del Ministerio de la Presidencia, para avanzar en el estudio del \u00abProyecto de ley del Sistema Nacional de Atenci\u00f3n a Emergencias y Seguridad 9-1-1\u00bb, as\u00ed como lo relacionado con [&hellip;]<\/p>\n","protected":false},"author":3,"featured_media":0,"comment_status":"open","ping_status":"open","sticky":false,"template":"","format":"standard","meta":{"footnotes":""},"categories":[20],"tags":[],"class_list":["post-218217","post","type-post","status-publish","format-standard","hentry","category-dominicana-hoy"],"_links":{"self":[{"href":"https:\/\/diariodominicano.com\/index.php?rest_route=\/wp\/v2\/posts\/218217","targetHints":{"allow":["GET"]}}],"collection":[{"href":"https:\/\/diariodominicano.com\/index.php?rest_route=\/wp\/v2\/posts"}],"about":[{"href":"https:\/\/diariodominicano.com\/index.php?rest_route=\/wp\/v2\/types\/post"}],"author":[{"embeddable":true,"href":"https:\/\/diariodominicano.com\/index.php?rest_route=\/wp\/v2\/users\/3"}],"replies":[{"embeddable":true,"href":"https:\/\/diariodominicano.com\/index.php?rest_route=%2Fwp%2Fv2%2Fcomments&post=218217"}],"version-history":[{"count":0,"href":"https:\/\/diariodominicano.com\/index.php?rest_route=\/wp\/v2\/posts\/218217\/revisions"}],"wp:attachment":[{"href":"https:\/\/diariodominicano.com\/index.php?rest_route=%2Fwp%2Fv2%2Fmedia&parent=218217"}],"wp:term":[{"taxonomy":"category","embeddable":true,"href":"https:\/\/diariodominicano.com\/index.php?rest_route=%2Fwp%2Fv2%2Fcategories&post=218217"},{"taxonomy":"post_tag","embeddable":true,"href":"https:\/\/diariodominicano.com\/index.php?rest_route=%2Fwp%2Fv2%2Ftags&post=218217"}],"curies":[{"name":"wp","href":"https:\/\/api.w.org\/{rel}","templated":true}]}}