{"id":218214,"date":"2016-06-22T15:10:44","date_gmt":"2016-06-22T15:10:44","guid":{"rendered":"http:\/\/diariodominicano.ddns.net\/?p=218214"},"modified":"2016-06-22T15:10:44","modified_gmt":"2016-06-22T15:10:44","slug":"dice-niveles-de-presas-estan-ajustados-a-temporada-de-huracanes","status":"publish","type":"post","link":"https:\/\/diariodominicano.com\/?p=218214","title":{"rendered":"Dice niveles de presas est\u00e1n ajustados a temporada de huracanes"},"content":{"rendered":"<p><body><\/p>\n<p><img decoding=\"async\" src=\"img3\/18 (1).jpg\" \/>  <\/p>\n<p><strong><span class=\"text1noticias\">Santo Domingo, R.D., 22 de junio.- <\/span><\/strong><span class=\"text1noticias\">El Observatorio Nacional del Agua inform\u00f3 que los niveles actuales de las presas est\u00e1n ajustados a las reglas de la temporada de huracanes y no ponen en peligro a las poblaciones aguas debajo de los embalses.<\/span><\/p>\n<\/p>\n<p><span class=\"text1noticias\">En la reuni\u00f3n ordinaria de los mi\u00e9rcoles, el organismo que preside el Instituto Nacional de Recursos Hidr\u00e1ulicos (INDRHI), dijo que las presas est\u00e1n en capacidad de regular las lluvias que se puedan registrar en los pr\u00f3ximos d\u00edas, producto de la llegada de ondas tropicales, vaguadas o sistemas frontales.<\/span><\/p>\n<\/p>\n<p><span class=\"text1noticias\">La autoridad hidrol\u00f3gica nacional inform\u00f3 que trabaja en conjunto con las instituciones de emergencia, para cubrir posibles eventualidades que requieran su intervenci\u00f3n.<\/span><\/p>\n<\/p>\n<p><span class=\"text1noticias\">Sostuvo que pese al registro de lluvias abundantes durante el presente a\u00f1o, todos los embalses est\u00e1n en capacidad de almacenar el agua proyectada en los informes meteorol\u00f3gicos.<\/span><\/p>\n<\/p>\n<p><span class=\"text1noticias\">De su lado, el predictor de la Oficina Nacional de Meteorolog\u00eda (ONAMET), Luis Felipe Jerez, dijo que las lluvias que seguir\u00e1n incidiendo hasta el viernes son por efectos locales (humedad y vientos del Este).<\/span><\/p>\n<\/p>\n<p><span class=\"text1noticias\">Indic\u00f3 que las precipitaciones se incrementaran el s\u00e1bado y el domingo por la presencia de una onda tropical y que aumentar\u00e1n a\u00fan m\u00e1s los d\u00edas lunes y martes con la llegada de otro fen\u00f3meno similar.<\/span><\/p>\n<\/p>\n<p><span class=\"text1noticias\">Agreg\u00f3 que esas lluvias estar\u00e1n concentradas mayormente hacia las regiones Noroeste, el Cibao Central, la regi\u00f3n fronteriza y las vertientes Sur y Norte de la Cordillera Central, llegando en algunos casos hasta los 80 mil\u00edmetros.<\/span><\/p>\n<\/p>\n<p><span class=\"text1noticias\">En tanto que el ingeniero Lu\u00eds Cuevas, del Departamento de Operaciones de Presas del INDRHI, manifest\u00f3 que los t\u00e9cnicos del INDRHI mantienen un monitoreo permanente sobre el comportamiento de los embalses del pa\u00eds.<\/span><\/p>\n<\/p>\n<\/p>\n<h6> 2016-06-22 15:10:44 <\/h6>\n<p><!--\n<link rel=\"stylesheet\" href=\"css\/bootstrap.min.css\">\n\n\n<ul class=\"pagination\">\n\t    \n\t\n\n<li >\n\t<a href='?page_no=12658'>Previous<\/a>\n\t<\/li>\n\n\n       \n    \n\n<li><a href='?page_no=1'>1<\/a><\/li>\n\n\n\n<li><a href='?page_no=2'>2<\/a><\/li>\n\n\n\n<li><a>...<\/a><\/li>\n\n\n\n<li><a href='?page_no=12657'>12657<\/a><\/li>\n\n\n\n<li><a href='?page_no=12658'>12658<\/a><\/li>\n\n\n\n<li class='active'><a>12659<\/a><\/li>\n\n\n\n<li><a href='?page_no=12660'>12660<\/a><\/li>\n\n\n\n<li><a href='?page_no=12661'>12661<\/a><\/li>\n\n\n\n<li><a>...<\/a><\/li>\n\n\n\n<li><a href='?page_no=56169'>56169<\/a><\/li>\n\n\n\n<li><a href='?page_no=56170'>56170<\/a><\/li>\n\n    \n\t\n\n<li >\n\t<a href='?page_no=12660'>Next<\/a>\n\t<\/li>\n\n\n    \n\n<li><a href='?page_no=56170'>Last &rsaquo;&rsaquo;<\/a><\/li>\n\n<\/ul>\n\n\n--><br \/>\n<\/body><\/p>\n","protected":false},"excerpt":{"rendered":"<p>Santo Domingo, R.D., 22 de junio.- El Observatorio Nacional del Agua inform\u00f3 que los niveles actuales de las presas est\u00e1n ajustados a las reglas de la temporada de huracanes y no ponen en peligro a las poblaciones aguas debajo de los embalses. En la reuni\u00f3n ordinaria de los mi\u00e9rcoles, el organismo que preside el Instituto [&hellip;]<\/p>\n","protected":false},"author":3,"featured_media":0,"comment_status":"open","ping_status":"open","sticky":false,"template":"","format":"standard","meta":{"footnotes":""},"categories":[20],"tags":[],"class_list":["post-218214","post","type-post","status-publish","format-standard","hentry","category-dominicana-hoy"],"_links":{"self":[{"href":"https:\/\/diariodominicano.com\/index.php?rest_route=\/wp\/v2\/posts\/218214","targetHints":{"allow":["GET"]}}],"collection":[{"href":"https:\/\/diariodominicano.com\/index.php?rest_route=\/wp\/v2\/posts"}],"about":[{"href":"https:\/\/diariodominicano.com\/index.php?rest_route=\/wp\/v2\/types\/post"}],"author":[{"embeddable":true,"href":"https:\/\/diariodominicano.com\/index.php?rest_route=\/wp\/v2\/users\/3"}],"replies":[{"embeddable":true,"href":"https:\/\/diariodominicano.com\/index.php?rest_route=%2Fwp%2Fv2%2Fcomments&post=218214"}],"version-history":[{"count":0,"href":"https:\/\/diariodominicano.com\/index.php?rest_route=\/wp\/v2\/posts\/218214\/revisions"}],"wp:attachment":[{"href":"https:\/\/diariodominicano.com\/index.php?rest_route=%2Fwp%2Fv2%2Fmedia&parent=218214"}],"wp:term":[{"taxonomy":"category","embeddable":true,"href":"https:\/\/diariodominicano.com\/index.php?rest_route=%2Fwp%2Fv2%2Fcategories&post=218214"},{"taxonomy":"post_tag","embeddable":true,"href":"https:\/\/diariodominicano.com\/index.php?rest_route=%2Fwp%2Fv2%2Ftags&post=218214"}],"curies":[{"name":"wp","href":"https:\/\/api.w.org\/{rel}","templated":true}]}}