{"id":218213,"date":"2016-06-22T15:27:46","date_gmt":"2016-06-22T15:27:46","guid":{"rendered":"http:\/\/diariodominicano.ddns.net\/?p=218213"},"modified":"2016-06-22T15:27:46","modified_gmt":"2016-06-22T15:27:46","slug":"director-pondera-aportes-de-la-uasd-a-la-region-enriquillo","status":"publish","type":"post","link":"https:\/\/diariodominicano.com\/?p=218213","title":{"rendered":"Director pondera aportes de la UASD a la Regi\u00f3n Enriquillo"},"content":{"rendered":"<p><body><\/p>\n<p><img decoding=\"async\" src=\"img3\/DSC_0141.JPG\" \/>  <\/p>\n<p><span class=\"text1noticias\">Barahona, R.D., 22 de junio.- El Director de UASD centro Barahona Pr\u00edamo Antonio Rivas Batista, indic\u00f3 hoy han sido enormes los aportes de esta unidad acad\u00e9mica, a la Regi\u00f3n Enriquillo.<\/span><\/p>\n<p><span class=\"text1noticias\"> <\/span><\/p>\n<p><span class=\"text1noticias\"> El funcionario acad\u00e9mico, dijo ya van 46 a\u00f1os de labor fruct\u00edfera a favor de la regi\u00f3n, formando miles de profesionales en las diversas \u00e1reas del conocimiento que hoy aportan al desarrollo de esta comunidad, a la regi\u00f3n, as\u00ed como en el contexto nacional a los fines de que los dominicanas y dominicanas logren el bienestar.<\/span><\/p>\n<p><span class=\"text1noticias\"> <\/span><\/p>\n<p><span class=\"text1noticias\">Se\u00f1al\u00f3 que en la investidura realizada en el mes de marzo, en la que se invistieron 419 nuevos profesionales de grado y de postgrado, suman ya 8 mil 319 los profesionales egresados de esta unidad acad\u00e9mica en poco m\u00e1s de cuatro d\u00e9cadas de existencia.<\/span><\/p>\n<p><span class=\"text1noticias\"> <\/span><\/p>\n<p><span class=\"text1noticias\">Record\u00f3 que el 26 de febrero del 1970, inici\u00f3 la docencia el entonces Centro Regional Universitario del Suroeste (Curso), con apenas 30 estudiantes,  5 profesores y 3 carreras, en un peque\u00f1o local que hoy sigue ocupando.<\/span><\/p>\n<p><span class=\"text1noticias\">\u00abHoy tenemos una matr\u00edcula de 10,961 estudiantes, m\u00e1s los 1,326 en el Subcentro Neyba, 162 profesores, de los cuales 89 viajan desde la sede central, 55 que son residentes, 18 figuran como nuevos contratados y una oferta de 21 carrereas, incluida la prem\u00e9dica, as\u00ed como 5 programas de postgrado\u00bb, dijo.<\/span><\/p>\n<p><span class=\"text1noticias\"> <\/span><\/p>\n<p><span class=\"text1noticias\">Afirm\u00f3 que esos datos significan que la academia estatal en Barahona y la regi\u00f3n, no solo avanza a pasos acelerados, sino que son tangibles las contribuciones realizadas en pro del desarrollo de esta zona, hist\u00f3ricamente olvidada por los distintos gobiernos.<\/span><\/p>\n<p><span class=\"text1noticias\"> <\/span><\/p>\n<p><span class=\"text1noticias\">Resalt\u00f3, adem\u00e1s, el principal funcionario de la UASD en Barahona, el hecho de que este Centro ha conseguido convertirse en una instituci\u00f3n moderna, con excelente espacio f\u00edsico, modernas y c\u00f3modas aulas para la docencia, las cuales fueron equipadas con abanicos para un mejor confort, elementos que afirm\u00f3, sirven de complemento que contribuyen con la docencia.<\/span><\/p>\n<p><span class=\"text1noticias\"> <\/span><\/p>\n<p><span class=\"text1noticias\">Sin embargo, Rivas Batista, dijo que la academia estatal en Barahona sigue teniendo muchos desaf\u00edos como el de convertirse en Recinto Universitario, anhelo para el cual trabaja y que esperan lograr lo m\u00e1s pronto pos<\/span>ible.<\/p>\n<h6> 2016-06-22 15:27:46 <\/h6>\n<p><!--\n<link rel=\"stylesheet\" href=\"css\/bootstrap.min.css\">\n\n\n<ul class=\"pagination\">\n\t    \n\t\n\n<li >\n\t<a href='?page_no=12657'>Previous<\/a>\n\t<\/li>\n\n\n       \n    \n\n<li><a href='?page_no=1'>1<\/a><\/li>\n\n\n\n<li><a href='?page_no=2'>2<\/a><\/li>\n\n\n\n<li><a>...<\/a><\/li>\n\n\n\n<li><a href='?page_no=12656'>12656<\/a><\/li>\n\n\n\n<li><a href='?page_no=12657'>12657<\/a><\/li>\n\n\n\n<li class='active'><a>12658<\/a><\/li>\n\n\n\n<li><a href='?page_no=12659'>12659<\/a><\/li>\n\n\n\n<li><a href='?page_no=12660'>12660<\/a><\/li>\n\n\n\n<li><a>...<\/a><\/li>\n\n\n\n<li><a href='?page_no=56169'>56169<\/a><\/li>\n\n\n\n<li><a href='?page_no=56170'>56170<\/a><\/li>\n\n    \n\t\n\n<li >\n\t<a href='?page_no=12659'>Next<\/a>\n\t<\/li>\n\n\n    \n\n<li><a href='?page_no=56170'>Last &rsaquo;&rsaquo;<\/a><\/li>\n\n<\/ul>\n\n\n--><br \/>\n<\/body><\/p>\n","protected":false},"excerpt":{"rendered":"<p>Barahona, R.D., 22 de junio.- El Director de UASD centro Barahona Pr\u00edamo Antonio Rivas Batista, indic\u00f3 hoy han sido enormes los aportes de esta unidad acad\u00e9mica, a la Regi\u00f3n Enriquillo. El funcionario acad\u00e9mico, dijo ya van 46 a\u00f1os de labor fruct\u00edfera a favor de la regi\u00f3n, formando miles de profesionales en las diversas \u00e1reas del [&hellip;]<\/p>\n","protected":false},"author":3,"featured_media":0,"comment_status":"open","ping_status":"open","sticky":false,"template":"","format":"standard","meta":{"footnotes":""},"categories":[20],"tags":[],"class_list":["post-218213","post","type-post","status-publish","format-standard","hentry","category-dominicana-hoy"],"_links":{"self":[{"href":"https:\/\/diariodominicano.com\/index.php?rest_route=\/wp\/v2\/posts\/218213","targetHints":{"allow":["GET"]}}],"collection":[{"href":"https:\/\/diariodominicano.com\/index.php?rest_route=\/wp\/v2\/posts"}],"about":[{"href":"https:\/\/diariodominicano.com\/index.php?rest_route=\/wp\/v2\/types\/post"}],"author":[{"embeddable":true,"href":"https:\/\/diariodominicano.com\/index.php?rest_route=\/wp\/v2\/users\/3"}],"replies":[{"embeddable":true,"href":"https:\/\/diariodominicano.com\/index.php?rest_route=%2Fwp%2Fv2%2Fcomments&post=218213"}],"version-history":[{"count":0,"href":"https:\/\/diariodominicano.com\/index.php?rest_route=\/wp\/v2\/posts\/218213\/revisions"}],"wp:attachment":[{"href":"https:\/\/diariodominicano.com\/index.php?rest_route=%2Fwp%2Fv2%2Fmedia&parent=218213"}],"wp:term":[{"taxonomy":"category","embeddable":true,"href":"https:\/\/diariodominicano.com\/index.php?rest_route=%2Fwp%2Fv2%2Fcategories&post=218213"},{"taxonomy":"post_tag","embeddable":true,"href":"https:\/\/diariodominicano.com\/index.php?rest_route=%2Fwp%2Fv2%2Ftags&post=218213"}],"curies":[{"name":"wp","href":"https:\/\/api.w.org\/{rel}","templated":true}]}}