{"id":218212,"date":"2016-06-22T15:49:28","date_gmt":"2016-06-22T15:49:28","guid":{"rendered":"http:\/\/diariodominicano.ddns.net\/?p=218212"},"modified":"2016-06-22T15:49:28","modified_gmt":"2016-06-22T15:49:28","slug":"mandatario-sera-testigo-del-acuerdo-entre-las-farc-y-el-gobierno-de-colombia","status":"publish","type":"post","link":"https:\/\/diariodominicano.com\/?p=218212","title":{"rendered":"&#13;Mandatario ser\u00e1 testigo del acuerdo entre las FARC y el Gobierno de Colombia"},"content":{"rendered":"<p><body><\/p>\n<p><img decoding=\"async\" src=\"img3\/daniloacolombia.jpg\" \/>  <\/p>\n<p><strong> <\/strong><\/p>\n<p><strong>Santo Domingo, 22 de junio.-<\/strong> El presidente Danilo Medina viajar\u00e1 este jueves a La Habana, Cuba, donde participar\u00e1 en el acto para dar a conocer los detalles del acuerdo alcanzado entre el Gobierno de Colombia y las FARC sobre el cese al fuego bilateral y definitivo.<\/p>\n<\/p>\n<p>Danilo Medina participar\u00e1 en el encuentro en su condici\u00f3n de presidente pro t\u00e9mpore de la CELAC, seg\u00fan confirm\u00f3  portavoz del Gobierno, Roberto Rodr\u00edguez Marchena.<\/p>\n<\/p>\n<p>De acuerdo con la informaci\u00f3n ofrecida por el tambi\u00e9n director general de Comunicaciones, Danilo Medina participar\u00e1 en el acto en su condici\u00f3n de presidente pro t\u00e9mpore de la Comunidad de Estados Latinoamericanos y del Caribe (CELAC).<\/p>\n<\/p>\n<p>El contenido del acuerdo se dar\u00e1 a conocer ma\u00f1ana en un evento de alto nivel encabezado por el presidente Juna Manuel Santos; el l\u00edder m\u00e1ximo de las FARC, Rodrigo Londo\u00f1o Echeverri (alias \u00abTimochenko\u00bb), adem\u00e1s del presidente de Cuba, Ra\u00fal Castro, y el canciller de Noruega, Borge Brende, los dos pa\u00edses garantes del proceso de paz colombiano.<\/p>\n<\/p>\n<p>A la ceremonia, que tendr\u00e1 lugar en el sal\u00f3n de protocolo del complejo habanero de El Laguito, asistir\u00e1 como invitado especial el secretario general de la ONU, Ban Ki Moon, acompa\u00f1ado por los presidentes del Consejo de Seguridad y de la Asamblea General de Naciones Unidas.<\/p>\n<h6> 2016-06-22 15:49:28 <\/h6>\n<p><!--\n<link rel=\"stylesheet\" href=\"css\/bootstrap.min.css\">\n\n\n<ul class=\"pagination\">\n\t    \n\t\n\n<li >\n\t<a href='?page_no=12656'>Previous<\/a>\n\t<\/li>\n\n\n       \n    \n\n<li><a href='?page_no=1'>1<\/a><\/li>\n\n\n\n<li><a href='?page_no=2'>2<\/a><\/li>\n\n\n\n<li><a>...<\/a><\/li>\n\n\n\n<li><a href='?page_no=12655'>12655<\/a><\/li>\n\n\n\n<li><a href='?page_no=12656'>12656<\/a><\/li>\n\n\n\n<li class='active'><a>12657<\/a><\/li>\n\n\n\n<li><a href='?page_no=12658'>12658<\/a><\/li>\n\n\n\n<li><a href='?page_no=12659'>12659<\/a><\/li>\n\n\n\n<li><a>...<\/a><\/li>\n\n\n\n<li><a href='?page_no=56169'>56169<\/a><\/li>\n\n\n\n<li><a href='?page_no=56170'>56170<\/a><\/li>\n\n    \n\t\n\n<li >\n\t<a href='?page_no=12658'>Next<\/a>\n\t<\/li>\n\n\n    \n\n<li><a href='?page_no=56170'>Last &rsaquo;&rsaquo;<\/a><\/li>\n\n<\/ul>\n\n\n--><br \/>\n<\/body><\/p>\n","protected":false},"excerpt":{"rendered":"<p>Santo Domingo, 22 de junio.- El presidente Danilo Medina viajar\u00e1 este jueves a La Habana, Cuba, donde participar\u00e1 en el acto para dar a conocer los detalles del acuerdo alcanzado entre el Gobierno de Colombia y las FARC sobre el cese al fuego bilateral y definitivo. Danilo Medina participar\u00e1 en el encuentro en su condici\u00f3n [&hellip;]<\/p>\n","protected":false},"author":3,"featured_media":0,"comment_status":"open","ping_status":"open","sticky":false,"template":"","format":"standard","meta":{"footnotes":""},"categories":[20],"tags":[],"class_list":["post-218212","post","type-post","status-publish","format-standard","hentry","category-dominicana-hoy"],"_links":{"self":[{"href":"https:\/\/diariodominicano.com\/index.php?rest_route=\/wp\/v2\/posts\/218212","targetHints":{"allow":["GET"]}}],"collection":[{"href":"https:\/\/diariodominicano.com\/index.php?rest_route=\/wp\/v2\/posts"}],"about":[{"href":"https:\/\/diariodominicano.com\/index.php?rest_route=\/wp\/v2\/types\/post"}],"author":[{"embeddable":true,"href":"https:\/\/diariodominicano.com\/index.php?rest_route=\/wp\/v2\/users\/3"}],"replies":[{"embeddable":true,"href":"https:\/\/diariodominicano.com\/index.php?rest_route=%2Fwp%2Fv2%2Fcomments&post=218212"}],"version-history":[{"count":0,"href":"https:\/\/diariodominicano.com\/index.php?rest_route=\/wp\/v2\/posts\/218212\/revisions"}],"wp:attachment":[{"href":"https:\/\/diariodominicano.com\/index.php?rest_route=%2Fwp%2Fv2%2Fmedia&parent=218212"}],"wp:term":[{"taxonomy":"category","embeddable":true,"href":"https:\/\/diariodominicano.com\/index.php?rest_route=%2Fwp%2Fv2%2Fcategories&post=218212"},{"taxonomy":"post_tag","embeddable":true,"href":"https:\/\/diariodominicano.com\/index.php?rest_route=%2Fwp%2Fv2%2Ftags&post=218212"}],"curies":[{"name":"wp","href":"https:\/\/api.w.org\/{rel}","templated":true}]}}