{"id":218211,"date":"2016-06-22T16:01:52","date_gmt":"2016-06-22T16:01:52","guid":{"rendered":"http:\/\/diariodominicano.ddns.net\/?p=218211"},"modified":"2016-06-22T16:01:52","modified_gmt":"2016-06-22T16:01:52","slug":"presidente-asiste-a-25-aniversario-ordenacion-episcopal-de-monsenor-grullon","status":"publish","type":"post","link":"https:\/\/diariodominicano.com\/?p=218211","title":{"rendered":"&#13;Presidente asiste a 25 aniversario ordenaci\u00f3n episcopal de monse\u00f1or Grull\u00f3n"},"content":{"rendered":"<p><body><\/p>\n<p><img decoding=\"async\" src=\"img3\/medinauno.jp0g.jpg\" \/><br \/><img decoding=\"async\" src=\"img3\/medina2.jpg\" \/><br \/><img decoding=\"async\" src=\"img3\/medinatres.jpg\" \/>  <\/p>\n<\/p>\n<\/p>\n<p><strong>San Juan., RD, 22 de junio-<\/strong>El presidente Danilo Medina asisti\u00f3 hoy a la ceremonia de celebraci\u00f3n del 25 aniversario de la ordenaci\u00f3n episcopal, del obispo de San Juan de la Maguana, monse\u00f1or Jos\u00e9 Dolores Grull\u00f3n Estrella.<\/p>\n<\/p>\n<p>La ceremonia inici\u00f3 con la llegada del jefe de Estado, minutos antes de las diez de la ma\u00f1ana, en el Centro Regional Oeste de la Universidad Aut\u00f3noma de Santo Domingo.<\/p>\n<\/p>\n<p>All\u00ed se realiz\u00f3 una misa de acci\u00f3n de gracias que fue presidida por el obispo de la Di\u00f3cesis de La Altagracia, monse\u00f1or Gregorio Nicanor Pe\u00f1a.<\/p>\n<\/p>\n<p>Se siente bendecido<\/p>\n<\/p>\n<p>Monse\u00f1or Dolores Grull\u00f3n dijo que San Juan es un pueblo de gran potencial tur\u00edstico y que en su misi\u00f3n sacerdotal y pastoral siente que ha recibido muchas bendiciones.<\/p>\n<\/p>\n<p>Resalt\u00f3 que San Juan de la Maguana es una tierra bendecida por Dios, al tiempo de hacer un recorrido hist\u00f3rico por las distintas etapas de su vida pastoral, sacerdotal y religiosa.<\/p>\n<\/p>\n<p>Servidor de los m\u00e1s necesitados<\/p>\n<\/p>\n<p>Explic\u00f3 que cuando Dios le hizo el llamado para servirle en su nombre, le pidi\u00f3 que fuera un hombre cercano a la gente y a las poblaciones m\u00e1s necesitadas.<\/p>\n<\/p>\n<p>Dolores Grull\u00f3n Estrella fue escogido obispo de San Juan, por el papa Juan Pablo II, el 20 de febrero de 1991.<\/p>\n<\/p>\n<p>Misa de Acci\u00f3n de Gracias<\/p>\n<\/p>\n<p>Por la iglesia cat\u00f3lica estuvieron concelebrando la Misa de Acci\u00f3n de Gracias, los obispos, Francisco Ozoria, de San Pedro Macor\u00eds; Di\u00f3medes Espinal, de Mao-Moncristi, Julio C\u00e9sar Corniel; de Puerto Plata, H\u00e9ctor Rafael Rodr\u00edguez; de La Vega, Andr\u00e9s Napole\u00f3n Romero; de Barahona, el arzobispo em\u00e9rito de Santiago Ram\u00f3n Benito de la Rosa y Carpio, el obispo em\u00e9rito de San Francisco de Macor\u00eds, Jes\u00fas Mar\u00eda de Jes\u00fas Moya; obispo em\u00e9rito de Barahona, Rafael Felipe y el rector de la Pontificia Universidad Cat\u00f3lica Madre y Maestra, Freddy de la Cruz, entre otros. <\/p>\n<\/p>\n<p>Entre los presentes en el acto tambi\u00e9n figuran, el ministro Administrativo de la Presidencia, Jos\u00e9 Ram\u00f3n Peralta; la vicepresidenta la C\u00e1mara de Diputados, Luc\u00eda Medina; el director del Instituto Nacional Recursos Hidr\u00e1ulicos (Indrhi), Olgo Fern\u00e1ndez; el gobernador, Miguel D? Oleo; el senador, F\u00e9lix Bautista; la alcaldesa, Han\u00f3i S\u00e1nchez y los asistentes del jefe de Estado, Carlos Pared P\u00e9rez y Robert de la Cruz.<\/p>\n<h6> 2016-06-22 16:01:52 <\/h6>\n<p><!--\n<link rel=\"stylesheet\" href=\"css\/bootstrap.min.css\">\n\n\n<ul class=\"pagination\">\n\t    \n\t\n\n<li >\n\t<a href='?page_no=12655'>Previous<\/a>\n\t<\/li>\n\n\n       \n    \n\n<li><a href='?page_no=1'>1<\/a><\/li>\n\n\n\n<li><a href='?page_no=2'>2<\/a><\/li>\n\n\n\n<li><a>...<\/a><\/li>\n\n\n\n<li><a href='?page_no=12654'>12654<\/a><\/li>\n\n\n\n<li><a href='?page_no=12655'>12655<\/a><\/li>\n\n\n\n<li class='active'><a>12656<\/a><\/li>\n\n\n\n<li><a href='?page_no=12657'>12657<\/a><\/li>\n\n\n\n<li><a href='?page_no=12658'>12658<\/a><\/li>\n\n\n\n<li><a>...<\/a><\/li>\n\n\n\n<li><a href='?page_no=56169'>56169<\/a><\/li>\n\n\n\n<li><a href='?page_no=56170'>56170<\/a><\/li>\n\n    \n\t\n\n<li >\n\t<a href='?page_no=12657'>Next<\/a>\n\t<\/li>\n\n\n    \n\n<li><a href='?page_no=56170'>Last &rsaquo;&rsaquo;<\/a><\/li>\n\n<\/ul>\n\n\n--><br \/>\n<\/body><\/p>\n","protected":false},"excerpt":{"rendered":"<p>San Juan., RD, 22 de junio-El presidente Danilo Medina asisti\u00f3 hoy a la ceremonia de celebraci\u00f3n del 25 aniversario de la ordenaci\u00f3n episcopal, del obispo de San Juan de la Maguana, monse\u00f1or Jos\u00e9 Dolores Grull\u00f3n Estrella. La ceremonia inici\u00f3 con la llegada del jefe de Estado, minutos antes de las diez de la ma\u00f1ana, en [&hellip;]<\/p>\n","protected":false},"author":3,"featured_media":0,"comment_status":"open","ping_status":"open","sticky":false,"template":"","format":"standard","meta":{"footnotes":""},"categories":[20],"tags":[],"class_list":["post-218211","post","type-post","status-publish","format-standard","hentry","category-dominicana-hoy"],"_links":{"self":[{"href":"https:\/\/diariodominicano.com\/index.php?rest_route=\/wp\/v2\/posts\/218211","targetHints":{"allow":["GET"]}}],"collection":[{"href":"https:\/\/diariodominicano.com\/index.php?rest_route=\/wp\/v2\/posts"}],"about":[{"href":"https:\/\/diariodominicano.com\/index.php?rest_route=\/wp\/v2\/types\/post"}],"author":[{"embeddable":true,"href":"https:\/\/diariodominicano.com\/index.php?rest_route=\/wp\/v2\/users\/3"}],"replies":[{"embeddable":true,"href":"https:\/\/diariodominicano.com\/index.php?rest_route=%2Fwp%2Fv2%2Fcomments&post=218211"}],"version-history":[{"count":0,"href":"https:\/\/diariodominicano.com\/index.php?rest_route=\/wp\/v2\/posts\/218211\/revisions"}],"wp:attachment":[{"href":"https:\/\/diariodominicano.com\/index.php?rest_route=%2Fwp%2Fv2%2Fmedia&parent=218211"}],"wp:term":[{"taxonomy":"category","embeddable":true,"href":"https:\/\/diariodominicano.com\/index.php?rest_route=%2Fwp%2Fv2%2Fcategories&post=218211"},{"taxonomy":"post_tag","embeddable":true,"href":"https:\/\/diariodominicano.com\/index.php?rest_route=%2Fwp%2Fv2%2Ftags&post=218211"}],"curies":[{"name":"wp","href":"https:\/\/api.w.org\/{rel}","templated":true}]}}