{"id":218207,"date":"2016-06-23T08:44:02","date_gmt":"2016-06-23T08:44:02","guid":{"rendered":"http:\/\/diariodominicano.ddns.net\/?p=218207"},"modified":"2016-06-23T08:44:02","modified_gmt":"2016-06-23T08:44:02","slug":"coordinan-jornada-preventiva-contra-zika-dengue-y-chikungunya","status":"publish","type":"post","link":"https:\/\/diariodominicano.com\/?p=218207","title":{"rendered":"Coordinan jornada preventiva contra zika, dengue y chikungunya"},"content":{"rendered":"<p><body><\/p>\n<p><img decoding=\"async\" src=\"img3\/dengue-dom23-6.jpg\" \/>  <\/p>\n<p>Santo Domingo, 23 jun (PL) Representantes de los ministerios dominicanos de la Presidencia, Obras P\u00fablicas y Salud P\u00fablica se reunieron hoy para coordinar la pr\u00f3xima jornada contra los virus del Zika, Dengue y Chikungunya, a realizarse los d\u00edas 24 y 25 de este mes.<\/p>\n<\/p>\n<p>En esta oportunidad la jornada para erradicar los criaderos del mosquito transmisor de esos virus abarcar\u00e1 los municipios de San Crist\u00f3bal, Haina y el Gran Santo Domingo, incluyendo el capitalino Distrito Nacional, se explic\u00f3 en la reuni\u00f3n.<\/p>\n<\/p>\n<p>El Ministerio de Obras P\u00fablicas dispuso que por esa entidad participar\u00e1n 500 hombres, 28 camiones para recoger basura y eliminar criadores, 12 camiones fumigadores, 80 bombas port\u00e1tiles de fumigaci\u00f3n, 22 camionetas para transporte de personal, as\u00ed como palas mec\u00e1nicas y otros equipos.<\/p>\n<\/p>\n<p>Tambi\u00e9n se integrar\u00e1n a esas acciones los empleados p\u00fablicos de las diferentes instituciones del Gobierno, que colaborar\u00e1n en la concientizaci\u00f3n de la poblaci\u00f3n.<\/p>\n<\/p>\n<p>La viceministra de la Presidencia, Zoraima Cuello, explic\u00f3 que la jornada tendr\u00e1 dos vertientes: por un lado el componente educativo, que consiste en entregar material informativo y orientar a las personas de c\u00f3mo eliminar los criaderos del mosquito y por otra parte el operativo, que implica la limpieza, fumigaci\u00f3n y destrucci\u00f3n de los criadores.<\/p>\n<\/p>\n<p>Esa fuente indic\u00f3 que un elemento clave es la participaci\u00f3n activa de las comunidades de San Crist\u00f3bal, Haina y el Gran Santo Domingo, las cuales quedar\u00e1n integradas a las labores de prevenci\u00f3n y educaci\u00f3n de los ciudadanos.<\/p>\n<\/p>\n<p>De esa forma se intenta educar y lograr reducir la letalidad de estas enfermedades, garantizar el diagn\u00f3stico oportuno y evitar la propagaci\u00f3n del mosquito, expres\u00f3 Cuello.<\/p>\n<\/p>\n<p>En la actividad particip\u00f3 el Mayor General Rafael De Luna Pichirilo, Director de la Defesa Civil, quien declar\u00f3 que ese organismo apoyar\u00e1 con todo su personal a este operativo y record\u00f3 que por las lluvias ca\u00eddas este es un momento pico en la reproducci\u00f3n del vector.<\/p>\n<h6> 2016-06-23 08:44:02 <\/h6>\n<p><!--\n<link rel=\"stylesheet\" href=\"css\/bootstrap.min.css\">\n\n\n<ul class=\"pagination\">\n\t    \n\t\n\n<li >\n\t<a href='?page_no=12651'>Previous<\/a>\n\t<\/li>\n\n\n       \n    \n\n<li><a href='?page_no=1'>1<\/a><\/li>\n\n\n\n<li><a href='?page_no=2'>2<\/a><\/li>\n\n\n\n<li><a>...<\/a><\/li>\n\n\n\n<li><a href='?page_no=12650'>12650<\/a><\/li>\n\n\n\n<li><a href='?page_no=12651'>12651<\/a><\/li>\n\n\n\n<li class='active'><a>12652<\/a><\/li>\n\n\n\n<li><a href='?page_no=12653'>12653<\/a><\/li>\n\n\n\n<li><a href='?page_no=12654'>12654<\/a><\/li>\n\n\n\n<li><a>...<\/a><\/li>\n\n\n\n<li><a href='?page_no=56169'>56169<\/a><\/li>\n\n\n\n<li><a href='?page_no=56170'>56170<\/a><\/li>\n\n    \n\t\n\n<li >\n\t<a href='?page_no=12653'>Next<\/a>\n\t<\/li>\n\n\n    \n\n<li><a href='?page_no=56170'>Last &rsaquo;&rsaquo;<\/a><\/li>\n\n<\/ul>\n\n\n--><br \/>\n<\/body><\/p>\n","protected":false},"excerpt":{"rendered":"<p>Santo Domingo, 23 jun (PL) Representantes de los ministerios dominicanos de la Presidencia, Obras P\u00fablicas y Salud P\u00fablica se reunieron hoy para coordinar la pr\u00f3xima jornada contra los virus del Zika, Dengue y Chikungunya, a realizarse los d\u00edas 24 y 25 de este mes. En esta oportunidad la jornada para erradicar los criaderos del mosquito [&hellip;]<\/p>\n","protected":false},"author":3,"featured_media":0,"comment_status":"open","ping_status":"open","sticky":false,"template":"","format":"standard","meta":{"footnotes":""},"categories":[20],"tags":[],"class_list":["post-218207","post","type-post","status-publish","format-standard","hentry","category-dominicana-hoy"],"_links":{"self":[{"href":"https:\/\/diariodominicano.com\/index.php?rest_route=\/wp\/v2\/posts\/218207","targetHints":{"allow":["GET"]}}],"collection":[{"href":"https:\/\/diariodominicano.com\/index.php?rest_route=\/wp\/v2\/posts"}],"about":[{"href":"https:\/\/diariodominicano.com\/index.php?rest_route=\/wp\/v2\/types\/post"}],"author":[{"embeddable":true,"href":"https:\/\/diariodominicano.com\/index.php?rest_route=\/wp\/v2\/users\/3"}],"replies":[{"embeddable":true,"href":"https:\/\/diariodominicano.com\/index.php?rest_route=%2Fwp%2Fv2%2Fcomments&post=218207"}],"version-history":[{"count":0,"href":"https:\/\/diariodominicano.com\/index.php?rest_route=\/wp\/v2\/posts\/218207\/revisions"}],"wp:attachment":[{"href":"https:\/\/diariodominicano.com\/index.php?rest_route=%2Fwp%2Fv2%2Fmedia&parent=218207"}],"wp:term":[{"taxonomy":"category","embeddable":true,"href":"https:\/\/diariodominicano.com\/index.php?rest_route=%2Fwp%2Fv2%2Fcategories&post=218207"},{"taxonomy":"post_tag","embeddable":true,"href":"https:\/\/diariodominicano.com\/index.php?rest_route=%2Fwp%2Fv2%2Ftags&post=218207"}],"curies":[{"name":"wp","href":"https:\/\/api.w.org\/{rel}","templated":true}]}}