{"id":218205,"date":"2016-06-23T09:39:51","date_gmt":"2016-06-23T09:39:51","guid":{"rendered":"http:\/\/diariodominicano.ddns.net\/?p=218205"},"modified":"2016-06-23T09:39:51","modified_gmt":"2016-06-23T09:39:51","slug":"maternidad-altagracia-gradua-34-especialistas","status":"publish","type":"post","link":"https:\/\/diariodominicano.com\/?p=218205","title":{"rendered":"&#13;Maternidad  Altagracia grad\u00faa 34 especialistas"},"content":{"rendered":"<p><body><\/p>\n<p><img decoding=\"async\" src=\"img3\/maternidad 23-6.jpg\" \/>  <\/p>\n<p><span class=\"text1noticias\">Santo Domingo,  R. D., 23 de junio.- El Hospital Universitario Maternidad Nuestra Se\u00f1ora de la Altagracia gradu\u00f3 a 34 nuevos especialistas y promovi\u00f3 a 16 residentes de diferentes a\u00f1os de estudios.<\/span><\/p>\n<\/p>\n<p><span class=\"text1noticias\">El grupo de diferentes especialidades est\u00e1 compuesto por ginec\u00f3logos obstetras, perinatolog\u00eda, onc\u00f3logos ginec\u00f3logos, endocrin\u00f3logos y anestesi\u00f3logos.<\/span><\/p>\n<p><span class=\"text1noticias\"> <\/span><\/p>\n<p><span class=\"text1noticias\">Los m\u00e9dicos celebraron su graduaci\u00f3n con un acto en el Hotel Crowne Plaza (antiguo V Centenario), encabezado por el doctor F\u00e9lix Hern\u00e1ndez, director del Servicio Regional de Salud Metropolitano (SRSM), y la doctora Joselyn S\u00e1nchez Parra, directora de la Maternidad.<\/span><\/p>\n<p><span class=\"text1noticias\"> <\/span><\/p>\n<p><span class=\"text1noticias\">La doctora S\u00e1nchez Parra los exhort\u00f3 a trabajar sin descanso para hacer de la Rep\u00fablica Dominicana un lugar cada vez mejor para todos.<\/span><\/p>\n<p><span class=\"text1noticias\"> <\/span><\/p>\n<p><span class=\"text1noticias\">Citando la expresi\u00f3n del ex presidente de los Estados Unidos, John F. Kennedy: \u00abno pregunten qu\u00e9 puede hacer este pa\u00eds por ustedes, sino que pueden hacer ustedes por su pa\u00eds\u00bb, la doctora S\u00e1nchez Parra los motiv\u00f3 a que cada d\u00eda hagan un trabajo con amor al paciente para que se sienta mejor atendido.<\/span><\/p>\n<p><span class=\"text1noticias\"> <\/span><\/p>\n<p><span class=\"text1noticias\">En la actividad, tambi\u00e9n fueron promovidos residentes de cuarto, tercer y segundo a\u00f1o en obstetricia y ginecolog\u00eda, as\u00ed como de sexto y s\u00e9ptimo a\u00f1o en el \u00e1rea de perinatolog\u00eda.<\/span><\/p>\n<p><span class=\"text1noticias\"> <\/span><\/p>\n<p><span class=\"text1noticias\">El grupo, adem\u00e1s, fue motivado por el doctor Hern\u00e1ndez y la doctora Casilda Nova, gerente de ense\u00f1anza e investigaci\u00f3n de la Maternidad, a seguir ofreciendo un trato humanizado y con calidez a los usuarios de los servicios de salud.<\/span><\/p>\n<p><span class=\"text1noticias\"> <\/span><\/p>\n<p><span class=\"text1noticias\">En el acto estuvieron presentes, el personal m\u00e9dico y administrativo de la Maternidad, as\u00ed como familiares de los graduandos.<\/span><\/p>\n<p><span class=\"text1noticias\"> <\/span><\/p>\n<\/p>\n<h6> 2016-06-23 09:39:51 <\/h6>\n<p><!--\n<link rel=\"stylesheet\" href=\"css\/bootstrap.min.css\">\n\n\n<ul class=\"pagination\">\n\t    \n\t\n\n<li >\n\t<a href='?page_no=12649'>Previous<\/a>\n\t<\/li>\n\n\n       \n    \n\n<li><a href='?page_no=1'>1<\/a><\/li>\n\n\n\n<li><a href='?page_no=2'>2<\/a><\/li>\n\n\n\n<li><a>...<\/a><\/li>\n\n\n\n<li><a href='?page_no=12648'>12648<\/a><\/li>\n\n\n\n<li><a href='?page_no=12649'>12649<\/a><\/li>\n\n\n\n<li class='active'><a>12650<\/a><\/li>\n\n\n\n<li><a href='?page_no=12651'>12651<\/a><\/li>\n\n\n\n<li><a href='?page_no=12652'>12652<\/a><\/li>\n\n\n\n<li><a>...<\/a><\/li>\n\n\n\n<li><a href='?page_no=56169'>56169<\/a><\/li>\n\n\n\n<li><a href='?page_no=56170'>56170<\/a><\/li>\n\n    \n\t\n\n<li >\n\t<a href='?page_no=12651'>Next<\/a>\n\t<\/li>\n\n\n    \n\n<li><a href='?page_no=56170'>Last &rsaquo;&rsaquo;<\/a><\/li>\n\n<\/ul>\n\n\n--><br \/>\n<\/body><\/p>\n","protected":false},"excerpt":{"rendered":"<p>Santo Domingo, R. D., 23 de junio.- El Hospital Universitario Maternidad Nuestra Se\u00f1ora de la Altagracia gradu\u00f3 a 34 nuevos especialistas y promovi\u00f3 a 16 residentes de diferentes a\u00f1os de estudios. El grupo de diferentes especialidades est\u00e1 compuesto por ginec\u00f3logos obstetras, perinatolog\u00eda, onc\u00f3logos ginec\u00f3logos, endocrin\u00f3logos y anestesi\u00f3logos. Los m\u00e9dicos celebraron su graduaci\u00f3n con un acto [&hellip;]<\/p>\n","protected":false},"author":3,"featured_media":0,"comment_status":"open","ping_status":"open","sticky":false,"template":"","format":"standard","meta":{"footnotes":""},"categories":[20],"tags":[],"class_list":["post-218205","post","type-post","status-publish","format-standard","hentry","category-dominicana-hoy"],"_links":{"self":[{"href":"https:\/\/diariodominicano.com\/index.php?rest_route=\/wp\/v2\/posts\/218205","targetHints":{"allow":["GET"]}}],"collection":[{"href":"https:\/\/diariodominicano.com\/index.php?rest_route=\/wp\/v2\/posts"}],"about":[{"href":"https:\/\/diariodominicano.com\/index.php?rest_route=\/wp\/v2\/types\/post"}],"author":[{"embeddable":true,"href":"https:\/\/diariodominicano.com\/index.php?rest_route=\/wp\/v2\/users\/3"}],"replies":[{"embeddable":true,"href":"https:\/\/diariodominicano.com\/index.php?rest_route=%2Fwp%2Fv2%2Fcomments&post=218205"}],"version-history":[{"count":0,"href":"https:\/\/diariodominicano.com\/index.php?rest_route=\/wp\/v2\/posts\/218205\/revisions"}],"wp:attachment":[{"href":"https:\/\/diariodominicano.com\/index.php?rest_route=%2Fwp%2Fv2%2Fmedia&parent=218205"}],"wp:term":[{"taxonomy":"category","embeddable":true,"href":"https:\/\/diariodominicano.com\/index.php?rest_route=%2Fwp%2Fv2%2Fcategories&post=218205"},{"taxonomy":"post_tag","embeddable":true,"href":"https:\/\/diariodominicano.com\/index.php?rest_route=%2Fwp%2Fv2%2Ftags&post=218205"}],"curies":[{"name":"wp","href":"https:\/\/api.w.org\/{rel}","templated":true}]}}