{"id":218203,"date":"2016-06-23T10:31:32","date_gmt":"2016-06-23T10:31:32","guid":{"rendered":"http:\/\/diariodominicano.ddns.net\/?p=218203"},"modified":"2016-06-23T10:31:32","modified_gmt":"2016-06-23T10:31:32","slug":"denuncian-que-camion-de-bomberos-tiene-ocho-meses-danado","status":"publish","type":"post","link":"https:\/\/diariodominicano.com\/?p=218203","title":{"rendered":"&#13;Denuncian que cami\u00f3n de Bomberos tiene ocho meses da\u00f1ado&#13;"},"content":{"rendered":"<p><body><\/p>\n<p><img decoding=\"async\" src=\"img3\/camion b 23-6.jpg\" \/>  <\/p>\n<p><span class=\"text1noticias\">Para\u00edso, Barahona, R. D., 23 junio.- Residentes en esta localidad claman a las autoridades locales por la puesta en funcionamiento del cami\u00f3n del Cuerpo de Bomberos que lleva ocho meses fuera de servicio.<\/span><\/p>\n<p><span class=\"text1noticias\"> <\/span><\/p>\n<p><span class=\"text1noticias\">Producto a la falta de neum\u00e1ticos, bater\u00edas, bomba de expulsi\u00f3n del agua y una constante fuga de aceite en el motor que no permite que el equipo sea encendido para una eventual emergencia.<\/span><\/p>\n<p><span class=\"text1noticias\"> <\/span><\/p>\n<p><span class=\"text1noticias\">Moradores de esta poblaci\u00f3n manifestaron a este medio de comunicaci\u00f3n que se encuentran desamparados debido a que en caso de emergencia no tienen con qu\u00e9 palear las incesantes llamas de un fuego.<\/span><\/p>\n<p><span class=\"text1noticias\"> <\/span><\/p>\n<p><span class=\"text1noticias\">Establecieron que el Cuerpo de Bomberos se encuentra en condiciones cr\u00edticas tras la falta de ayudas de las autoridades locales y del Ministerio de Interior y Polic\u00eda.<\/span><\/p>\n<p><span class=\"text1noticias\">Apuntaron que con la falta de ese cami\u00f3n esta localidad se ha quedado estancada en el pasado ya que volvieron a los tiempos de cuando los incendios se enfrentaban con \u00ablatas\u00bb de agua.<\/span><\/p>\n<p><span class=\"text1noticias\"> <\/span><\/p>\n<p><span class=\"text1noticias\">Asimismo, dicen que los voluntarios del cuerpo de socorro no tienen de que agarrarse, ya que no reciben remuneraciones para mantener a sus familiare<\/span>s.<\/p>\n<\/p>\n<h6> 2016-06-23 10:31:32 <\/h6>\n<p><!--\n<link rel=\"stylesheet\" href=\"css\/bootstrap.min.css\">\n\n\n<ul class=\"pagination\">\n\t    \n\t\n\n<li >\n\t<a href='?page_no=12648'>Previous<\/a>\n\t<\/li>\n\n\n       \n    \n\n<li><a href='?page_no=1'>1<\/a><\/li>\n\n\n\n<li><a href='?page_no=2'>2<\/a><\/li>\n\n\n\n<li><a>...<\/a><\/li>\n\n\n\n<li><a href='?page_no=12647'>12647<\/a><\/li>\n\n\n\n<li><a href='?page_no=12648'>12648<\/a><\/li>\n\n\n\n<li class='active'><a>12649<\/a><\/li>\n\n\n\n<li><a href='?page_no=12650'>12650<\/a><\/li>\n\n\n\n<li><a href='?page_no=12651'>12651<\/a><\/li>\n\n\n\n<li><a>...<\/a><\/li>\n\n\n\n<li><a href='?page_no=56169'>56169<\/a><\/li>\n\n\n\n<li><a href='?page_no=56170'>56170<\/a><\/li>\n\n    \n\t\n\n<li >\n\t<a href='?page_no=12650'>Next<\/a>\n\t<\/li>\n\n\n    \n\n<li><a href='?page_no=56170'>Last &rsaquo;&rsaquo;<\/a><\/li>\n\n<\/ul>\n\n\n--><br \/>\n<\/body><\/p>\n","protected":false},"excerpt":{"rendered":"<p>Para\u00edso, Barahona, R. D., 23 junio.- Residentes en esta localidad claman a las autoridades locales por la puesta en funcionamiento del cami\u00f3n del Cuerpo de Bomberos que lleva ocho meses fuera de servicio. Producto a la falta de neum\u00e1ticos, bater\u00edas, bomba de expulsi\u00f3n del agua y una constante fuga de aceite en el motor que [&hellip;]<\/p>\n","protected":false},"author":3,"featured_media":0,"comment_status":"open","ping_status":"open","sticky":false,"template":"","format":"standard","meta":{"footnotes":""},"categories":[20],"tags":[],"class_list":["post-218203","post","type-post","status-publish","format-standard","hentry","category-dominicana-hoy"],"_links":{"self":[{"href":"https:\/\/diariodominicano.com\/index.php?rest_route=\/wp\/v2\/posts\/218203","targetHints":{"allow":["GET"]}}],"collection":[{"href":"https:\/\/diariodominicano.com\/index.php?rest_route=\/wp\/v2\/posts"}],"about":[{"href":"https:\/\/diariodominicano.com\/index.php?rest_route=\/wp\/v2\/types\/post"}],"author":[{"embeddable":true,"href":"https:\/\/diariodominicano.com\/index.php?rest_route=\/wp\/v2\/users\/3"}],"replies":[{"embeddable":true,"href":"https:\/\/diariodominicano.com\/index.php?rest_route=%2Fwp%2Fv2%2Fcomments&post=218203"}],"version-history":[{"count":0,"href":"https:\/\/diariodominicano.com\/index.php?rest_route=\/wp\/v2\/posts\/218203\/revisions"}],"wp:attachment":[{"href":"https:\/\/diariodominicano.com\/index.php?rest_route=%2Fwp%2Fv2%2Fmedia&parent=218203"}],"wp:term":[{"taxonomy":"category","embeddable":true,"href":"https:\/\/diariodominicano.com\/index.php?rest_route=%2Fwp%2Fv2%2Fcategories&post=218203"},{"taxonomy":"post_tag","embeddable":true,"href":"https:\/\/diariodominicano.com\/index.php?rest_route=%2Fwp%2Fv2%2Ftags&post=218203"}],"curies":[{"name":"wp","href":"https:\/\/api.w.org\/{rel}","templated":true}]}}