{"id":218197,"date":"2016-06-23T15:39:00","date_gmt":"2016-06-23T15:39:00","guid":{"rendered":"http:\/\/diariodominicano.ddns.net\/?p=218197"},"modified":"2016-06-23T15:39:00","modified_gmt":"2016-06-23T15:39:00","slug":"panama-inicia-gestiones-para-replicar-el-caid-y-varios-programas-del-dpd","status":"publish","type":"post","link":"https:\/\/diariodominicano.com\/?p=218197","title":{"rendered":"&#13;Panam\u00e1 inicia gestiones para replicar el CAID y varios programas del DPD"},"content":{"rendered":"<p><body><\/p>\n<p><img decoding=\"async\" src=\"img3\/IMG_2091.jpg\" \/><br \/><img decoding=\"async\" src=\"img3\/IMG_20673.jpg\" \/><br \/><img decoding=\"async\" src=\"img3\/IMG_204902.jpg\" \/>  <\/p>\n<\/p>\n<p>Santo Domingo, 23 de junio.- El Gobierno de Panam\u00e1 inici\u00f3 gestiones para la construcci\u00f3n en esa naci\u00f3n de los Centros de Atenci\u00f3n Integral para la Discapacidad (CAID), como r\u00e9plica exacta de los que el Despacho de la Primera Dama C\u00e1ndida Montilla de Medina ha establecido en el pa\u00eds.<\/p>\n<\/p>\n<p>En ese sentido, una amplia comisi\u00f3n del Gobierno y de Organizaciones No Gubernamentales se encuentran en el pa\u00eds conociendo todos los aspectos t\u00e9cnicos y operativos del CAID; as\u00ed como los dem\u00e1s programas que desarrolla el Despacho de Montilla de Medina y que tambi\u00e9n ser\u00e1n replicados en Panam\u00e1.<\/p>\n<\/p>\n<p>Ya antes conocieron el enfoque y alcance de los programas del Despacho de la Primera Dama, Comunidades Inteligentes, Angeles de la Cultura, Servicio al Ciudadano, Cuenta Conmigo, Mujeres Saludables y Mujer y Vida, as\u00ed como los proyectos de <\/p>\n<p>Tamiz Neonatal; Centro de Atenci\u00f3n Sicosocial para J\u00f3venes Internos de La Victoria y Centro de Atenci\u00f3n para Personas con Discapacidad Sicosocial, en situaci\u00f3n de calle, que entrar\u00e1n en operaci\u00f3n pr\u00f3ximamente.<\/p>\n<\/p>\n<p>Representantes de diversas \u00e1reas<\/p>\n<\/p>\n<p>La delegaci\u00f3n est\u00e1 integrada por los se\u00f1ores Nelson Castillo, director de Proyecci\u00f3n Social y  Octavio Espinosa, coordinador nacional de Salud del Despacho de Castillo de Varela; as\u00ed como por Maruja de Villalobos, directora General y Pedro Fajardo, director de Servicios T\u00e9cnicos y M\u00e9dicos, del Instituto Paname\u00f1o de Habilitaci\u00f3n Especial, respectivamente.<\/p>\n<\/p>\n<p>Tambi\u00e9n  Ingrid Gonz\u00e1lez, directora de la Oficina Nacional de Salud Integral para la Poblaci\u00f3n con Discapacidad y los se\u00f1ores Juan Carlos Navarro, socio y encargado del proyecto meta \u00abTelet\u00f3n 2016\u00bb para la fundaci\u00f3n Activo 20-30; el presidente de esa instituci\u00f3n, Konstantino Karnakis y Ernesto Le\u00f3n, principal ejecutivo de EDUPAN, dedicada a la mejora de la calidad educativa mediante la inclusi\u00f3n de tecnolog\u00eda.<\/p>\n<\/p>\n<p> \u00abEl CAID es nuestro punto de referencia\u00bb<\/p>\n<\/p>\n<p>La directora general del Instituto Paname\u00f1o de Habilitaci\u00f3n Especial, Maruja Villalobos,  expres\u00f3 que conocen muchos centros en Latinoam\u00e9rica, e inclusive, en Europa, y que es el CAID, del Despacho de la Primera Dama Montilla de Medina, donde han podido apreciar una atenci\u00f3n verdaderamente integral para las familias y ni\u00f1os con discapacidad.<\/p>\n<\/p>\n<p>\u00abPara nosotros este CAID es un centro modelo, en mi caso es la segunda vez que vengo, y  lo que queremos es replicar sino todos, la mayor\u00eda los servicios m\u00e1s importantes y ser complementados por los servicios de salud que se dan en los diferentes centro de nuestro pa\u00eds a nivel de nacional\u00bb, expuso.<\/p>\n<\/p>\n<p>Resalt\u00f3 la calidad del servicio que brinda el CAID, as\u00ed como las normas de control y la respuesta a nivel terap\u00e9utica, m\u00e9dica y el trabajo con los padres de familia, como puntos incomparables de este centro, \u00abpara nosotros s\u00ed ser\u00eda un punto de referencia llevar toda esta experiencia a nuestro pa\u00eds\u00bb, dijo.<\/p>\n<\/p>\n<p>Villalobos asegur\u00f3 que para el gobierno de Panam\u00e1 \u00abes muy importante poder ver toda la experiencia y sobre todo el sistema de organizaci\u00f3n, de captaci\u00f3n, de referencia que se hace en Rep\u00fablica Dominicana, a trav\u00e9s del CAID, a la poblaci\u00f3n con autismo, par\u00e1lisis cerebral y s\u00edndrome de Dowm\u00bb. <\/p>\n<\/p>\n<p>Agradece distinci\u00f3n internacional<\/p>\n<\/p>\n<p>En nombre de la Primera Dama Montilla de Medina, el director general del CAID, Mois\u00e9s Taveras  manifest\u00f3 que es un honor  que gobiernos de otros pa\u00edses de igual nivel de desarrollo y otros hayan pensado en la experiencia del CAID, para replicarla en sus naciones.<\/p>\n<\/p>\n<p>\u00abEs una forma de compartir el camino que hemos recorrido, los aciertos que hemos tenido  y la muy buena proyecci\u00f3n como imagen ?pa\u00eds que ha tenido el CAID\u00bb, indic\u00f3 Taveras, quien, adem\u00e1s de encabezar un recorrido explicativo por cada una de las estructuras del CAID, encabez\u00f3 la reuni\u00f3n t\u00e9cnica de trabajo con el equipo de Panam\u00e1.<\/p>\n<\/p>\n<p>Junto al doctor Mois\u00e9s Taveras, estuvieron en el recorrido y acompa\u00f1amiento a los delegados paname\u00f1os por el Despacho de la Primera Dama, Isaac V\u00e1squez, director de Proyectos y Patricia Arache, directora de Comunicaciones.<\/p>\n<\/p>\n<p>Taveras estuvo acompa\u00f1ado en la mesa de trabajo por Mercedes Vargas, Enlace administrativo entre el DPD y el CAID, Karina Germ\u00e1n, administradora Regional y los encargados de servicios terap\u00e9uticos del centro. <\/p>\n<h6> 2016-06-23 15:39:00 <\/h6>\n<p><!--\n<link rel=\"stylesheet\" href=\"css\/bootstrap.min.css\">\n\n\n<ul class=\"pagination\">\n\t    \n\t\n\n<li >\n\t<a href='?page_no=12642'>Previous<\/a>\n\t<\/li>\n\n\n       \n    \n\n<li><a href='?page_no=1'>1<\/a><\/li>\n\n\n\n<li><a href='?page_no=2'>2<\/a><\/li>\n\n\n\n<li><a>...<\/a><\/li>\n\n\n\n<li><a href='?page_no=12641'>12641<\/a><\/li>\n\n\n\n<li><a href='?page_no=12642'>12642<\/a><\/li>\n\n\n\n<li class='active'><a>12643<\/a><\/li>\n\n\n\n<li><a href='?page_no=12644'>12644<\/a><\/li>\n\n\n\n<li><a href='?page_no=12645'>12645<\/a><\/li>\n\n\n\n<li><a>...<\/a><\/li>\n\n\n\n<li><a href='?page_no=56169'>56169<\/a><\/li>\n\n\n\n<li><a href='?page_no=56170'>56170<\/a><\/li>\n\n    \n\t\n\n<li >\n\t<a href='?page_no=12644'>Next<\/a>\n\t<\/li>\n\n\n    \n\n<li><a href='?page_no=56170'>Last &rsaquo;&rsaquo;<\/a><\/li>\n\n<\/ul>\n\n\n--><br \/>\n<\/body><\/p>\n","protected":false},"excerpt":{"rendered":"<p>Santo Domingo, 23 de junio.- El Gobierno de Panam\u00e1 inici\u00f3 gestiones para la construcci\u00f3n en esa naci\u00f3n de los Centros de Atenci\u00f3n Integral para la Discapacidad (CAID), como r\u00e9plica exacta de los que el Despacho de la Primera Dama C\u00e1ndida Montilla de Medina ha establecido en el pa\u00eds. En ese sentido, una amplia comisi\u00f3n del [&hellip;]<\/p>\n","protected":false},"author":3,"featured_media":0,"comment_status":"open","ping_status":"open","sticky":false,"template":"","format":"standard","meta":{"footnotes":""},"categories":[20],"tags":[],"class_list":["post-218197","post","type-post","status-publish","format-standard","hentry","category-dominicana-hoy"],"_links":{"self":[{"href":"https:\/\/diariodominicano.com\/index.php?rest_route=\/wp\/v2\/posts\/218197","targetHints":{"allow":["GET"]}}],"collection":[{"href":"https:\/\/diariodominicano.com\/index.php?rest_route=\/wp\/v2\/posts"}],"about":[{"href":"https:\/\/diariodominicano.com\/index.php?rest_route=\/wp\/v2\/types\/post"}],"author":[{"embeddable":true,"href":"https:\/\/diariodominicano.com\/index.php?rest_route=\/wp\/v2\/users\/3"}],"replies":[{"embeddable":true,"href":"https:\/\/diariodominicano.com\/index.php?rest_route=%2Fwp%2Fv2%2Fcomments&post=218197"}],"version-history":[{"count":0,"href":"https:\/\/diariodominicano.com\/index.php?rest_route=\/wp\/v2\/posts\/218197\/revisions"}],"wp:attachment":[{"href":"https:\/\/diariodominicano.com\/index.php?rest_route=%2Fwp%2Fv2%2Fmedia&parent=218197"}],"wp:term":[{"taxonomy":"category","embeddable":true,"href":"https:\/\/diariodominicano.com\/index.php?rest_route=%2Fwp%2Fv2%2Fcategories&post=218197"},{"taxonomy":"post_tag","embeddable":true,"href":"https:\/\/diariodominicano.com\/index.php?rest_route=%2Fwp%2Fv2%2Ftags&post=218197"}],"curies":[{"name":"wp","href":"https:\/\/api.w.org\/{rel}","templated":true}]}}