{"id":218192,"date":"2016-06-23T17:05:43","date_gmt":"2016-06-23T17:05:43","guid":{"rendered":"http:\/\/diariodominicano.ddns.net\/?p=218192"},"modified":"2016-06-23T17:05:43","modified_gmt":"2016-06-23T17:05:43","slug":"presidente-jad-cree-positivo-gobierno-busque-consenso-para-pacto-fiscal","status":"publish","type":"post","link":"https:\/\/diariodominicano.com\/?p=218192","title":{"rendered":"&#13;Presidente JAD cree positivo  gobierno busque consenso para Pacto Fiscal"},"content":{"rendered":"<p><body><\/p>\n<p><img decoding=\"async\" src=\"img3\/image_content_6583724_20160505195549 (1).jpg\" \/>  <\/p>\n<p><strong><span class=\"text1noticias\">Santo Domingo, R.D., 23 de junio.- <\/span><\/strong><span class=\"text1noticias\">El presidente de la Junta Agroempresarial Dominicana (JAD), Wilfredo Cabera, consider\u00f3 positivo que el gobierno central busque el consenso de todos los sectores de la vida nacional previo a la firma de un Pacto Fiscal.<\/span><\/p>\n<\/p>\n<p><span class=\"text1noticias\">Cabrera dijo que los productores agropecuarios est\u00e1n a la espera de esa propuesta para analizarla en el seno de la JAD, aunque adelant\u00f3 que la iniciativa tiene un cien por ciento de positivo.<\/span><\/p>\n<\/p>\n<p><span class=\"text1noticias\">Destac\u00f3 que lo m\u00e1s importante de esa propuesta fiscal es que no va afectar el aparato productivo del pa\u00eds, as\u00ed como a la clase consumidora nacional, porque la canasta familiar no ser\u00e1 perjudicada.<\/span><\/p>\n<\/p>\n<p><span class=\"text1noticias\">\u00a8Lo m\u00e1s importante de ese Pacto Fiscal es que se tomar\u00e1n medidas para reorganizar algunos renglones impositivos, pero no es cierto que vaya afectar a la clase consumidora dominicana \u00a8, expuso el agroempresario.<\/span><\/p>\n<p><span class=\"text1noticias\">El presidente de la JAD sostuvo que una ve convocado los sectores se podr\u00e1n discutir pol\u00edticas que permitan corregir algunas distorsiones fiscales que al final de cuenta van a beneficiar al pa\u00eds.<\/span><\/p>\n<\/p>\n<p><span class=\"text1noticias\">En ese sentido, expres\u00f3 que ellos (los agroempresarios), como sector est\u00e1n de acuerdo con esas iniciativas, a pesar de que a\u00fan han recibido la propuesta por parte del Poder Ejecutivo.<\/span><\/p>\n<p><span class=\"text1noticias\">Cabrera, consider\u00f3 que cuando un pa\u00eds como Rep\u00fablica Dominicana se organiza en materia fiscal, la econom\u00eda se mantiene estable, tal como lo se\u00f1alan los organismos internacionales.<\/span><\/p>\n<\/p>\n<p><span class=\"text1noticias\">Otros representantes del sector industrial, comercial y empresarial se han pronunciado en favor de la firma del Pacto Fiscal por entender es necesario para reorganizar los renglones productivos y contrarrestar la evasi\u00f3n fiscal.<\/span><\/p>\n<\/p>\n<h6> 2016-06-23 17:05:43 <\/h6>\n<p><!--\n<link rel=\"stylesheet\" href=\"css\/bootstrap.min.css\">\n\n\n<ul class=\"pagination\">\n\t    \n\t\n\n<li >\n\t<a href='?page_no=12638'>Previous<\/a>\n\t<\/li>\n\n\n       \n    \n\n<li><a href='?page_no=1'>1<\/a><\/li>\n\n\n\n<li><a href='?page_no=2'>2<\/a><\/li>\n\n\n\n<li><a>...<\/a><\/li>\n\n\n\n<li><a href='?page_no=12637'>12637<\/a><\/li>\n\n\n\n<li><a href='?page_no=12638'>12638<\/a><\/li>\n\n\n\n<li class='active'><a>12639<\/a><\/li>\n\n\n\n<li><a href='?page_no=12640'>12640<\/a><\/li>\n\n\n\n<li><a href='?page_no=12641'>12641<\/a><\/li>\n\n\n\n<li><a>...<\/a><\/li>\n\n\n\n<li><a href='?page_no=56169'>56169<\/a><\/li>\n\n\n\n<li><a href='?page_no=56170'>56170<\/a><\/li>\n\n    \n\t\n\n<li >\n\t<a href='?page_no=12640'>Next<\/a>\n\t<\/li>\n\n\n    \n\n<li><a href='?page_no=56170'>Last &rsaquo;&rsaquo;<\/a><\/li>\n\n<\/ul>\n\n\n--><br \/>\n<\/body><\/p>\n","protected":false},"excerpt":{"rendered":"<p>Santo Domingo, R.D., 23 de junio.- El presidente de la Junta Agroempresarial Dominicana (JAD), Wilfredo Cabera, consider\u00f3 positivo que el gobierno central busque el consenso de todos los sectores de la vida nacional previo a la firma de un Pacto Fiscal. Cabrera dijo que los productores agropecuarios est\u00e1n a la espera de esa propuesta para [&hellip;]<\/p>\n","protected":false},"author":3,"featured_media":0,"comment_status":"open","ping_status":"open","sticky":false,"template":"","format":"standard","meta":{"footnotes":""},"categories":[20],"tags":[],"class_list":["post-218192","post","type-post","status-publish","format-standard","hentry","category-dominicana-hoy"],"_links":{"self":[{"href":"https:\/\/diariodominicano.com\/index.php?rest_route=\/wp\/v2\/posts\/218192","targetHints":{"allow":["GET"]}}],"collection":[{"href":"https:\/\/diariodominicano.com\/index.php?rest_route=\/wp\/v2\/posts"}],"about":[{"href":"https:\/\/diariodominicano.com\/index.php?rest_route=\/wp\/v2\/types\/post"}],"author":[{"embeddable":true,"href":"https:\/\/diariodominicano.com\/index.php?rest_route=\/wp\/v2\/users\/3"}],"replies":[{"embeddable":true,"href":"https:\/\/diariodominicano.com\/index.php?rest_route=%2Fwp%2Fv2%2Fcomments&post=218192"}],"version-history":[{"count":0,"href":"https:\/\/diariodominicano.com\/index.php?rest_route=\/wp\/v2\/posts\/218192\/revisions"}],"wp:attachment":[{"href":"https:\/\/diariodominicano.com\/index.php?rest_route=%2Fwp%2Fv2%2Fmedia&parent=218192"}],"wp:term":[{"taxonomy":"category","embeddable":true,"href":"https:\/\/diariodominicano.com\/index.php?rest_route=%2Fwp%2Fv2%2Fcategories&post=218192"},{"taxonomy":"post_tag","embeddable":true,"href":"https:\/\/diariodominicano.com\/index.php?rest_route=%2Fwp%2Fv2%2Ftags&post=218192"}],"curies":[{"name":"wp","href":"https:\/\/api.w.org\/{rel}","templated":true}]}}