{"id":218189,"date":"2016-06-24T08:07:00","date_gmt":"2016-06-24T08:07:00","guid":{"rendered":"http:\/\/diariodominicano.ddns.net\/?p=218189"},"modified":"2016-06-24T08:07:00","modified_gmt":"2016-06-24T08:07:00","slug":"proyecto-reunira-servicios-desarrollo-con-financiamiento-bid","status":"publish","type":"post","link":"https:\/\/diariodominicano.com\/?p=218189","title":{"rendered":"Proyecto reunir\u00e1 servicios desarrollo con  financiamiento BID"},"content":{"rendered":"<p><body><\/p>\n<p><img decoding=\"async\" src=\"img3\/vice24-6.jpg\" \/><br \/><img decoding=\"async\" src=\"img3\/Vicemargarita24-6.jpg\" \/>  <\/p>\n<p>Santo Domingo, R. D., 24 de junio.- <span class=\"text1noticias\">La vicepresidenta de la Rep\u00fablica, doctora Margarita Cede\u00f1o, acompa\u00f1\u00f3 la tarde de este jueves a una comisi\u00f3n del Banco Interamericano de Desarrollo (BID) a identificar el terreno en el que se construir\u00e1 el complejo Ciudad Mujer, dentro del proyecto habitacional La Nueva Barquita, que inaugurar\u00e1 el mi\u00e9rcoles pr\u00f3ximo el presidente licenciado Danilo Medina.<\/span><\/p>\n<p><span class=\"text1noticias\"> <\/span><\/p>\n<p><span class=\"text1noticias\">La misi\u00f3n del BID se encuentra en el pa\u00eds conociendo los pormenores del proyecto que reunir\u00e1 en un solo lugar todos los servicios que requieren las f\u00e9minas para el desarrollo integral, ya que esa entidad financiera internacional brindar\u00e1 financiamiento al proyecto que iniciar\u00e1 sus operaciones en marzo de 2017.<\/span><\/p>\n<p><span class=\"text1noticias\"> <\/span><\/p>\n<p><span class=\"text1noticias\">Encabezan la misi\u00f3n del banco internacional la especialista de desarrollo social de su Divisi\u00f3n de G\u00e9nero y Diversidad, Luana Ozemela, y el tambi\u00e9n especialista de ese banco Sandro Parodi. Ese organismo ha considerado que la iniciativa ser\u00e1 de gran impacto para el pa\u00eds.<\/span><\/p>\n<p><span class=\"text1noticias\"> <\/span><\/p>\n<p><span class=\"text1noticias\">Asimismo, el director ejecutivo de la comisi\u00f3n para la reubicaci\u00f3n de La Barquita, Jos\u00e9 Miguel Gonz\u00e1lez Cuadra.<\/span><\/p>\n<p><span class=\"text1noticias\"> <\/span><\/p>\n<p><span class=\"text1noticias\">\u00abEstamos visitando el Centro Tecnol\u00f3gico Comunitario, el Centro de Capacitaci\u00f3n y Producci\u00f3n Progresando que vamos a tener aqu\u00ed en La Nueva Barquita, adem\u00e1s estamos ubicando unos terrenos, como siempre, trabajando para hacer realidad el proyecto Ciudad Mujer\u00bb, manifest\u00f3 la Vicemandataria.<\/span><\/p>\n<p><span class=\"text1noticias\"> <\/span><\/p>\n<p><span class=\"text1noticias\">La agenda incluy\u00f3 un encuentro en las oficinas del Gabinete de Coordinaci\u00f3n de Pol\u00edticas Sociales, que dirige la doctora Margarita Cede\u00f1o, en el cual se empoderaron de los detalles de Ciudad Mujer, proyecto que contribuir\u00e1 a reducir los \u00edndices de mortalidad materna e infantil, prevenir la violencia dom\u00e9stica, embarazos en adolescentes y a mejorar las condiciones de vida de las mujeres mediante el empoderamiento y la capacitaci\u00f3n.<\/span><\/p>\n<p><span class=\"text1noticias\"> <\/span><\/p>\n<p><span class=\"text1noticias\">Los primeros centros de Ciudad Mujer se levantar\u00e1n en San Crist\u00f3bal, Santo Domingo y el Distrito Nacional, por ser las ciudades que concentran mayor poblaci\u00f3n y d\u00f3nde se registran m\u00e1s casos negativos en contra de las f\u00e9minas.<\/span><\/p>\n<p><span class=\"text1noticias\"> <\/span><\/p>\n<p><span class=\"text1noticias\">Tambi\u00e9n hicieron el recorrido la directora general del programa Progresando con Solidaridad (Prosoli), Altagracia Suriel;  y el subdirector administrativo de esa iniciativa, Julio An\u00edbal Fern\u00e1ndez; el director de los Centros Tecnol\u00f3gicos Comunitarios (CTC), Claudio Do\u00f1\u00e9; as\u00ed como miembros del departamento cartogr\u00e1fico del Sistema \u00danico de Beneficiarios (Siuben), quienes realizar\u00e1n estudios del terreno donde ser\u00e1 levantado el proyecto.<\/span><\/p>\n<p><span class=\"text1noticias\"> <\/span><\/p>\n<p><span class=\"text1noticias\">La misi\u00f3n del BID conoci\u00f3 tambi\u00e9n el avance de la construcci\u00f3n en el nuevo proyecto habitacional del Centro de Capacitaci\u00f3n y Producci\u00f3n Progresando (CCPP) y del Centro Tecnol\u00f3gico Comunitario (CTC). Estos se encuentran en su etapa final.<\/span><\/p>\n<p><span class=\"text1noticias\"> <\/span><\/p>\n<p><span class=\"text1noticias\">En Ciudad Mujer las f\u00e9minas recibir\u00e1n servicios de salud sexual y reproductiva, empoderamiento econ\u00f3mico, asistencia legal, apoyo en caso de violencia de g\u00e9nero, cuidado infantil, acompa\u00f1amiento, capacitaci\u00f3n y empoderamiento econ\u00f3mico para mejorar sus condiciones de vida.<\/span><\/p>\n<p><span class=\"text1noticias\"> <\/span><\/p>\n<p><span class=\"text1noticias\">El proyecto contempla adem\u00e1s desarrollar acciones encaminadas a mejorar la situaci\u00f3n de la mujer en todas las \u00e1reas y a conseguir el principio de igualdad de oportunidades, as\u00ed como promover la participaci\u00f3n de la mujer para evitar la discriminaci\u00f3n por razones de sexo.<\/span><\/p>\n<p><span class=\"text1noticias\"> <\/span><\/p>\n<p><span class=\"text1noticias\">Por otro lado, la Vicepresidenta visit\u00f3 en sus nuevos apartamentos de La Nueva Barquita a las se\u00f1oras Virginia L\u00f3pez, de 66 a\u00f1os; y a Zaida Santana, de 63, quienes manifestaron por separado su satisfacci\u00f3n y agradecimiento por las viviendas<\/span>.<\/p>\n<h6> 2016-06-24 08:07:00 <\/h6>\n<p><!--\n<link rel=\"stylesheet\" href=\"css\/bootstrap.min.css\">\n\n\n<ul class=\"pagination\">\n\t    \n\t\n\n<li >\n\t<a href='?page_no=12635'>Previous<\/a>\n\t<\/li>\n\n\n       \n    \n\n<li><a href='?page_no=1'>1<\/a><\/li>\n\n\n\n<li><a href='?page_no=2'>2<\/a><\/li>\n\n\n\n<li><a>...<\/a><\/li>\n\n\n\n<li><a href='?page_no=12634'>12634<\/a><\/li>\n\n\n\n<li><a href='?page_no=12635'>12635<\/a><\/li>\n\n\n\n<li class='active'><a>12636<\/a><\/li>\n\n\n\n<li><a href='?page_no=12637'>12637<\/a><\/li>\n\n\n\n<li><a href='?page_no=12638'>12638<\/a><\/li>\n\n\n\n<li><a>...<\/a><\/li>\n\n\n\n<li><a href='?page_no=56169'>56169<\/a><\/li>\n\n\n\n<li><a href='?page_no=56170'>56170<\/a><\/li>\n\n    \n\t\n\n<li >\n\t<a href='?page_no=12637'>Next<\/a>\n\t<\/li>\n\n\n    \n\n<li><a href='?page_no=56170'>Last &rsaquo;&rsaquo;<\/a><\/li>\n\n<\/ul>\n\n\n--><br \/>\n<\/body><\/p>\n","protected":false},"excerpt":{"rendered":"<p>Santo Domingo, R. D., 24 de junio.- La vicepresidenta de la Rep\u00fablica, doctora Margarita Cede\u00f1o, acompa\u00f1\u00f3 la tarde de este jueves a una comisi\u00f3n del Banco Interamericano de Desarrollo (BID) a identificar el terreno en el que se construir\u00e1 el complejo Ciudad Mujer, dentro del proyecto habitacional La Nueva Barquita, que inaugurar\u00e1 el mi\u00e9rcoles pr\u00f3ximo [&hellip;]<\/p>\n","protected":false},"author":3,"featured_media":0,"comment_status":"open","ping_status":"open","sticky":false,"template":"","format":"standard","meta":{"footnotes":""},"categories":[20],"tags":[],"class_list":["post-218189","post","type-post","status-publish","format-standard","hentry","category-dominicana-hoy"],"_links":{"self":[{"href":"https:\/\/diariodominicano.com\/index.php?rest_route=\/wp\/v2\/posts\/218189","targetHints":{"allow":["GET"]}}],"collection":[{"href":"https:\/\/diariodominicano.com\/index.php?rest_route=\/wp\/v2\/posts"}],"about":[{"href":"https:\/\/diariodominicano.com\/index.php?rest_route=\/wp\/v2\/types\/post"}],"author":[{"embeddable":true,"href":"https:\/\/diariodominicano.com\/index.php?rest_route=\/wp\/v2\/users\/3"}],"replies":[{"embeddable":true,"href":"https:\/\/diariodominicano.com\/index.php?rest_route=%2Fwp%2Fv2%2Fcomments&post=218189"}],"version-history":[{"count":0,"href":"https:\/\/diariodominicano.com\/index.php?rest_route=\/wp\/v2\/posts\/218189\/revisions"}],"wp:attachment":[{"href":"https:\/\/diariodominicano.com\/index.php?rest_route=%2Fwp%2Fv2%2Fmedia&parent=218189"}],"wp:term":[{"taxonomy":"category","embeddable":true,"href":"https:\/\/diariodominicano.com\/index.php?rest_route=%2Fwp%2Fv2%2Fcategories&post=218189"},{"taxonomy":"post_tag","embeddable":true,"href":"https:\/\/diariodominicano.com\/index.php?rest_route=%2Fwp%2Fv2%2Ftags&post=218189"}],"curies":[{"name":"wp","href":"https:\/\/api.w.org\/{rel}","templated":true}]}}