{"id":218188,"date":"2016-06-24T08:42:40","date_gmt":"2016-06-24T08:42:40","guid":{"rendered":"http:\/\/diariodominicano.ddns.net\/?p=218188"},"modified":"2016-06-24T08:42:40","modified_gmt":"2016-06-24T08:42:40","slug":"cedeno-destaca-participacion-presidente-dominicano-exito-dialogos-de-paz","status":"publish","type":"post","link":"https:\/\/diariodominicano.com\/?p=218188","title":{"rendered":"Cede\u00f1o destaca participaci\u00f3n Presidente dominicano \u00e9xito di\u00e1logos de paz"},"content":{"rendered":"<p><body><\/p>\n<p><img decoding=\"async\" src=\"img3\/margarita24-6.jpg\" \/>  <\/p>\n<p>Santo Domingo, R. D., 24 de junio.-  <span class=\"text1noticias\">La vicepresidenta de la Rep\u00fablica, doctora Margarita Cede\u00f1o, calific\u00f3 este jueves como un avance decisivo hacia la paz y la unidad el cese al fuego firmado hoy entre el gobierno de Colombia y las Fuerzas Armadas Revolucionarias de Colombia-Ej\u00e9rcito del Pueblo (FARC-EP).<\/span><\/p>\n<p><span class=\"text1noticias\">Sostuvo que el acuerdo suscrito en La Habana, Cuba, del que fue testigo el presidente dominicano licenciado Danilo Medina, marca el inicio del fin de un conflicto de m\u00e1s de 50 a\u00f1os que ha costado vidas colombianas y de otras naciones. <\/span><\/p>\n<\/p>\n<p><span class=\"text1noticias\">La doctora Margarita Cede\u00f1o dijo que ese momento hist\u00f3rico para Am\u00e9rica Latina Medina  lleva consigo el apoyo de todos los dominicanos al \u00e9xito de los di\u00e1logos por la paz.<\/span><\/p>\n<\/p>\n<p><span class=\"text1noticias\">\u00abColombia ha sido referente de progreso para toda Am\u00e9rica Latina, tierra de gente alegre que ha llevado su conocimiento a todas las latitudes del globo terr\u00e1queo. Su constante b\u00fasqueda de la paz, ante tantas adversidades, es digna de reconocer en toda la regi\u00f3n\u00bb, puntualiz\u00f3 la Vicemandataria.<\/span><\/p>\n<\/p>\n<p><span class=\"text1noticias\">Las delegaciones del gobierno colombiano y de las FARC?EP informaron en un comunicado conjunto ayer que llegaron al acuerdo que incluye el cese al fuego y de hostilidades, la dejaci\u00f3n de las armas y las garant\u00edas de seguridad.<\/span><\/p>\n<\/p>\n<p><span class=\"text1noticias\">\u00abCelebro con entusiasmo la gran noticia del cese al fuego, bilateral y definitivo, entre el hermano pa\u00eds de Colombia y las FARC. En definitiva, es un avance decisivo hacia la paz y la unidad, a la vez que marca el inicio del fin de un conflicto de m\u00e1s de 50 a\u00f1os que ha costado vidas colombianas y de otras nacionalidades\u00bb, expres\u00f3.<\/span><\/p>\n<\/p>\n<p><span class=\"text1noticias\">El acuerdo, que es el pase para el convenio final, lo suscribieron el mandatario colombiano Juan Manuel Santos y el dirigente de las FARC-EP, Timole\u00f3n Timochenko.<\/span><\/p>\n<\/p>\n<p><span class=\"text1noticias\">\u00abFormulo votos para que se contin\u00fae por este camino, hacia la paz definitiva entre todos los colombianos, que como dice su himno, es tierra de invencible luz y humanidad eterna, ba\u00f1ada por la sangre de tantos h\u00e9roes que han perecido en b\u00fasqueda de la unidad\u00bb, manifest\u00f3 la doctora Margarita Cede\u00f1o.<\/span><\/p>\n<\/p>\n<p><span class=\"text1noticias\">El gobierno colombiano y de las FARC?EP detallaron que tambi\u00e9n pactaron la lucha contra las organizaciones criminales responsables de homicidios y masacres o que atentan contra defensores de derechos humanos, movimientos sociales o pol\u00edticos, incluyendo las organizaciones criminales que hayan sido denominadas como sucesoras del paramilitarismo y sus redes de apoyo.<\/span><\/p>\n<\/p>\n<p><span class=\"text1noticias\">Adem\u00e1s perseguir\u00edan las conductas criminales que amenacen la implementaci\u00f3n de los acuerdos y la construcci\u00f3n de la paz<\/span>.<\/p>\n<h6> 2016-06-24 08:42:40 <\/h6>\n<p><!--\n<link rel=\"stylesheet\" href=\"css\/bootstrap.min.css\">\n\n\n<ul class=\"pagination\">\n\t    \n\t\n\n<li >\n\t<a href='?page_no=12634'>Previous<\/a>\n\t<\/li>\n\n\n       \n    \n\n<li><a href='?page_no=1'>1<\/a><\/li>\n\n\n\n<li><a href='?page_no=2'>2<\/a><\/li>\n\n\n\n<li><a>...<\/a><\/li>\n\n\n\n<li><a href='?page_no=12633'>12633<\/a><\/li>\n\n\n\n<li><a href='?page_no=12634'>12634<\/a><\/li>\n\n\n\n<li class='active'><a>12635<\/a><\/li>\n\n\n\n<li><a href='?page_no=12636'>12636<\/a><\/li>\n\n\n\n<li><a href='?page_no=12637'>12637<\/a><\/li>\n\n\n\n<li><a>...<\/a><\/li>\n\n\n\n<li><a href='?page_no=56169'>56169<\/a><\/li>\n\n\n\n<li><a href='?page_no=56170'>56170<\/a><\/li>\n\n    \n\t\n\n<li >\n\t<a href='?page_no=12636'>Next<\/a>\n\t<\/li>\n\n\n    \n\n<li><a href='?page_no=56170'>Last &rsaquo;&rsaquo;<\/a><\/li>\n\n<\/ul>\n\n\n--><br \/>\n<\/body><\/p>\n","protected":false},"excerpt":{"rendered":"<p>Santo Domingo, R. D., 24 de junio.- La vicepresidenta de la Rep\u00fablica, doctora Margarita Cede\u00f1o, calific\u00f3 este jueves como un avance decisivo hacia la paz y la unidad el cese al fuego firmado hoy entre el gobierno de Colombia y las Fuerzas Armadas Revolucionarias de Colombia-Ej\u00e9rcito del Pueblo (FARC-EP). Sostuvo que el acuerdo suscrito en [&hellip;]<\/p>\n","protected":false},"author":3,"featured_media":0,"comment_status":"open","ping_status":"open","sticky":false,"template":"","format":"standard","meta":{"footnotes":""},"categories":[20],"tags":[],"class_list":["post-218188","post","type-post","status-publish","format-standard","hentry","category-dominicana-hoy"],"_links":{"self":[{"href":"https:\/\/diariodominicano.com\/index.php?rest_route=\/wp\/v2\/posts\/218188","targetHints":{"allow":["GET"]}}],"collection":[{"href":"https:\/\/diariodominicano.com\/index.php?rest_route=\/wp\/v2\/posts"}],"about":[{"href":"https:\/\/diariodominicano.com\/index.php?rest_route=\/wp\/v2\/types\/post"}],"author":[{"embeddable":true,"href":"https:\/\/diariodominicano.com\/index.php?rest_route=\/wp\/v2\/users\/3"}],"replies":[{"embeddable":true,"href":"https:\/\/diariodominicano.com\/index.php?rest_route=%2Fwp%2Fv2%2Fcomments&post=218188"}],"version-history":[{"count":0,"href":"https:\/\/diariodominicano.com\/index.php?rest_route=\/wp\/v2\/posts\/218188\/revisions"}],"wp:attachment":[{"href":"https:\/\/diariodominicano.com\/index.php?rest_route=%2Fwp%2Fv2%2Fmedia&parent=218188"}],"wp:term":[{"taxonomy":"category","embeddable":true,"href":"https:\/\/diariodominicano.com\/index.php?rest_route=%2Fwp%2Fv2%2Fcategories&post=218188"},{"taxonomy":"post_tag","embeddable":true,"href":"https:\/\/diariodominicano.com\/index.php?rest_route=%2Fwp%2Fv2%2Ftags&post=218188"}],"curies":[{"name":"wp","href":"https:\/\/api.w.org\/{rel}","templated":true}]}}