{"id":218186,"date":"2016-06-24T09:34:58","date_gmt":"2016-06-24T09:34:58","guid":{"rendered":"http:\/\/diariodominicano.ddns.net\/?p=218186"},"modified":"2016-06-24T09:34:58","modified_gmt":"2016-06-24T09:34:58","slug":"presidente-llega-al-pais-celebra-reconciliacion-gobierno-colombiano-y-las-farc","status":"publish","type":"post","link":"https:\/\/diariodominicano.com\/?p=218186","title":{"rendered":"Presidente llega al pa\u00eds; celebra reconciliaci\u00f3n gobierno colombiano y las FARC"},"content":{"rendered":"<p><body><\/p>\n<p><img decoding=\"async\" src=\"img3\/Medinaregresa24-6.jpg\" \/>  <\/p>\n<p><span class=\"text1noticias\">Santo Domingo, R. D., 24 de junio.- El presidente Danilo Medina retorn\u00f3 anoche al pa\u00eds, desde La Habana, Cuba, en donde fue testigo del hist\u00f3rico acuerdo de paz firmado entre el gobierno colombiano y las Fuerzas Armadas Revolucionarias de Colombia-Ej\u00e9rcito del Pueblo (FARC-EP).<\/span><\/p>\n<p><span class=\"text1noticias\"> <\/span><\/p>\n<p><span class=\"text1noticias\">El gobernante dominicano, junto a una reducida comitiva, se traslad\u00f3 por poco menos de 12 horas a la capital cubana, para participar en la firma del convenio en su calidad de presidente Pro-T\u00e9mpore de la Comunidad de Estados Latinoamericanos y Caribe\u00f1os (CELAC).<\/span><\/p>\n<p><span class=\"text1noticias\"> <\/span><\/p>\n<p><span class=\"text1noticias\">El arribo al pa\u00eds del presidente Danilo Medina se produjo a las 8:20 p.m., por la Base A\u00e9rea de San Isidro. <\/span><\/p>\n<p><span class=\"text1noticias\"> <\/span><\/p>\n<p><span class=\"text1noticias\">Una proclama a la paz<\/span><\/p>\n<p><span class=\"text1noticias\">Con una proclama por la reconciliaci\u00f3n entre los colombianos, luego de a\u00f1os de enfrentamientos y muertes, fue firmado el acuerdo entre su gobierno y las Fuerzas Armadas Revolucionarias de Colombia-Ej\u00e9rcito del Pueblo (FARC-EP).<\/span><\/p>\n<p><span class=\"text1noticias\"> <\/span><\/p>\n<p><span class=\"text1noticias\">La paz es posible <\/span><\/p>\n<p><span class=\"text1noticias\">El evento hist\u00f3rico retrat\u00f3 im\u00e1genes sinceras de una decisi\u00f3n compartida, un cese al fuego y un abandono de las armas, adem\u00e1s de las palabras decididas del presidente Juan Manuel Santos, al decir que es momento de saber que la paz es posible y que hay que construirla, y del comandante en jefe de las FARC-EP, Timole\u00f3n Jim\u00e9nez (Timochenko), al plantear que la paz los acerca como nunca.<\/span><\/p>\n<p><span class=\"text1noticias\"> <\/span><\/p>\n<p><span class=\"text1noticias\">Canciller dominicano destaca buena voluntad de colombianos<\/span><\/p>\n<p><span class=\"text1noticias\"> <\/span><\/p>\n<p><span class=\"text1noticias\">A su llegada, junto al jefe de Estado, el Canciller Andr\u00e9s Navarro destac\u00f3 la buena voluntad que existe entre los miembros de las FARC-EP y del gobierno colombiano, a los fines de lograr la paz definitiva en esa naci\u00f3n.<\/span><\/p>\n<p><span class=\"text1noticias\"> <\/span><\/p>\n<p><span class=\"text1noticias\">Am\u00e9rica Latina una zona de paz<\/span><\/p>\n<p><span class=\"text1noticias\">Previo a su salida, el presidente Danilo Medina manifest\u00f3 que el avance del cese de las hostilidades en Colombia va en la direcci\u00f3n de cerrar definitivamente cualquier tipo de conflicto en las Am\u00e9ricas.<\/span><\/p>\n<p><span class=\"text1noticias\"> <\/span><\/p>\n<p><span class=\"text1noticias\">\u00abAcordamos hacer de Am\u00e9rica Latina y el Caribe una zona de paz en el mundo\u00bb dijo el presidente Medina.<\/span><\/p>\n<p><span class=\"text1noticias\"> <\/span><\/p>\n<p><span class=\"text1noticias\">Un honor participar en el acuerdo<\/span><\/p>\n<p><span class=\"text1noticias\">A trav\u00e9s de su cuenta de Twitter, el jefe de Estado dominicano afirm\u00f3 que es un honor, en su condici\u00f3n de presidente de la CELAC, asistir al cese al fuego entre el gobierno de Colombia y las Fuerzas Armadas Revolucionarias de ese pa\u00eds-Ej\u00e9rcito del Pueblo (FARC-EP).<\/span><\/p>\n<p><span class=\"text1noticias\"> <\/span><\/p>\n<p><span class=\"text1noticias\">Asimismo, el presidente Danilo Medina felicit\u00f3 a todo el pueblo de Colombia, en este momento decisivo de esperanza y reconciliaci\u00f3n, y de manera especial a su hom\u00f3logo de esa naci\u00f3n suramericana, Juan Manuel Santos.<\/span><\/p>\n<p><span class=\"text1noticias\"> <\/span><\/p>\n<p><span class=\"text1noticias\">La comitiva<\/span><\/p>\n<p><span class=\"text1noticias\">El futuro de Colombia es la paz<\/span><\/p>\n<p><span class=\"text1noticias\"> <\/span><\/p>\n<p><span class=\"text1noticias\">El acto en el que particip\u00f3, entre otros l\u00edderes y gobernantes acompa\u00f1antes y testigos, el presidente dominicano y presidente Pro-T\u00e9mpore de la Comunidad de Estados Latinoamericanos y Caribe\u00f1os (CELAC), Danilo Medina, dej\u00f3 establecido que si bien quedan temas pendientes, \u00abestamos convencidos de que el futuro de Colombia es la paz\u00bb, como coincidieron en precisar Juan Manuel Santos y Timole\u00f3n Jim\u00e9nez (Timochenko).<\/span><\/p>\n<p><span class=\"text1noticias\"> <\/span><\/p>\n<p><span class=\"text1noticias\">La comitiva oficial que acompa\u00f1\u00f3 a Danilo Medina la integraron los ministros, de Relaciones Exteriores y Administrativo de la Presidencia, Andr\u00e9s Navarro y Jos\u00e9 Ram\u00f3n Peralta, respectivamente.<\/span><\/p>\n<p><span class=\"text1noticias\"> <\/span><\/p>\n<p><span class=\"text1noticias\">Igualmente, el portavoz del Gobierno y director general de Comunicaci\u00f3n, Roberto Rodr\u00edguez Marchena; el asistente especial del Presidente de la Rep\u00fablica, Carlos Pared P\u00e9rez, el jefe del Cuerpo de Seguridad Presidencial, mayor general Ad\u00e1n C\u00e1ceres, Miguel Mercedes y Robert de la Cruz.<\/span><\/p>\n<p><span class=\"text1noticias\"> <\/span><\/p>\n<p><span class=\"text1noticias\">Fue recibido en la terminal a\u00e9rea por el ministro de Defensa, teniente general M\u00e1ximo William Mu\u00f1oz Delgado; el comandante general de la Fuerza A\u00e9rea, mayor general Piloto Elvis Marcelino F\u00e9liz P\u00e9rez y el comandante de la Guardia Presidencial, general de brigada Braulio A<\/span>lc\u00e1ntara L\u00f3pez.<\/p>\n<h6> 2016-06-24 09:34:58 <\/h6>\n<p><!--\n<link rel=\"stylesheet\" href=\"css\/bootstrap.min.css\">\n\n\n<ul class=\"pagination\">\n\t    \n\t\n\n<li >\n\t<a href='?page_no=12632'>Previous<\/a>\n\t<\/li>\n\n\n       \n    \n\n<li><a href='?page_no=1'>1<\/a><\/li>\n\n\n\n<li><a href='?page_no=2'>2<\/a><\/li>\n\n\n\n<li><a>...<\/a><\/li>\n\n\n\n<li><a href='?page_no=12631'>12631<\/a><\/li>\n\n\n\n<li><a href='?page_no=12632'>12632<\/a><\/li>\n\n\n\n<li class='active'><a>12633<\/a><\/li>\n\n\n\n<li><a href='?page_no=12634'>12634<\/a><\/li>\n\n\n\n<li><a href='?page_no=12635'>12635<\/a><\/li>\n\n\n\n<li><a>...<\/a><\/li>\n\n\n\n<li><a href='?page_no=56169'>56169<\/a><\/li>\n\n\n\n<li><a href='?page_no=56170'>56170<\/a><\/li>\n\n    \n\t\n\n<li >\n\t<a href='?page_no=12634'>Next<\/a>\n\t<\/li>\n\n\n    \n\n<li><a href='?page_no=56170'>Last &rsaquo;&rsaquo;<\/a><\/li>\n\n<\/ul>\n\n\n--><br \/>\n<\/body><\/p>\n","protected":false},"excerpt":{"rendered":"<p>Santo Domingo, R. D., 24 de junio.- El presidente Danilo Medina retorn\u00f3 anoche al pa\u00eds, desde La Habana, Cuba, en donde fue testigo del hist\u00f3rico acuerdo de paz firmado entre el gobierno colombiano y las Fuerzas Armadas Revolucionarias de Colombia-Ej\u00e9rcito del Pueblo (FARC-EP). El gobernante dominicano, junto a una reducida comitiva, se traslad\u00f3 por poco [&hellip;]<\/p>\n","protected":false},"author":3,"featured_media":0,"comment_status":"open","ping_status":"open","sticky":false,"template":"","format":"standard","meta":{"footnotes":""},"categories":[20],"tags":[],"class_list":["post-218186","post","type-post","status-publish","format-standard","hentry","category-dominicana-hoy"],"_links":{"self":[{"href":"https:\/\/diariodominicano.com\/index.php?rest_route=\/wp\/v2\/posts\/218186","targetHints":{"allow":["GET"]}}],"collection":[{"href":"https:\/\/diariodominicano.com\/index.php?rest_route=\/wp\/v2\/posts"}],"about":[{"href":"https:\/\/diariodominicano.com\/index.php?rest_route=\/wp\/v2\/types\/post"}],"author":[{"embeddable":true,"href":"https:\/\/diariodominicano.com\/index.php?rest_route=\/wp\/v2\/users\/3"}],"replies":[{"embeddable":true,"href":"https:\/\/diariodominicano.com\/index.php?rest_route=%2Fwp%2Fv2%2Fcomments&post=218186"}],"version-history":[{"count":0,"href":"https:\/\/diariodominicano.com\/index.php?rest_route=\/wp\/v2\/posts\/218186\/revisions"}],"wp:attachment":[{"href":"https:\/\/diariodominicano.com\/index.php?rest_route=%2Fwp%2Fv2%2Fmedia&parent=218186"}],"wp:term":[{"taxonomy":"category","embeddable":true,"href":"https:\/\/diariodominicano.com\/index.php?rest_route=%2Fwp%2Fv2%2Fcategories&post=218186"},{"taxonomy":"post_tag","embeddable":true,"href":"https:\/\/diariodominicano.com\/index.php?rest_route=%2Fwp%2Fv2%2Ftags&post=218186"}],"curies":[{"name":"wp","href":"https:\/\/api.w.org\/{rel}","templated":true}]}}