{"id":218178,"date":"2016-06-24T14:53:51","date_gmt":"2016-06-24T14:53:51","guid":{"rendered":"http:\/\/diariodominicano.ddns.net\/?p=218178"},"modified":"2016-06-24T14:53:51","modified_gmt":"2016-06-24T14:53:51","slug":"amarante-baret-no-me-han-citado-pero-testificaria-por-caso-de-estafa-al-ministerio","status":"publish","type":"post","link":"https:\/\/diariodominicano.com\/?p=218178","title":{"rendered":"Amarante Baret; \u00abno me han citado, pero testificar\u00eda por caso de estafa al Ministerio\u00bb"},"content":{"rendered":"<p><body><\/p>\n<p><img decoding=\"async\" src=\"img3\/ACM_8837.JPG\" \/>  <\/p>\n<p><span class=\"text1noticias\">Santo Domingo, R.D., 24 de junio.- El Ministro de Educaci\u00f3n, licenciado Carlos Amarante Baret, declar\u00f3 este viernes que no tiene ning\u00fan problema en comparecer ante el Cuarto Tribunal Colegiado del Distrito Nacional, donde se conoce el caso de estafa millonaria y uso de documentos falsos en la venta de terrenos de esa instituci\u00f3n, porque lo que quiere es que se haga justicia y poner en evidencia a la mafia que est\u00e1 detr\u00e1s de ese delito.<\/span><\/p>\n<\/p>\n<p><span class=\"text1noticias\">?Nosotros lo que queremos es que la mafia que est\u00e1 detr\u00e1s de esta falsificaci\u00f3n de t\u00edtulos sea puesta en evidencia y sea castigada con todo el peso de la ley\u00bb, puntualiz\u00f3 el Ministro.<\/span><\/p>\n<\/p>\n<p><span class=\"text1noticias\">Explic\u00f3 que cuando el Juzgado de Instrucci\u00f3n envi\u00f3 a juicio a la imputada Reyna Margarita N\u00fa\u00f1ez Infante, dentro de las pruebas que aport\u00f3 no se aceptaron pruebas testimoniales. <\/span><\/p>\n<\/p>\n<p><span class=\"text1noticias\">Dijo que nunca le fue notificada una supuesta correcci\u00f3n al auto que orden\u00f3 apertura de juicio, y que en el d\u00eda de hoy los abogados del Ministerio de Educaci\u00f3n est\u00e1n en el tribunal.<\/span><\/p>\n<\/p>\n<p><span class=\"text1noticias\">?Nosotros nunca fuimos citados para comparecer por ante el Juzgado de Instrucci\u00f3n, aunque la parte que defiende a la imputada trat\u00f3 de hacerlo, pero siempre el juez lo rechaz\u00f3\u00bb, sostuvo Amarante Baret entrevistado por los periodistas de Santiago tras dejar iniciada este viernes en esta ciudad la Jornada Nacional de eliminaci\u00f3n de los criaderos del mosquito productor del dengue, el zika y la chikungunya, correspondiente a la regi\u00f3n Norte del pa\u00eds.<\/span><\/p>\n<\/p>\n<p><span class=\"text1noticias\">En un acto celebrado en la explanada Norte del Gran Teatro del Cibao, el funcionario dio la bienvenida a las brigadas del Ministerio de Educaci\u00f3n, que recorrieron las casas de numerosos barrios de la ciudad cibae\u00f1a para limpiar patios, callejones y solares  bald\u00edos donde pueden producirse criaderos del mosquito Aedes Aegypti, vector que causa el dengue, el zika y la chikungunya.<\/span><\/p>\n<\/p>\n<p><span class=\"text1noticias\">Junto con las brigadas, el funcionario, acompa\u00f1ado de la Directora Regional de Educaci\u00f3n en Santiago, T\u00e9rcida Franco y el representante de la Defensa Civil en esta ciudad, Francisco Arias, inici\u00f3 las visitas casa por casa.<\/span><\/p>\n<\/p>\n<p><span class=\"text1noticias\">Amarante Baret visit\u00f3 viviendas en los barrios Los Platanitos, Los Salados y Vuelta Larga, entre otros, donde habl\u00f3 con los residentes de varias viviendas, a quienes habl\u00f3 sobre la importancia de mantener patios y callejones limpios y libres de cacharros que pudieran servir de hospederos de las larvas del mosquito Aedes Aegypti.<\/span><\/p>\n<\/p>\n<p><span class=\"text1noticias\">En su arenga a las brigadas de Educaci\u00f3n, Amarante Baret dijo que lo importante de estos operativos, que ser\u00e1n fijos todos los fines de semana de julio, es que el gobierno del presidente Danilo Medina  est\u00e1 sumamente interesado en que la poblaci\u00f3n dominicana se concientice, cambie h\u00e1bitos y asuma como una cultura de vida que el mosquito en la Republica Dominicana es permanente y que tenemos que combatirlo. <\/span><\/p>\n<\/p>\n<p><span class=\"text1noticias\">Reiter\u00f3 que crear una cultura en nuestras casas, desde los ni\u00f1os hasta los m\u00e1s adultos a los fines de que mantengamos el entorno limpio donde no se pueda reproducir este mosquito.<\/span><\/p>\n<p><span class=\"text1noticias\">En otro orden, el Ministro de Educaci\u00f3n inform\u00f3 que una comisi\u00f3n del Viceministerio T\u00e9cnico Pedag\u00f3gico ha estado conversando sobre los registros de evaluaci\u00f3n con los integrantes de la Asociaci\u00f3n Dominicana de Profesores (ADP).<\/span><\/p>\n<\/p>\n<p><span class=\"text1noticias\">?El Ministerio de Educaci\u00f3n, aprobado por el Consejo Nacional de Educaci\u00f3n, est\u00e1 implementando una revisi\u00f3n y actualizaci\u00f3n curricular que conlleva nuevas formas de afrontar la evaluaci\u00f3n dentro del aula, pero eso no ser\u00e1 motivo de mayores problemas y habr\u00e1 un punto de consenso porque sabemos, tambi\u00e9n, que nuestros profesores no se niegan a evaluar lo que tienen que evaluar\u00bb, expreso\u00bb.<\/span><\/p>\n<p><span class=\"text1noticias\">Con relaci\u00f3n a las cr\u00edticas a las Pruebas Nacionales, Amarante Baret dijo que son recibidas ?y tratamos de mejorar cada a\u00f1o las Pruebas, pero lo que tenemos que mejorar es la calidad de la educaci\u00f3n que se imparte en nuestras aulas porque mientras m\u00e1s se eleve el nivel del proceso ense\u00f1anza-aprendizaje mejor desempe\u00f1o tendr\u00e1n los alumnos en estas Pruebas\u00bb.<\/span><\/p>\n<\/p>\n<p><span class=\"text1noticias\">Manifest\u00f3 que todos los sistemas educativos del mundo tienen manera de evaluarse ?nosotros tenemos que evaluarnos y estamos abiertos a que cualquier sector de la vida nacional nos sugiera cualquier otro m\u00e9todo de evaluaci\u00f3n porque nosotros no estamos cerrados\u00bb.<\/span><\/p>\n<\/p>\n<p><span class=\"text1noticias\">Dijo que mientras tanto el Ministerio seguir\u00e1 con las Pruebas porque es el mecanismo que tiene para medir el desempe\u00f1o de los estudiantes.<\/span><\/p>\n<\/p>\n<p><span class=\"text1noticias\">El Ministro de Educaci\u00f3n dijo que ha dado instrucciones a la directora regional de Santiago, T\u00e9rcida Franco, para reforzar la vigilancia en las escuelas por lo niveles de delincuencia en los barrios donde est\u00e1n ubicados, porque los centros educativos son propiedades de los ni\u00f1os y ni\u00f1as que deben ser protegidos.<\/span><\/p>\n<h6> 2016-06-24 14:53:51 <\/h6>\n<p><!--\n<link rel=\"stylesheet\" href=\"css\/bootstrap.min.css\">\n\n\n<ul class=\"pagination\">\n\t    \n\t\n\n<li >\n\t<a href='?page_no=12625'>Previous<\/a>\n\t<\/li>\n\n\n       \n    \n\n<li><a href='?page_no=1'>1<\/a><\/li>\n\n\n\n<li><a href='?page_no=2'>2<\/a><\/li>\n\n\n\n<li><a>...<\/a><\/li>\n\n\n\n<li><a href='?page_no=12624'>12624<\/a><\/li>\n\n\n\n<li><a href='?page_no=12625'>12625<\/a><\/li>\n\n\n\n<li class='active'><a>12626<\/a><\/li>\n\n\n\n<li><a href='?page_no=12627'>12627<\/a><\/li>\n\n\n\n<li><a href='?page_no=12628'>12628<\/a><\/li>\n\n\n\n<li><a>...<\/a><\/li>\n\n\n\n<li><a href='?page_no=56169'>56169<\/a><\/li>\n\n\n\n<li><a href='?page_no=56170'>56170<\/a><\/li>\n\n    \n\t\n\n<li >\n\t<a href='?page_no=12627'>Next<\/a>\n\t<\/li>\n\n\n    \n\n<li><a href='?page_no=56170'>Last &rsaquo;&rsaquo;<\/a><\/li>\n\n<\/ul>\n\n\n--><br \/>\n<\/body><\/p>\n","protected":false},"excerpt":{"rendered":"<p>Santo Domingo, R.D., 24 de junio.- El Ministro de Educaci\u00f3n, licenciado Carlos Amarante Baret, declar\u00f3 este viernes que no tiene ning\u00fan problema en comparecer ante el Cuarto Tribunal Colegiado del Distrito Nacional, donde se conoce el caso de estafa millonaria y uso de documentos falsos en la venta de terrenos de esa instituci\u00f3n, porque lo [&hellip;]<\/p>\n","protected":false},"author":3,"featured_media":0,"comment_status":"open","ping_status":"open","sticky":false,"template":"","format":"standard","meta":{"footnotes":""},"categories":[20],"tags":[],"class_list":["post-218178","post","type-post","status-publish","format-standard","hentry","category-dominicana-hoy"],"_links":{"self":[{"href":"https:\/\/diariodominicano.com\/index.php?rest_route=\/wp\/v2\/posts\/218178","targetHints":{"allow":["GET"]}}],"collection":[{"href":"https:\/\/diariodominicano.com\/index.php?rest_route=\/wp\/v2\/posts"}],"about":[{"href":"https:\/\/diariodominicano.com\/index.php?rest_route=\/wp\/v2\/types\/post"}],"author":[{"embeddable":true,"href":"https:\/\/diariodominicano.com\/index.php?rest_route=\/wp\/v2\/users\/3"}],"replies":[{"embeddable":true,"href":"https:\/\/diariodominicano.com\/index.php?rest_route=%2Fwp%2Fv2%2Fcomments&post=218178"}],"version-history":[{"count":0,"href":"https:\/\/diariodominicano.com\/index.php?rest_route=\/wp\/v2\/posts\/218178\/revisions"}],"wp:attachment":[{"href":"https:\/\/diariodominicano.com\/index.php?rest_route=%2Fwp%2Fv2%2Fmedia&parent=218178"}],"wp:term":[{"taxonomy":"category","embeddable":true,"href":"https:\/\/diariodominicano.com\/index.php?rest_route=%2Fwp%2Fv2%2Fcategories&post=218178"},{"taxonomy":"post_tag","embeddable":true,"href":"https:\/\/diariodominicano.com\/index.php?rest_route=%2Fwp%2Fv2%2Ftags&post=218178"}],"curies":[{"name":"wp","href":"https:\/\/api.w.org\/{rel}","templated":true}]}}