{"id":218176,"date":"2016-06-25T13:13:44","date_gmt":"2016-06-25T13:13:44","guid":{"rendered":"http:\/\/diariodominicano.ddns.net\/?p=218176"},"modified":"2016-06-25T13:13:44","modified_gmt":"2016-06-25T13:13:44","slug":"neumologa-advierte-tabaco-es-el-principal-causante-de-enfisema","status":"publish","type":"post","link":"https:\/\/diariodominicano.com\/?p=218176","title":{"rendered":"Neum\u00f3loga advierte tabaco es el principal causante de Enfisema"},"content":{"rendered":"<p><body><\/p>\n<p><img decoding=\"async\" src=\"img3\/lanuemologa.jpg\" \/>  <\/p>\n<p><strong> <\/strong><\/p>\n<p><strong> Santo Domingo, 25 de junio 2016.-<\/strong> El enfisema es una enfermedad tipo pulmonar obstructiva cr\u00f3nica, en la que se produce la destrucci\u00f3n del tejido pulmonar, principalmente por fumar tabaco, pero tambi\u00e9n por el uso de cualquier otra sustancia que implica exhalar e inhalar aire con impurezas, es decir el uso hooka, drogas fumadas y los ambientes contaminados, advierte la especialista en Neumolog\u00eda, Dra. Vielka Ceballos.  <\/p>\n<\/p>\n<p>La neum\u00f3loga hizo estos pronunciamientos en una entrevista realizada en el segmento \u00abViva En Salud\u00bb del programa Cerrando la Tarde, que se transmite cada jueves a las 7:30 de la noche por Ne\u00f3n 89.3 fm, la especialista revela dem\u00e1s que en RD, son mas frecuentes los casos de enfisema en hombres que en mujeres y generalmente los s\u00edntomas son palpables a partir de los 40 a\u00f1os de edad.<\/p>\n<\/p>\n<p>Ceballos explica que en este trastorno los alv\u00e9olos o sacos a\u00e9reos se inflan de manera excesiva provocando la desaparici\u00f3n de las paredes alveolares, lo que causa una disminuci\u00f3n de la funci\u00f3n respiratoria, la falta de aire en los pacientes o la dificultad para recuperar el aliento.<\/p>\n<\/p>\n<p>La especialista aclara que el principal motivo que provoca el enfisema es el humo del tabaco, raz\u00f3n importante para que los fumadores abandonen este h\u00e1bito. Otras causas son los humos procedentes de la contaminaci\u00f3n. En general, el enfisema avanza gradualmente y normalmente aparece despu\u00e9s de a\u00f1os de exposici\u00f3n a humos y al tabaco.<\/p>\n<\/p>\n<p>Seg\u00fan a\u00f1os de experiencias, Ceballos expone que en muchos casos el paciente va al m\u00e9dico porque ha comenzado a sentir que le falta el aire cuando est\u00e1 activo o hace ejercicio f\u00edsico. Este s\u00edntoma puede ser por s\u00ed mismo indicativo de que se padece enfisema. A medida que la enfermedad progresa, una caminata corta puede ser suficiente para que al paciente le cueste respirar.<\/p>\n<\/p>\n<p>Las principales manifestaciones cl\u00ednicas del enfisema son la dificultad para respirar que puede ir acompa\u00f1ada de tos cr\u00f3nica (con o sin esputo), la disminuci\u00f3n de la capacidad pulmonar a la hora de realizar alguna actividad f\u00edsica o la presencia de sibilancias u otros sonidos. Adem\u00e1s, los pacientes pueden experimentar ansiedad, fatiga, hinchaz\u00f3n en piernas y tobillos y p\u00e9rdida de peso involuntaria.<\/p>\n<\/p>\n<p>La neum\u00f3loga explica que la \u00fanica manera de prevenir la enfermedad es no exponerse a los factores de riesgo que la originan: el tabaco y los ambientes contaminados. Tambi\u00e9n es muy importante mantener un buen estado de salud general, realizar ejercicio y seguir una dieta sana para aumentar la resistencia del cuerpo a las infecciones. Las mejor\u00edas en la respiraci\u00f3n pueden conseguirse, en gran medida, haciendo deporte, pero es muy importante que los ejercicios se hagan bajo supervisi\u00f3n m\u00e9dica y con el asesoramiento de especialistas.<\/p>\n<\/p>\n<p>La especialista agrega que muchos pacientes con enfisema presentan depresi\u00f3n, ansiedad y aislamiento social debido a las limitaciones que la patolog\u00eda les impone. La percepci\u00f3n de su cuerpo cambia, se sienten m\u00e1s solas, se crea un concepto negativo de la persona y, en muchos casos, disminuye la autoestima y con frecuencia, incluso cambia la relaci\u00f3n del enfermo con la familia y los amigos, sin embargo la enfermedad no es contagiosa.<\/p>\n<h6> 2016-06-25 13:13:44 <\/h6>\n<p><!--\n<link rel=\"stylesheet\" href=\"css\/bootstrap.min.css\">\n\n\n<ul class=\"pagination\">\n\t    \n\t\n\n<li >\n\t<a href='?page_no=12623'>Previous<\/a>\n\t<\/li>\n\n\n       \n    \n\n<li><a href='?page_no=1'>1<\/a><\/li>\n\n\n\n<li><a href='?page_no=2'>2<\/a><\/li>\n\n\n\n<li><a>...<\/a><\/li>\n\n\n\n<li><a href='?page_no=12622'>12622<\/a><\/li>\n\n\n\n<li><a href='?page_no=12623'>12623<\/a><\/li>\n\n\n\n<li class='active'><a>12624<\/a><\/li>\n\n\n\n<li><a href='?page_no=12625'>12625<\/a><\/li>\n\n\n\n<li><a href='?page_no=12626'>12626<\/a><\/li>\n\n\n\n<li><a>...<\/a><\/li>\n\n\n\n<li><a href='?page_no=56169'>56169<\/a><\/li>\n\n\n\n<li><a href='?page_no=56170'>56170<\/a><\/li>\n\n    \n\t\n\n<li >\n\t<a href='?page_no=12625'>Next<\/a>\n\t<\/li>\n\n\n    \n\n<li><a href='?page_no=56170'>Last &rsaquo;&rsaquo;<\/a><\/li>\n\n<\/ul>\n\n\n--><br \/>\n<\/body><\/p>\n","protected":false},"excerpt":{"rendered":"<p>Santo Domingo, 25 de junio 2016.- El enfisema es una enfermedad tipo pulmonar obstructiva cr\u00f3nica, en la que se produce la destrucci\u00f3n del tejido pulmonar, principalmente por fumar tabaco, pero tambi\u00e9n por el uso de cualquier otra sustancia que implica exhalar e inhalar aire con impurezas, es decir el uso hooka, drogas fumadas y los [&hellip;]<\/p>\n","protected":false},"author":3,"featured_media":0,"comment_status":"open","ping_status":"open","sticky":false,"template":"","format":"standard","meta":{"footnotes":""},"categories":[20],"tags":[],"class_list":["post-218176","post","type-post","status-publish","format-standard","hentry","category-dominicana-hoy"],"_links":{"self":[{"href":"https:\/\/diariodominicano.com\/index.php?rest_route=\/wp\/v2\/posts\/218176","targetHints":{"allow":["GET"]}}],"collection":[{"href":"https:\/\/diariodominicano.com\/index.php?rest_route=\/wp\/v2\/posts"}],"about":[{"href":"https:\/\/diariodominicano.com\/index.php?rest_route=\/wp\/v2\/types\/post"}],"author":[{"embeddable":true,"href":"https:\/\/diariodominicano.com\/index.php?rest_route=\/wp\/v2\/users\/3"}],"replies":[{"embeddable":true,"href":"https:\/\/diariodominicano.com\/index.php?rest_route=%2Fwp%2Fv2%2Fcomments&post=218176"}],"version-history":[{"count":0,"href":"https:\/\/diariodominicano.com\/index.php?rest_route=\/wp\/v2\/posts\/218176\/revisions"}],"wp:attachment":[{"href":"https:\/\/diariodominicano.com\/index.php?rest_route=%2Fwp%2Fv2%2Fmedia&parent=218176"}],"wp:term":[{"taxonomy":"category","embeddable":true,"href":"https:\/\/diariodominicano.com\/index.php?rest_route=%2Fwp%2Fv2%2Fcategories&post=218176"},{"taxonomy":"post_tag","embeddable":true,"href":"https:\/\/diariodominicano.com\/index.php?rest_route=%2Fwp%2Fv2%2Ftags&post=218176"}],"curies":[{"name":"wp","href":"https:\/\/api.w.org\/{rel}","templated":true}]}}