{"id":218175,"date":"2016-06-25T15:34:14","date_gmt":"2016-06-25T15:34:14","guid":{"rendered":"http:\/\/diariodominicano.ddns.net\/?p=218175"},"modified":"2016-06-25T15:34:14","modified_gmt":"2016-06-25T15:34:14","slug":"presidente-danilo-medina-entregara-la-nueva-barquita-el-miercoles","status":"publish","type":"post","link":"https:\/\/diariodominicano.com\/?p=218175","title":{"rendered":"Presidente Danilo Medina entregar\u00e1 La Nueva Barquita el mi\u00e9rcoles"},"content":{"rendered":"<p><body><\/p>\n<p><img decoding=\"async\" src=\"img3\/afiche.jpg\" \/>  <\/p>\n<p><span class=\"text1noticias\"> <\/span><\/p>\n<p><span class=\"text1noticias\"><strong> Santa Domingo, RD, 25 de junio.-<\/strong> La Direcci\u00f3n General de Comunicaci\u00f3n destac\u00f3  a trav\u00e9s de una infograf\u00eda el impacto social y humano del proyecto La Nueva Barquita la cual ser\u00e1 entregada por el presidente Danilo Medina este mi\u00e9rcoles 29 de junio.<\/span><\/p>\n<p><span class=\"text1noticias\"> <\/span><\/p>\n<p><span class=\"text1noticias\">En la infograf\u00eda sobre La Nueva Barquita se revela que el proyecto beneficiar\u00e1 a  6,000 personas  distribuidas en mil 637 familias, que vivir\u00e1n con dignidad en mil 780 apartamentos  alojados en 112 edificios. <\/span><\/p>\n<\/p>\n<p><span class=\"text1noticias\">Los vecinos y vecinas que all\u00ed vivan tendr\u00e1n todos los servicios b\u00e1sicos: Energ\u00eda el\u00e9ctrica, agua potable y sistema de gas por tuber\u00eda. Tres plantas de tratamiento funcionar\u00e1n como humedales, mediante lagunas artificiales con plantas en flotaci\u00f3n que absorber\u00e1n los desechos de las aguas residuales, para lograr que las mismas lleguen limpias al r\u00edo y no lo contaminen. <\/span><\/p>\n<\/p>\n<p><span class=\"text1noticias\">Estas plantas funcionar\u00e1n 24 horas los 365 d\u00edas al a\u00f1o, sin necesidad de consumo de energ\u00eda, sin contaminaci\u00f3n, sin crear malos olores, sin producir plagas ni mosquitos y con bajo costo de mantenimiento. Todo esto con la garant\u00eda de un procesamiento de aguas residuales que no agrede al medio ambiente y que hace posible la utilizaci\u00f3n de los espacios. <\/span><\/p>\n<\/p>\n<p><span class=\"text1noticias\">90 locales comerciales, plazas y parques, 3 estancias infantiles, centros de diagn\u00f3sticos, iglesias, centros de capacitaci\u00f3n, fiscal\u00eda y polic\u00eda.<\/span><\/p>\n<p><span class=\"text1noticias\">Tambi\u00e9n se  ha levantado all\u00e1 un hermoso liceo y polideportivo, play de b\u00e9isbol, cancha de futbol sala, 5 canchas de basketbol, 3 kil\u00f3metros de ciclo v\u00eda y 1 kil\u00f3metro de Bicicross.<\/span><\/p>\n<\/p>\n<p><span class=\"text1noticias\">La construcci\u00f3n de la Nueva Barquita constituye una satisfacci\u00f3n para el gobierno dominicano ya que su construcci\u00f3n se cimienta en los pilares que inspiran al gobierno como son  el bienestar humano, cari\u00f1o, y el amor al pr\u00f3jimo.<\/span><\/p>\n<\/p>\n<p><span class=\"text1noticias\">Los datos que trae esta nueva infograf\u00eda distribuida por DICOM a los ciudadanos y medios de comunicaci\u00f3n indican que en La Nueva Barquita esta gesti\u00f3n de gobierno, m\u00e1s que sacar de la pobreza a miles de familias pobres, las coloca en un moderno espacio urbano con todos los servicios y las facilidades para dignificar la vida de la gente.  Un modelo de transformaci\u00f3n que construimos con el pueblo y para el pueblo.<\/span><\/p>\n<\/p>\n<h6> 2016-06-25 15:34:14 <\/h6>\n<p><!--\n<link rel=\"stylesheet\" href=\"css\/bootstrap.min.css\">\n\n\n<ul class=\"pagination\">\n\t    \n\t\n\n<li >\n\t<a href='?page_no=12622'>Previous<\/a>\n\t<\/li>\n\n\n       \n    \n\n<li><a href='?page_no=1'>1<\/a><\/li>\n\n\n\n<li><a href='?page_no=2'>2<\/a><\/li>\n\n\n\n<li><a>...<\/a><\/li>\n\n\n\n<li><a href='?page_no=12621'>12621<\/a><\/li>\n\n\n\n<li><a href='?page_no=12622'>12622<\/a><\/li>\n\n\n\n<li class='active'><a>12623<\/a><\/li>\n\n\n\n<li><a href='?page_no=12624'>12624<\/a><\/li>\n\n\n\n<li><a href='?page_no=12625'>12625<\/a><\/li>\n\n\n\n<li><a>...<\/a><\/li>\n\n\n\n<li><a href='?page_no=56169'>56169<\/a><\/li>\n\n\n\n<li><a href='?page_no=56170'>56170<\/a><\/li>\n\n    \n\t\n\n<li >\n\t<a href='?page_no=12624'>Next<\/a>\n\t<\/li>\n\n\n    \n\n<li><a href='?page_no=56170'>Last &rsaquo;&rsaquo;<\/a><\/li>\n\n<\/ul>\n\n\n--><br \/>\n<\/body><\/p>\n","protected":false},"excerpt":{"rendered":"<p>Santa Domingo, RD, 25 de junio.- La Direcci\u00f3n General de Comunicaci\u00f3n destac\u00f3 a trav\u00e9s de una infograf\u00eda el impacto social y humano del proyecto La Nueva Barquita la cual ser\u00e1 entregada por el presidente Danilo Medina este mi\u00e9rcoles 29 de junio. En la infograf\u00eda sobre La Nueva Barquita se revela que el proyecto beneficiar\u00e1 a [&hellip;]<\/p>\n","protected":false},"author":3,"featured_media":0,"comment_status":"open","ping_status":"open","sticky":false,"template":"","format":"standard","meta":{"footnotes":""},"categories":[20],"tags":[],"class_list":["post-218175","post","type-post","status-publish","format-standard","hentry","category-dominicana-hoy"],"_links":{"self":[{"href":"https:\/\/diariodominicano.com\/index.php?rest_route=\/wp\/v2\/posts\/218175","targetHints":{"allow":["GET"]}}],"collection":[{"href":"https:\/\/diariodominicano.com\/index.php?rest_route=\/wp\/v2\/posts"}],"about":[{"href":"https:\/\/diariodominicano.com\/index.php?rest_route=\/wp\/v2\/types\/post"}],"author":[{"embeddable":true,"href":"https:\/\/diariodominicano.com\/index.php?rest_route=\/wp\/v2\/users\/3"}],"replies":[{"embeddable":true,"href":"https:\/\/diariodominicano.com\/index.php?rest_route=%2Fwp%2Fv2%2Fcomments&post=218175"}],"version-history":[{"count":0,"href":"https:\/\/diariodominicano.com\/index.php?rest_route=\/wp\/v2\/posts\/218175\/revisions"}],"wp:attachment":[{"href":"https:\/\/diariodominicano.com\/index.php?rest_route=%2Fwp%2Fv2%2Fmedia&parent=218175"}],"wp:term":[{"taxonomy":"category","embeddable":true,"href":"https:\/\/diariodominicano.com\/index.php?rest_route=%2Fwp%2Fv2%2Fcategories&post=218175"},{"taxonomy":"post_tag","embeddable":true,"href":"https:\/\/diariodominicano.com\/index.php?rest_route=%2Fwp%2Fv2%2Ftags&post=218175"}],"curies":[{"name":"wp","href":"https:\/\/api.w.org\/{rel}","templated":true}]}}