{"id":218174,"date":"2016-06-25T16:30:16","date_gmt":"2016-06-25T16:30:16","guid":{"rendered":"http:\/\/diariodominicano.ddns.net\/?p=218174"},"modified":"2016-06-25T16:30:16","modified_gmt":"2016-06-25T16:30:16","slug":"mandatario-asistira-a-inauguracion-ampliacion-del-canal-de-panama","status":"publish","type":"post","link":"https:\/\/diariodominicano.com\/?p=218174","title":{"rendered":"&#13;Mandatario asistir\u00e1 a inauguraci\u00f3n ampliaci\u00f3n del Canal de Panam\u00e1"},"content":{"rendered":"<p><body><\/p>\n<p><img decoding=\"async\" src=\"img3\/danilo-medina.jpg\" \/>  <\/p>\n<\/p>\n<p>Santo Domingo, RD, 25 de junio.- El presidente Danilo Medina participar\u00e1 este domingo en la ceremonia en la que su hom\u00f3logo paname\u00f1o, Juan Carlos Varela Rodr\u00edguez, inaugurar\u00e1 la ampliaci\u00f3n del Canal de Panam\u00e1.<\/p>\n<\/p>\n<p>El jefe de Estado dominicano saldr\u00e1 del pa\u00eds hacia la naci\u00f3n centroamericana en vuelo privado, por la Base A\u00e9rea de San Isidro.<\/p>\n<\/p>\n<p>Le acompa\u00f1ar\u00e1n los ministros Administrativo de la Presidencia, Jos\u00e9 Ram\u00f3n Peralta y de Obras P\u00fablicas, Gonzalo Castillo; as\u00ed como el asistente personal del Presidente, Carlos Pared P\u00e9rez y el jefe del Cuerpo de Seguridad Presidencial, general Ad\u00e1n C\u00e1ceres.  El ministro de Agricultura, \u00c1ngel Est\u00e9vez, se unir\u00e1 a la comitiva en Panam\u00e1, donde se encuentra.<\/p>\n<\/p>\n<p>Tan pronto arribe a Panam\u00e1, Danilo Medina se reunir\u00e1 con la presidenta de Taiw\u00e1n Tsai Ing-wen.<\/p>\n<\/p>\n<p>El Presidente dominicano regresar\u00e1 el mismo domingo al final de la tarde por la referida terminal a\u00e9rea.<\/p>\n<\/p>\n<p>La ceremonia<\/p>\n<\/p>\n<p>Los actos oficiales de la inauguraci\u00f3n, en los que participar\u00e1n jefes de Estado y de Gobierno, as\u00ed como el rey em\u00e9rito de Espa\u00f1a, Juan Carlos I, tendr\u00e1n lugar en las Esclusas de Cocol\u00ed, en el lado del oc\u00e9ano Pac\u00edfico del canal.<\/p>\n<\/p>\n<p>Finalizado el acto protocolar, el presidente paname\u00f1o, Juan Carlos Varela, ofrecer\u00e1 una cena a los jefes de las delegaciones oficiales.<\/p>\n<\/p>\n<p>Hist\u00f3rica relaci\u00f3n de hermandad<\/p>\n<\/p>\n<p>Entre la Rep\u00fablica Dominicana y Panam\u00e1 existe una hist\u00f3rica relaci\u00f3n de hermandad que se fortaleci\u00f3 a ra\u00edz de la visita del presidente Varela al este pa\u00eds caribe\u00f1o, en noviembre pasado.<\/p>\n<\/p>\n<p>Durante esta visita ambos estadistas produjeron declaraciones conjuntas en las que reafirmaron lazos de amistad, basados en los principios del derecho internacional, de coexistencia pac\u00edfica, igualdad y respeto por la soberan\u00eda de los pueblos y la cooperaci\u00f3n.<\/p>\n<\/p>\n<p>Asimismo, fueron testigos de la firma de convenios suscritos entre sus cancilleres, donde se comprometieron a desarrollar esfuerzos conjuntos en materia de seguridad, comercio, turismo, educaci\u00f3n, energ\u00eda e infraestructura.<\/p>\n<\/p>\n<p>Elogia Jornada Escolar Extendida<\/p>\n<\/p>\n<p>En su estad\u00eda en el pa\u00eds el gobernante centroamericano visit\u00f3 varias escuelas p\u00fablicas, elogiando la Jornada Escolar Extendida y afirmando que esperaba implementar en su pa\u00eds esta modalidad para el desarrollo educativo de los estudiantes.<\/p>\n<\/p>\n<p>Varela reconoci\u00f3 los esfuerzos que realiza el presidente Danilo Medina por el desarrollo y bienestar de su pueblo, lo que se expresa en la educaci\u00f3n y en otras \u00e1reas.<\/p>\n<\/p>\n<p>Visitas Sorpresa<\/p>\n<\/p>\n<p>El presidente dominicano Danilo Medina y su hom\u00f3logo de Panam\u00e1 tambi\u00e9n realizaron una Visita Sorpresa a la comunidad El Granado, en el distrito municipal de Cabeza de Toro, de la provincia Bahoruco y estuvieron el puerto tur\u00edstico Amber Cove, en Maim\u00f3n, Puerto Plata, donde Varela afirm\u00f3 que lo que m\u00e1s le impresion\u00f3 de su visita a Rep\u00fablica Dominicana, fue el compromiso del presidente Danilo Medina con su pueblo y el cari\u00f1o del pueblo hacia su Presidente.<\/p>\n<\/p>\n<p>R\u00e9plica del CAID en Panam\u00e1<\/p>\n<\/p>\n<p>Los dos gobernantes, junto a las primeras damas de ambas naciones, estuvieron adem\u00e1s en el Centro de Atenci\u00f3n Integral para la Discapacidad (CAID) de Santiago, precisamente encabezando el acto inaugural la obra, donde Varela mostr\u00f3 su disposici\u00f3n de construir un centro similar en su pa\u00eds.<\/p>\n<\/p>\n<p>En tal sentido, el gobierno de Panam\u00e1 ha enviado posteriormente delegaciones de funcionarios para estudiar todos los aspectos t\u00e9cnicos y operativos del mismo al igual que los dem\u00e1s programas que desarrolla el Despacho de la Primera Dama C\u00e1ndida Montilla de Medina.<\/p>\n<\/p>\n<p>Un hito de la ingenier\u00eda moderna<\/p>\n<\/p>\n<p>La ampliaci\u00f3n del Canal de Panam\u00e1 es considerada un hito de la ingenier\u00eda moderna, cuyo principal proyecto es el  tercer juego de esclusas (carriles) que permitir\u00e1 el paso de los buques llamados Neo-Panamax que transportan grandes cantidades de mercanc\u00edas, granos, petr\u00f3leo, gas y autom\u00f3viles, entre otras.<\/p>\n<\/p>\n<p>Mediante la obra de infraestructura m\u00e1s moderna y compleja del siglo XXI se le dar\u00e1 paso por el canal a buques de hasta 13 mil contenedores, el triple de lo que pueden cruzar la v\u00eda operativa desde 1914. Los trabajos de ampliaci\u00f3n iniciaron en el a\u00f1o 2007.<\/p>\n<\/p>\n<p>Facilitando el comercio<\/p>\n<\/p>\n<p>El Canal de Panam\u00e1 es uno de los principales facilitadores del comercio mundial, pues conecta el oc\u00e9ano Pac\u00edfico con el oc\u00e9ano Atl\u00e1ntico, permitiendo una v\u00eda de tr\u00e1nsito corta y econ\u00f3mica para los barcos de todo el mundo.<\/p>\n<\/p>\n<p>Los trabajos de ampliaci\u00f3n del canal representan un gran valor para el progreso de los pa\u00edses desarrollados o en v\u00edas de desarrollo, pues inyectar\u00e1n ingresos significativamente mayores a sus econom\u00edas.<\/p>\n<\/p>\n<p>Tambi\u00e9n traer\u00e1 consigo un desarrollo tecnol\u00f3gico para Panam\u00e1 y todas las naciones, repercutir\u00e1 en la historia del mundo facilitando el comercio entre los cinco continentes y aumentar\u00e1 su capacidad operativa.<\/p>\n<h6> 2016-06-25 16:30:16 <\/h6>\n<p><!--\n<link rel=\"stylesheet\" href=\"css\/bootstrap.min.css\">\n\n\n<ul class=\"pagination\">\n\t    \n\t\n\n<li >\n\t<a href='?page_no=12621'>Previous<\/a>\n\t<\/li>\n\n\n       \n    \n\n<li><a href='?page_no=1'>1<\/a><\/li>\n\n\n\n<li><a href='?page_no=2'>2<\/a><\/li>\n\n\n\n<li><a>...<\/a><\/li>\n\n\n\n<li><a href='?page_no=12620'>12620<\/a><\/li>\n\n\n\n<li><a href='?page_no=12621'>12621<\/a><\/li>\n\n\n\n<li class='active'><a>12622<\/a><\/li>\n\n\n\n<li><a href='?page_no=12623'>12623<\/a><\/li>\n\n\n\n<li><a href='?page_no=12624'>12624<\/a><\/li>\n\n\n\n<li><a>...<\/a><\/li>\n\n\n\n<li><a href='?page_no=56169'>56169<\/a><\/li>\n\n\n\n<li><a href='?page_no=56170'>56170<\/a><\/li>\n\n    \n\t\n\n<li >\n\t<a href='?page_no=12623'>Next<\/a>\n\t<\/li>\n\n\n    \n\n<li><a href='?page_no=56170'>Last &rsaquo;&rsaquo;<\/a><\/li>\n\n<\/ul>\n\n\n--><br \/>\n<\/body><\/p>\n","protected":false},"excerpt":{"rendered":"<p>Santo Domingo, RD, 25 de junio.- El presidente Danilo Medina participar\u00e1 este domingo en la ceremonia en la que su hom\u00f3logo paname\u00f1o, Juan Carlos Varela Rodr\u00edguez, inaugurar\u00e1 la ampliaci\u00f3n del Canal de Panam\u00e1. El jefe de Estado dominicano saldr\u00e1 del pa\u00eds hacia la naci\u00f3n centroamericana en vuelo privado, por la Base A\u00e9rea de San Isidro. [&hellip;]<\/p>\n","protected":false},"author":3,"featured_media":0,"comment_status":"open","ping_status":"open","sticky":false,"template":"","format":"standard","meta":{"footnotes":""},"categories":[20],"tags":[],"class_list":["post-218174","post","type-post","status-publish","format-standard","hentry","category-dominicana-hoy"],"_links":{"self":[{"href":"https:\/\/diariodominicano.com\/index.php?rest_route=\/wp\/v2\/posts\/218174","targetHints":{"allow":["GET"]}}],"collection":[{"href":"https:\/\/diariodominicano.com\/index.php?rest_route=\/wp\/v2\/posts"}],"about":[{"href":"https:\/\/diariodominicano.com\/index.php?rest_route=\/wp\/v2\/types\/post"}],"author":[{"embeddable":true,"href":"https:\/\/diariodominicano.com\/index.php?rest_route=\/wp\/v2\/users\/3"}],"replies":[{"embeddable":true,"href":"https:\/\/diariodominicano.com\/index.php?rest_route=%2Fwp%2Fv2%2Fcomments&post=218174"}],"version-history":[{"count":0,"href":"https:\/\/diariodominicano.com\/index.php?rest_route=\/wp\/v2\/posts\/218174\/revisions"}],"wp:attachment":[{"href":"https:\/\/diariodominicano.com\/index.php?rest_route=%2Fwp%2Fv2%2Fmedia&parent=218174"}],"wp:term":[{"taxonomy":"category","embeddable":true,"href":"https:\/\/diariodominicano.com\/index.php?rest_route=%2Fwp%2Fv2%2Fcategories&post=218174"},{"taxonomy":"post_tag","embeddable":true,"href":"https:\/\/diariodominicano.com\/index.php?rest_route=%2Fwp%2Fv2%2Ftags&post=218174"}],"curies":[{"name":"wp","href":"https:\/\/api.w.org\/{rel}","templated":true}]}}