{"id":218172,"date":"2016-06-25T17:02:45","date_gmt":"2016-06-25T17:02:45","guid":{"rendered":"http:\/\/diariodominicano.ddns.net\/?p=218172"},"modified":"2016-06-25T17:02:45","modified_gmt":"2016-06-25T17:02:45","slug":"minerd-concluye-quinta-jornada-de-prevencion-contra-el-zika-virus-dengue-y-chikungunya","status":"publish","type":"post","link":"https:\/\/diariodominicano.com\/?p=218172","title":{"rendered":"&#13;MINERD concluye quinta Jornada de prevenci\u00f3n contra el Zika-Virus, Dengue y Chikungunya"},"content":{"rendered":"<p><body><\/p>\n<p><img decoding=\"async\" src=\"img3\/jornadasalud2.jpg\" \/><br \/><img decoding=\"async\" src=\"img3\/jornadasalud.jpg\" \/>  <\/p>\n<p><strong> Santo Domingo, RD, 25 de junio.- <\/strong>Termin\u00f3 este s\u00e1bado con \u00e9xito la  quinta jornada nacional para la eliminaci\u00f3n de los criaderos del mosquito Aedes aegypti  que causa el Zika, el dengue y la chikungunya, y  a la cual se integraron unos 3,000 empleados del Ministerio de Educaci\u00f3n los d\u00edas viernes  y s\u00e1bado.<\/p>\n<\/p>\n<p>En  las Regionales y Distritos escolares se reportaron asistencias masivas de personal del MINERD que eran orientados y dirigidos por coordinadores de los Ministerios de Educaci\u00f3n y Salud P\u00fablica. <\/p>\n<\/p>\n<p>Las brigadas  de empleados integradas en grupos  de  75 personas   eliminaron basura, cacharros con aguas estancadas, echaron larvicidas en tanques, cisternas, untaron cloro  en los tanques sobre el nivel del agua y orientaron a los residentes en los lugares visitados. <\/p>\n<\/p>\n<p>Tambi\u00e9n  hubo fumigaci\u00f3n en algunos sectores y  distribuyeron brochures, y afiches  con informaciones  para prevenir  la propagaci\u00f3n del mosquito que transmite el Zika, dengue y la Chikungunya.<\/p>\n<\/p>\n<p>En el Distrito Nacional, el coordinador general de la jornada, Jos\u00e9 Garc\u00eda, encabez\u00f3 el operativo conjuntamente con la Directora General de Recursos Humanos, Vivian B\u00e1ez y el coronel Bienvenido Victoriano Fabi\u00e1n, encargado de Seguridad y Director General de la Polic\u00eda Escolar.<\/p>\n<\/p>\n<p>La jornada  se inici\u00f3  el viernes en Santiago con la participaci\u00f3n del Ministro de Educaci\u00f3n, licenciado Carlos Amarante Baret, y en Santo Domingo se realiz\u00f3 con un recorrido por los barrios  La Puya, Los Jardines, Los R\u00edos y Villa  Francisca. <\/p>\n<\/p>\n<p> Este  s\u00e1bado  continu\u00f3  la jornada  con otros  empleados del  MINERD que se trasladaron a  Los Peralejos, Cristo Rey, La Agustinita, Residencial Ortega y Gasset, Los Praditos y  algunas  \u00e1reas de Gazcue   en  del Distrito Nacional. <\/p>\n<\/p>\n<p>Amarante Baret  dispuso   que el personal administrativo del MINERD y el de las 18  regionales y los 104 Distritos Educativos,  junto  a Salud P\u00fablica  y dem\u00e1s dependencias del Estado,  contin\u00faen  con esta jornada nacional  durante todos los  fines  de semana del mes de julio para  eliminar los criaderos de mosquitos en todo el pa\u00eds.<\/p>\n<\/p>\n<p>El funcionario explic\u00f3  que lo importante de estos operativos es que el gobierno del presidente Danilo Medina est\u00e1 sumamente interesado en que la poblaci\u00f3n dominicana  cambie h\u00e1bitos y asuma como una cultura de vida la eliminaci\u00f3n de los criaderos de mosquitos, \u00abporque el dengue, zika y chikungunya son enfermedades end\u00e9micas\u00bb. <\/p>\n<\/p>\n<p> En Santiago, Amarante Baret, acompa\u00f1ado de funcionarios locales de distintas instituciones, visit\u00f3  viviendas en los barrios Los Platanitos, Los Salados y Vuelta Larga, entre otros, donde  orient\u00f3 a los residentes sobre la importancia de mantener patios y callejones limpios,  libre  de cacharros que pudieran servir de hospederos de las larvas del mosquito Aedes Aegypti.<\/p>\n<\/p>\n<p>Mediante el Decreto 7-16, del 23 de enero del 2016, el presidente Medina instruy\u00f3 al  Ministerio de Salud P\u00fablica a desarrollar acciones coordinadas para detectar y confirmar casos de infecci\u00f3n por dengue, chikungunya y fiebre por zika virus.<\/p>\n<\/p>\n<p>Igualmente, orden\u00f3 que todas las dependencias del Estado se involucren  en  esos  planes, acciones y pol\u00edticas dispuestas  contra  esas  enfermedades.<\/p>\n<h6> 2016-06-25 17:02:45 <\/h6>\n<p><!--\n<link rel=\"stylesheet\" href=\"css\/bootstrap.min.css\">\n\n\n<ul class=\"pagination\">\n\t    \n\t\n\n<li >\n\t<a href='?page_no=12619'>Previous<\/a>\n\t<\/li>\n\n\n       \n    \n\n<li><a href='?page_no=1'>1<\/a><\/li>\n\n\n\n<li><a href='?page_no=2'>2<\/a><\/li>\n\n\n\n<li><a>...<\/a><\/li>\n\n\n\n<li><a href='?page_no=12618'>12618<\/a><\/li>\n\n\n\n<li><a href='?page_no=12619'>12619<\/a><\/li>\n\n\n\n<li class='active'><a>12620<\/a><\/li>\n\n\n\n<li><a href='?page_no=12621'>12621<\/a><\/li>\n\n\n\n<li><a href='?page_no=12622'>12622<\/a><\/li>\n\n\n\n<li><a>...<\/a><\/li>\n\n\n\n<li><a href='?page_no=56169'>56169<\/a><\/li>\n\n\n\n<li><a href='?page_no=56170'>56170<\/a><\/li>\n\n    \n\t\n\n<li >\n\t<a href='?page_no=12621'>Next<\/a>\n\t<\/li>\n\n\n    \n\n<li><a href='?page_no=56170'>Last &rsaquo;&rsaquo;<\/a><\/li>\n\n<\/ul>\n\n\n--><br \/>\n<\/body><\/p>\n","protected":false},"excerpt":{"rendered":"<p>Santo Domingo, RD, 25 de junio.- Termin\u00f3 este s\u00e1bado con \u00e9xito la quinta jornada nacional para la eliminaci\u00f3n de los criaderos del mosquito Aedes aegypti que causa el Zika, el dengue y la chikungunya, y a la cual se integraron unos 3,000 empleados del Ministerio de Educaci\u00f3n los d\u00edas viernes y s\u00e1bado. En las Regionales [&hellip;]<\/p>\n","protected":false},"author":3,"featured_media":0,"comment_status":"open","ping_status":"open","sticky":false,"template":"","format":"standard","meta":{"footnotes":""},"categories":[20],"tags":[],"class_list":["post-218172","post","type-post","status-publish","format-standard","hentry","category-dominicana-hoy"],"_links":{"self":[{"href":"https:\/\/diariodominicano.com\/index.php?rest_route=\/wp\/v2\/posts\/218172","targetHints":{"allow":["GET"]}}],"collection":[{"href":"https:\/\/diariodominicano.com\/index.php?rest_route=\/wp\/v2\/posts"}],"about":[{"href":"https:\/\/diariodominicano.com\/index.php?rest_route=\/wp\/v2\/types\/post"}],"author":[{"embeddable":true,"href":"https:\/\/diariodominicano.com\/index.php?rest_route=\/wp\/v2\/users\/3"}],"replies":[{"embeddable":true,"href":"https:\/\/diariodominicano.com\/index.php?rest_route=%2Fwp%2Fv2%2Fcomments&post=218172"}],"version-history":[{"count":0,"href":"https:\/\/diariodominicano.com\/index.php?rest_route=\/wp\/v2\/posts\/218172\/revisions"}],"wp:attachment":[{"href":"https:\/\/diariodominicano.com\/index.php?rest_route=%2Fwp%2Fv2%2Fmedia&parent=218172"}],"wp:term":[{"taxonomy":"category","embeddable":true,"href":"https:\/\/diariodominicano.com\/index.php?rest_route=%2Fwp%2Fv2%2Fcategories&post=218172"},{"taxonomy":"post_tag","embeddable":true,"href":"https:\/\/diariodominicano.com\/index.php?rest_route=%2Fwp%2Fv2%2Ftags&post=218172"}],"curies":[{"name":"wp","href":"https:\/\/api.w.org\/{rel}","templated":true}]}}