{"id":218170,"date":"2016-06-26T09:59:44","date_gmt":"2016-06-26T09:59:44","guid":{"rendered":"http:\/\/diariodominicano.ddns.net\/?p=218170"},"modified":"2016-06-26T09:59:44","modified_gmt":"2016-06-26T09:59:44","slug":"educa-sugiere-revisar-y-mantener-registro-de-grado","status":"publish","type":"post","link":"https:\/\/diariodominicano.com\/?p=218170","title":{"rendered":"&#13;EDUCA sugiere revisar y mantener Registro de Grado"},"content":{"rendered":"<p><body><\/p>\n<p><img decoding=\"async\" src=\"img3\/DSC_9258 copy1 copy.jpg\" \/>  <\/p>\n<p><strong><span class=\"text1noticias\"> <\/span><\/strong><\/p>\n<p><strong><span class=\"text1noticias\">Santo Domingo, D.N., 26 de Junio de 2016.-  <\/span><\/strong><span class=\"text1noticias\">Acci\u00f3n Empresarial por la Educaci\u00f3n (EDUCA), valor\u00f3 positivamente que el Ministerio de Educaci\u00f3n preste la atenci\u00f3n debida a las preocupaciones manifestadas por el sindicato mayoritario de maestros, en torno al Registro de Grado.<\/span><\/p>\n<\/p>\n<p><span class=\"text1noticias\">En una nota informativa expresa considera que para optimizar el tiempo de los maestros, es importante que el Registro de Grado sea revisado en su complejidad y ajustado a la factibilidad de su uso en la docencia.<\/span><\/p>\n<\/p>\n<p><strong><span class=\"text1noticias\">\u00abSin embargo, EDUCA entiende que es fundamental que se mantenga por su valor como sistema de evaluaci\u00f3n, y que los maestros aprendan a utilizarlo, preferiblemente, como una plataforma digital y como parte de su labor cotidiana en las aulas\u00bb, se\u00f1al\u00f3 Jos\u00e9 M\u00e1rmol, presidente de EDUCA.<\/span><\/strong><\/p>\n<\/p>\n<p><span class=\"text1noticias\">Record\u00f3  que el nuevo registro, responde a la estructura curricular aprobada recientemente por el Consejo Nacional de Educaci\u00f3n, el cual adem\u00e1s de configurar una estructura de 6 grados para la educaci\u00f3n primaria, constituye un cambio de paradigma hacia un curr\u00edculo por competencias.<\/span><\/p>\n<\/p>\n<p><span class=\"text1noticias\">Recalc\u00f3, que el nuevo registro ha sido pensado para desarrollarse desde una plataforma tecnol\u00f3gica, y por tanto es en este ambiente donde encuentra su mayor potencial.<\/span><\/p>\n<\/p>\n<p><span class=\"text1noticias\">Al abundar sobre los detalles de ese nuevo instrumento, el presidente de EDUCA refiri\u00f3 que una vez completada y digitalizada la data, se constituye en una poderosa herramienta para la toma de decisiones en todos los niveles del sistema, desde el centro educativo hasta el propio Consejo Nacional de Educaci\u00f3n, pasando por distritos, regionales, niveles, modalidades y subsistemas.<\/span><\/p>\n<\/p>\n<p><span class=\"text1noticias\">\u00abEn EDUCA, entendemos que una mejora de la calidad de la educaci\u00f3n supone docentes bien capacitados, remunerados,  y con el compromiso profesional de la tarea que se asume, y en ese tenor, la sociedad dominicana ha venido haciendo un gran esfuerzo por pagar mejor a sus maestros\u00bb.<\/span><\/p>\n<\/p>\n<p><span class=\"text1noticias\">Precis\u00f3, asimismo, que al d\u00eda de hoy, el salario docente ubica al pa\u00eds en la vanguardia de Centro Am\u00e9rica y el Caribe. \u00abPero debe entenderse que la calidad de la educaci\u00f3n es el resultado de capacidad, para lograr que los estudiantes aprendan, desarrollen talento y conocimiento pero, sobre todo, de trabajo esmerado y vocaci\u00f3n para ense\u00f1ar\u00bbl.<\/span><\/p>\n<\/p>\n<p><span class=\"text1noticias\"> \u00abPero es con m\u00e1s preparaci\u00f3n, dedicaci\u00f3n, compromiso, cumplimiento del horario y calendario escolar, aunado de la  implantaci\u00f3n de un curr\u00edculo por competencias, que aumentar\u00e1 la calidad de los aprendizajes\u00bb, expres\u00f3 M\u00e1rmol.<\/span><\/p>\n<\/p>\n<p><span class=\"text1noticias\">Dijo que EDUCA comprende la posici\u00f3n de las agremiaciones docentes, y se pone a disposici\u00f3n del MINERD, para contribuir a mejorar la calidad de los instrumentos de registros para avanzar en su simplificaci\u00f3n; \u00abMientras, exhortamos a todas y todos los educadores dominicanos, a redoblar el esfuerzo para que sus estudiantes aprendan y as\u00ed garantizar el derecho fundamental de todo ni\u00f1o, ni\u00f1a y adolescente a una educaci\u00f3n de calidad\u00bb.<\/span><\/p>\n<\/p>\n<\/p>\n<\/p>\n<h6> 2016-06-26 09:59:44 <\/h6>\n<p><!--\n<link rel=\"stylesheet\" href=\"css\/bootstrap.min.css\">\n\n\n<ul class=\"pagination\">\n\t    \n\t\n\n<li >\n\t<a href='?page_no=12618'>Previous<\/a>\n\t<\/li>\n\n\n       \n    \n\n<li><a href='?page_no=1'>1<\/a><\/li>\n\n\n\n<li><a href='?page_no=2'>2<\/a><\/li>\n\n\n\n<li><a>...<\/a><\/li>\n\n\n\n<li><a href='?page_no=12617'>12617<\/a><\/li>\n\n\n\n<li><a href='?page_no=12618'>12618<\/a><\/li>\n\n\n\n<li class='active'><a>12619<\/a><\/li>\n\n\n\n<li><a href='?page_no=12620'>12620<\/a><\/li>\n\n\n\n<li><a href='?page_no=12621'>12621<\/a><\/li>\n\n\n\n<li><a>...<\/a><\/li>\n\n\n\n<li><a href='?page_no=56169'>56169<\/a><\/li>\n\n\n\n<li><a href='?page_no=56170'>56170<\/a><\/li>\n\n    \n\t\n\n<li >\n\t<a href='?page_no=12620'>Next<\/a>\n\t<\/li>\n\n\n    \n\n<li><a href='?page_no=56170'>Last &rsaquo;&rsaquo;<\/a><\/li>\n\n<\/ul>\n\n\n--><br \/>\n<\/body><\/p>\n","protected":false},"excerpt":{"rendered":"<p>Santo Domingo, D.N., 26 de Junio de 2016.- Acci\u00f3n Empresarial por la Educaci\u00f3n (EDUCA), valor\u00f3 positivamente que el Ministerio de Educaci\u00f3n preste la atenci\u00f3n debida a las preocupaciones manifestadas por el sindicato mayoritario de maestros, en torno al Registro de Grado. En una nota informativa expresa considera que para optimizar el tiempo de los maestros, [&hellip;]<\/p>\n","protected":false},"author":3,"featured_media":0,"comment_status":"open","ping_status":"open","sticky":false,"template":"","format":"standard","meta":{"footnotes":""},"categories":[20],"tags":[],"class_list":["post-218170","post","type-post","status-publish","format-standard","hentry","category-dominicana-hoy"],"_links":{"self":[{"href":"https:\/\/diariodominicano.com\/index.php?rest_route=\/wp\/v2\/posts\/218170","targetHints":{"allow":["GET"]}}],"collection":[{"href":"https:\/\/diariodominicano.com\/index.php?rest_route=\/wp\/v2\/posts"}],"about":[{"href":"https:\/\/diariodominicano.com\/index.php?rest_route=\/wp\/v2\/types\/post"}],"author":[{"embeddable":true,"href":"https:\/\/diariodominicano.com\/index.php?rest_route=\/wp\/v2\/users\/3"}],"replies":[{"embeddable":true,"href":"https:\/\/diariodominicano.com\/index.php?rest_route=%2Fwp%2Fv2%2Fcomments&post=218170"}],"version-history":[{"count":0,"href":"https:\/\/diariodominicano.com\/index.php?rest_route=\/wp\/v2\/posts\/218170\/revisions"}],"wp:attachment":[{"href":"https:\/\/diariodominicano.com\/index.php?rest_route=%2Fwp%2Fv2%2Fmedia&parent=218170"}],"wp:term":[{"taxonomy":"category","embeddable":true,"href":"https:\/\/diariodominicano.com\/index.php?rest_route=%2Fwp%2Fv2%2Fcategories&post=218170"},{"taxonomy":"post_tag","embeddable":true,"href":"https:\/\/diariodominicano.com\/index.php?rest_route=%2Fwp%2Fv2%2Ftags&post=218170"}],"curies":[{"name":"wp","href":"https:\/\/api.w.org\/{rel}","templated":true}]}}