{"id":218169,"date":"2016-06-26T15:44:24","date_gmt":"2016-06-26T15:44:24","guid":{"rendered":"http:\/\/diariodominicano.ddns.net\/?p=218169"},"modified":"2016-06-26T15:44:24","modified_gmt":"2016-06-26T15:44:24","slug":"san-rafael-avioneta-perseguia-otra-bajo-una-rafaga-de-tiros","status":"publish","type":"post","link":"https:\/\/diariodominicano.com\/?p=218169","title":{"rendered":"SAN RAFAEL: Avioneta persegu\u00eda otra bajo una r\u00e1faga de tiros"},"content":{"rendered":"<p><body><\/p>\n<p><img decoding=\"async\" src=\"img3\/unnamed260.jpg\" \/>  <\/p>\n<\/p>\n<p>Omar Medina <\/p>\n<p>omarmedina01@hotmail.com<\/p>\n<\/p>\n<\/p>\n<p><strong>SAN RAFAEL, Para\u00edso, 26 jun 2016.?<\/strong> Residentes en esta comunidad denunciaron este domingo que dos avionetas de datos desconocidos sobre volaron su espacio a\u00e9reo dispar\u00e1ndole una a la otra.<\/p>\n<\/p>\n<p>Dijeron que las naves iban a baja altura y que una persegu\u00eda la otra en medio de una intensa r\u00e1faga de plomo, el hecho se origin\u00f3 a la 1: 46 de la larde de este domingo.<\/p>\n<\/p>\n<p>Desconocen s\u00ed una de las avionetas derrib\u00f3 a la otra porque indicaron que al cabo de unos minutos del tiroteo observaron que retorn\u00f3 solo una.<\/p>\n<\/p>\n<p>Aseguran que en los \u00faltimos d\u00edas se ha hecho frecuente que avionetas sobrevuelen el espacio a\u00e9reo a muy baja altura.<\/p>\n<h6> 2016-06-26 15:44:24 <\/h6>\n<p><!--\n<link rel=\"stylesheet\" href=\"css\/bootstrap.min.css\">\n\n\n<ul class=\"pagination\">\n\t    \n\t\n\n<li >\n\t<a href='?page_no=12617'>Previous<\/a>\n\t<\/li>\n\n\n       \n    \n\n<li><a href='?page_no=1'>1<\/a><\/li>\n\n\n\n<li><a href='?page_no=2'>2<\/a><\/li>\n\n\n\n<li><a>...<\/a><\/li>\n\n\n\n<li><a href='?page_no=12616'>12616<\/a><\/li>\n\n\n\n<li><a href='?page_no=12617'>12617<\/a><\/li>\n\n\n\n<li class='active'><a>12618<\/a><\/li>\n\n\n\n<li><a href='?page_no=12619'>12619<\/a><\/li>\n\n\n\n<li><a href='?page_no=12620'>12620<\/a><\/li>\n\n\n\n<li><a>...<\/a><\/li>\n\n\n\n<li><a href='?page_no=56169'>56169<\/a><\/li>\n\n\n\n<li><a href='?page_no=56170'>56170<\/a><\/li>\n\n    \n\t\n\n<li >\n\t<a href='?page_no=12619'>Next<\/a>\n\t<\/li>\n\n\n    \n\n<li><a href='?page_no=56170'>Last &rsaquo;&rsaquo;<\/a><\/li>\n\n<\/ul>\n\n\n--><br \/>\n<\/body><\/p>\n","protected":false},"excerpt":{"rendered":"<p>Omar Medina omarmedina01@hotmail.com SAN RAFAEL, Para\u00edso, 26 jun 2016.? Residentes en esta comunidad denunciaron este domingo que dos avionetas de datos desconocidos sobre volaron su espacio a\u00e9reo dispar\u00e1ndole una a la otra. Dijeron que las naves iban a baja altura y que una persegu\u00eda la otra en medio de una intensa r\u00e1faga de plomo, el [&hellip;]<\/p>\n","protected":false},"author":3,"featured_media":0,"comment_status":"open","ping_status":"open","sticky":false,"template":"","format":"standard","meta":{"footnotes":""},"categories":[20],"tags":[],"class_list":["post-218169","post","type-post","status-publish","format-standard","hentry","category-dominicana-hoy"],"_links":{"self":[{"href":"https:\/\/diariodominicano.com\/index.php?rest_route=\/wp\/v2\/posts\/218169","targetHints":{"allow":["GET"]}}],"collection":[{"href":"https:\/\/diariodominicano.com\/index.php?rest_route=\/wp\/v2\/posts"}],"about":[{"href":"https:\/\/diariodominicano.com\/index.php?rest_route=\/wp\/v2\/types\/post"}],"author":[{"embeddable":true,"href":"https:\/\/diariodominicano.com\/index.php?rest_route=\/wp\/v2\/users\/3"}],"replies":[{"embeddable":true,"href":"https:\/\/diariodominicano.com\/index.php?rest_route=%2Fwp%2Fv2%2Fcomments&post=218169"}],"version-history":[{"count":0,"href":"https:\/\/diariodominicano.com\/index.php?rest_route=\/wp\/v2\/posts\/218169\/revisions"}],"wp:attachment":[{"href":"https:\/\/diariodominicano.com\/index.php?rest_route=%2Fwp%2Fv2%2Fmedia&parent=218169"}],"wp:term":[{"taxonomy":"category","embeddable":true,"href":"https:\/\/diariodominicano.com\/index.php?rest_route=%2Fwp%2Fv2%2Fcategories&post=218169"},{"taxonomy":"post_tag","embeddable":true,"href":"https:\/\/diariodominicano.com\/index.php?rest_route=%2Fwp%2Fv2%2Ftags&post=218169"}],"curies":[{"name":"wp","href":"https:\/\/api.w.org\/{rel}","templated":true}]}}