{"id":218168,"date":"2016-06-26T16:04:15","date_gmt":"2016-06-26T16:04:15","guid":{"rendered":"http:\/\/diariodominicano.ddns.net\/?p=218168"},"modified":"2016-06-26T16:04:15","modified_gmt":"2016-06-26T16:04:15","slug":"conforma-comision-nacional-para-marco-nacional-de-cualificaciones","status":"publish","type":"post","link":"https:\/\/diariodominicano.com\/?p=218168","title":{"rendered":"Conforma Comisi\u00f3n Nacional para Marco Nacional de Cualificaciones"},"content":{"rendered":"<p><body><\/p>\n<p><img decoding=\"async\" src=\"img3\/fachada.jpg\" \/>  <\/p>\n<p><strong>SANTO DOMINGO, DN, RD, 26 de Junio de 2016.-<\/strong> El presidente Danilo Medina conform\u00f3 la Comisi\u00f3n Nacional para la Elaboraci\u00f3n del Marco Nacional de Cualificaciones (MNC), la cual dise\u00f1ar\u00e1 las estructuras acad\u00e9mica e institucional de la educaci\u00f3n para el trabajo en sus distintos niveles.<\/p>\n<\/p>\n<p>En virtud del decreto 173-16, dado a conocer hoy, el presidente Danilo Medina cre\u00f3 una comisi\u00f3n de trabajo tri-partita que estar\u00e1 presidida por el Ministerio de la Presidencia, e integrada por instituciones p\u00fablicas, organizaciones de trabajadores y organismos empresariales.<\/p>\n<\/p>\n<p>En ese sentido, por la parte gubernamental conforman la comisi\u00f3n, adem\u00e1s, los ministerios de Educaci\u00f3n; de Educaci\u00f3n Superior, Ciencia y Tecnolog\u00eda; de Trabajo, Ministerio de Econom\u00eda, Planificaci\u00f3n y Desarrollo; as\u00ed como el Instituto de Formaci\u00f3n T\u00e9cnico Profesional (INFOTEP). <\/p>\n<\/p>\n<p>De igual modo, son miembros de la comisi\u00f3n de trabajo las siguientes centrales sindicales: Confederaci\u00f3n Nacional de Unidad Sindical (CNUS), la Confederaci\u00f3n Nacional de Trabajadores Dominicanos (CNTD) y la Confederaci\u00f3n Aut\u00f3noma Sindical Clasista (CASC). <\/p>\n<\/p>\n<p>Por el sector privado participan el Consejo Nacional de la Empresa Privada (CONEP), Acci\u00f3n Empresarial por la Educaci\u00f3n (EDUCA), la Iniciativa Empresarial para la Educaci\u00f3n T\u00e9cnica (IEET) y la Fundaci\u00f3n Inicia.<\/p>\n<\/p>\n<p>El dise\u00f1o del Marco Nacional de Cualificaciones se realiza, en cumplimiento del Objetivo Espec\u00edfico 3.4.2 de la Estrategia Nacional de Desarrollo y del Compromiso 4.1.2 del Pacto Nacional para la Reforma Educativa, el cual establece la necesidad de desarrollar un mecanismo que permita la efectiva integraci\u00f3n y articulaci\u00f3n de la formaci\u00f3n t\u00e9cnica en el pa\u00eds, as\u00ed como en cumplimiento de los acuerdos de la Iniciativa Dominicana por una Educaci\u00f3n de Calidad (IDEC).<\/p>\n<\/p>\n<p><strong>Comit\u00e9 T\u00e9cnico <\/strong><\/p>\n<\/p>\n<p>Adem\u00e1s, en el decreto 173-16 se establece la creaci\u00f3n del Comit\u00e9 T\u00e9cnico con el objetivo de apoyar a la Comisi\u00f3n, en sus trabajos para la creaci\u00f3n del Marco. Se trata de un \u00f3rgano de car\u00e1cter interinstitucional y estar\u00e1 conformado por representantes designados por el Ministro o Director de los ministerios de la Presidencia, de Educaci\u00f3n, Educaci\u00f3n Superior, Ciencia y Tecnolog\u00eda; de Econom\u00eda, Planificaci\u00f3n y Desarrollo; de Trabajo e INFOTEP. <\/p>\n<\/p>\n<p>Al respecto, el ministro de la Presidencia, Gustavo Montalvo, valor\u00f3 la importancia de desarrollar un sistema de educaci\u00f3n para el trabajo que permita una f\u00e1cil movilidad para sus estudiantes, permitiendo que miles de j\u00f3venes puedan seguir desarrollando sus capacidades y mejorando as\u00ed sus ingresos, y contribuyendo a la mejora de la productividad y competitividad de los sectores productivos del pa\u00eds.<\/p>\n<\/p>\n<p>\u00abPara el gobierno del presidente Danilo Medina es de suma importancia cumplir los objetivos de la Estrategia Nacional de Desarrollo y compromisos del Pacto Educativo, raz\u00f3n por la cual apostamos a que de una vez por todas el pa\u00eds desarrolle su Marco Nacional de Cualificaciones que consolide el sistema de formaci\u00f3n y capacitaci\u00f3n continua para el trabajo\u00bb, expres\u00f3 el ministro Montalvo, coordinador de la comisi\u00f3n de realizaci\u00f3n del marco.<\/p>\n<\/p>\n<p>Objetivos y funciones<\/p>\n<\/p>\n<p>El objetivo principal de la comisi\u00f3n es impulsar la creaci\u00f3n de un Marco Nacional de Cualificaciones y sus funciones son: establecer los objetivos y el alcance de este ; dise\u00f1ar la estructura interna, con expresi\u00f3n de niveles y descripciones; realizar un pilotaje del marco dise\u00f1ado, definir los mecanismos de garant\u00eda de calidad; dise\u00f1ar la estructura institucional para su puesta en marcha y promover su adopci\u00f3n oficial.<\/p>\n<\/p>\n<h6> 2016-06-26 16:04:15 <\/h6>\n<p><!--\n<link rel=\"stylesheet\" href=\"css\/bootstrap.min.css\">\n\n\n<ul class=\"pagination\">\n\t    \n\t\n\n<li >\n\t<a href='?page_no=12616'>Previous<\/a>\n\t<\/li>\n\n\n       \n    \n\n<li><a href='?page_no=1'>1<\/a><\/li>\n\n\n\n<li><a href='?page_no=2'>2<\/a><\/li>\n\n\n\n<li><a>...<\/a><\/li>\n\n\n\n<li><a href='?page_no=12615'>12615<\/a><\/li>\n\n\n\n<li><a href='?page_no=12616'>12616<\/a><\/li>\n\n\n\n<li class='active'><a>12617<\/a><\/li>\n\n\n\n<li><a href='?page_no=12618'>12618<\/a><\/li>\n\n\n\n<li><a href='?page_no=12619'>12619<\/a><\/li>\n\n\n\n<li><a>...<\/a><\/li>\n\n\n\n<li><a href='?page_no=56169'>56169<\/a><\/li>\n\n\n\n<li><a href='?page_no=56170'>56170<\/a><\/li>\n\n    \n\t\n\n<li >\n\t<a href='?page_no=12618'>Next<\/a>\n\t<\/li>\n\n\n    \n\n<li><a href='?page_no=56170'>Last &rsaquo;&rsaquo;<\/a><\/li>\n\n<\/ul>\n\n\n--><br \/>\n<\/body><\/p>\n","protected":false},"excerpt":{"rendered":"<p>SANTO DOMINGO, DN, RD, 26 de Junio de 2016.- El presidente Danilo Medina conform\u00f3 la Comisi\u00f3n Nacional para la Elaboraci\u00f3n del Marco Nacional de Cualificaciones (MNC), la cual dise\u00f1ar\u00e1 las estructuras acad\u00e9mica e institucional de la educaci\u00f3n para el trabajo en sus distintos niveles. En virtud del decreto 173-16, dado a conocer hoy, el presidente [&hellip;]<\/p>\n","protected":false},"author":3,"featured_media":0,"comment_status":"open","ping_status":"open","sticky":false,"template":"","format":"standard","meta":{"footnotes":""},"categories":[20],"tags":[],"class_list":["post-218168","post","type-post","status-publish","format-standard","hentry","category-dominicana-hoy"],"_links":{"self":[{"href":"https:\/\/diariodominicano.com\/index.php?rest_route=\/wp\/v2\/posts\/218168","targetHints":{"allow":["GET"]}}],"collection":[{"href":"https:\/\/diariodominicano.com\/index.php?rest_route=\/wp\/v2\/posts"}],"about":[{"href":"https:\/\/diariodominicano.com\/index.php?rest_route=\/wp\/v2\/types\/post"}],"author":[{"embeddable":true,"href":"https:\/\/diariodominicano.com\/index.php?rest_route=\/wp\/v2\/users\/3"}],"replies":[{"embeddable":true,"href":"https:\/\/diariodominicano.com\/index.php?rest_route=%2Fwp%2Fv2%2Fcomments&post=218168"}],"version-history":[{"count":0,"href":"https:\/\/diariodominicano.com\/index.php?rest_route=\/wp\/v2\/posts\/218168\/revisions"}],"wp:attachment":[{"href":"https:\/\/diariodominicano.com\/index.php?rest_route=%2Fwp%2Fv2%2Fmedia&parent=218168"}],"wp:term":[{"taxonomy":"category","embeddable":true,"href":"https:\/\/diariodominicano.com\/index.php?rest_route=%2Fwp%2Fv2%2Fcategories&post=218168"},{"taxonomy":"post_tag","embeddable":true,"href":"https:\/\/diariodominicano.com\/index.php?rest_route=%2Fwp%2Fv2%2Ftags&post=218168"}],"curies":[{"name":"wp","href":"https:\/\/api.w.org\/{rel}","templated":true}]}}