{"id":218167,"date":"2016-06-27T08:54:02","date_gmt":"2016-06-27T08:54:02","guid":{"rendered":"http:\/\/diariodominicano.ddns.net\/?p=218167"},"modified":"2016-06-27T08:54:02","modified_gmt":"2016-06-27T08:54:02","slug":"danilo-medina-regresa-al-pais-canal-de-panama-es-una-obra-monumental","status":"publish","type":"post","link":"https:\/\/diariodominicano.com\/?p=218167","title":{"rendered":"Danilo Medina regresa al pa\u00eds: \u00a1Canal de Panam\u00e1 es una obra monumental!"},"content":{"rendered":"<p><body><\/p>\n<p><img decoding=\"async\" src=\"img3\/danilopanma27-6.jpg\" \/>  <\/p>\n<p><span class=\"text1noticias\">Santo Domingo, R. D., 27 de junio.- \u00abEs una obra monumental, es una obra que va a impactar el comercio mundial\u00bb, manifest\u00f3 el gobernante a su arribo al pa\u00eds a las 10:00 de la noche de este domingo, por la terminal de la Base A\u00e9rea de San Isidro.<\/span><\/p>\n<p><span class=\"text1noticias\"> <\/span><\/p>\n<p><span class=\"text1noticias\">El jefe de Estado fue recibido por el ministro de Defensa, William Mu\u00f1oz Delgado; el jefe de la Guardia Presidencial, general Braulio Alc\u00e1ntara L\u00f3pez y el  sub-comandante general de la Fuerza A\u00e9rea de la Rep\u00fablica Dominicana, general de brigada paracaidista Miguel Paulino Espinal.<\/span><\/p>\n<p><span class=\"text1noticias\"> <\/span><\/p>\n<p><span class=\"text1noticias\">M\u00e1s inversi\u00f3n para Rep\u00fablica Dominicana<\/span><\/p>\n<p><span class=\"text1noticias\"> <\/span><\/p>\n<p><span class=\"text1noticias\">Danilo Medina tambi\u00e9n hizo referencia del encuentro que sostuvo en el pa\u00eds istme\u00f1o, con la presidenta de Taiw\u00e1n Tsai Ing-Wen, en el que destac\u00f3 la invitaci\u00f3n que le hizo su hom\u00f3loga a ese pa\u00eds y su inter\u00e9s de querer estrechar m\u00e1s los lazos comerciales con la Rep\u00fablica Dominicana.<\/span><\/p>\n<p><span class=\"text1noticias\"> <\/span><\/p>\n<p><span class=\"text1noticias\">Canal de Panam\u00e1 abre puertas del progreso<\/span><\/p>\n<p><span class=\"text1noticias\"> <\/span><\/p>\n<p><span class=\"text1noticias\">M\u00e1s temprano el jefe de Estado manifest\u00f3 a trav\u00e9s de su cuenta de Twitter @DaniloMedina,  la importancia que reviste la obra para el comercio internacional, del que dijo abre las puertas del progreso para toda la regi\u00f3n.<\/span><\/p>\n<p><span class=\"text1noticias\"> <\/span><\/p>\n<p><span class=\"text1noticias\">Beneficios al comercio mundial<\/span><\/p>\n<p><span class=\"text1noticias\"> <\/span><\/p>\n<p><span class=\"text1noticias\">La ampliaci\u00f3n del Canal de Panam\u00e1 es considerada un hito de la ingenier\u00eda moderna, cuyo principal proyecto es el tercer juego de esclusas (carriles) que permitir\u00e1 el paso de los buques llamados Neo-Panamax, que transportan grandes cantidades de mercanc\u00edas, granos, petr\u00f3leo, gas y autom\u00f3viles, entre otras.<\/span><\/p>\n<p><span class=\"text1noticias\"> <\/span><\/p>\n<p><span class=\"text1noticias\">Mediante la obra de infraestructura m\u00e1s moderna y compleja del siglo XXI se le dar\u00e1 paso por el canal a buques de hasta 13 mil contenedores, el triple de la capacidad de la antigua estructura levantada en el a\u00f1o 1914.<\/span><\/p>\n<p><span class=\"text1noticias\"> <\/span><\/p>\n<p><span class=\"text1noticias\">El Canal de Panam\u00e1 es uno de los principales facilitadores del comercio mundial, pues conecta el oc\u00e9ano Pac\u00edfico con el oc\u00e9ano Atl\u00e1ntico, permitiendo una v\u00eda de tr\u00e1nsito corta y econ\u00f3mica para los barcos de todo el mundo. Su ampliaci\u00f3n permitir\u00e1 un aumento de su capacidad operativa de un 6% a un 10%.<\/span><\/p>\n<p><span class=\"text1noticias\"> <\/span><\/p>\n<p><span class=\"text1noticias\"> <\/span><\/p>\n<p><span class=\"text1noticias\"> El presidente Danilo Medina, lleg\u00f3 al pa\u00eds la noche de este domingo, luego de participar junto a otros jefes de Estado y de Gobierno, en el acto inaugural de la ampliaci\u00f3n del Canal de Panam\u00e1, el que consider\u00f3 una obra m<\/span>onumental.<\/p>\n<h6> 2016-06-27 08:54:02 <\/h6>\n<p><!--\n<link rel=\"stylesheet\" href=\"css\/bootstrap.min.css\">\n\n\n<ul class=\"pagination\">\n\t    \n\t\n\n<li >\n\t<a href='?page_no=12615'>Previous<\/a>\n\t<\/li>\n\n\n       \n    \n\n<li><a href='?page_no=1'>1<\/a><\/li>\n\n\n\n<li><a href='?page_no=2'>2<\/a><\/li>\n\n\n\n<li><a>...<\/a><\/li>\n\n\n\n<li><a href='?page_no=12614'>12614<\/a><\/li>\n\n\n\n<li><a href='?page_no=12615'>12615<\/a><\/li>\n\n\n\n<li class='active'><a>12616<\/a><\/li>\n\n\n\n<li><a href='?page_no=12617'>12617<\/a><\/li>\n\n\n\n<li><a href='?page_no=12618'>12618<\/a><\/li>\n\n\n\n<li><a>...<\/a><\/li>\n\n\n\n<li><a href='?page_no=56169'>56169<\/a><\/li>\n\n\n\n<li><a href='?page_no=56170'>56170<\/a><\/li>\n\n    \n\t\n\n<li >\n\t<a href='?page_no=12617'>Next<\/a>\n\t<\/li>\n\n\n    \n\n<li><a href='?page_no=56170'>Last &rsaquo;&rsaquo;<\/a><\/li>\n\n<\/ul>\n\n\n--><br \/>\n<\/body><\/p>\n","protected":false},"excerpt":{"rendered":"<p>Santo Domingo, R. D., 27 de junio.- \u00abEs una obra monumental, es una obra que va a impactar el comercio mundial\u00bb, manifest\u00f3 el gobernante a su arribo al pa\u00eds a las 10:00 de la noche de este domingo, por la terminal de la Base A\u00e9rea de San Isidro. El jefe de Estado fue recibido por [&hellip;]<\/p>\n","protected":false},"author":3,"featured_media":0,"comment_status":"open","ping_status":"open","sticky":false,"template":"","format":"standard","meta":{"footnotes":""},"categories":[20],"tags":[],"class_list":["post-218167","post","type-post","status-publish","format-standard","hentry","category-dominicana-hoy"],"_links":{"self":[{"href":"https:\/\/diariodominicano.com\/index.php?rest_route=\/wp\/v2\/posts\/218167","targetHints":{"allow":["GET"]}}],"collection":[{"href":"https:\/\/diariodominicano.com\/index.php?rest_route=\/wp\/v2\/posts"}],"about":[{"href":"https:\/\/diariodominicano.com\/index.php?rest_route=\/wp\/v2\/types\/post"}],"author":[{"embeddable":true,"href":"https:\/\/diariodominicano.com\/index.php?rest_route=\/wp\/v2\/users\/3"}],"replies":[{"embeddable":true,"href":"https:\/\/diariodominicano.com\/index.php?rest_route=%2Fwp%2Fv2%2Fcomments&post=218167"}],"version-history":[{"count":0,"href":"https:\/\/diariodominicano.com\/index.php?rest_route=\/wp\/v2\/posts\/218167\/revisions"}],"wp:attachment":[{"href":"https:\/\/diariodominicano.com\/index.php?rest_route=%2Fwp%2Fv2%2Fmedia&parent=218167"}],"wp:term":[{"taxonomy":"category","embeddable":true,"href":"https:\/\/diariodominicano.com\/index.php?rest_route=%2Fwp%2Fv2%2Fcategories&post=218167"},{"taxonomy":"post_tag","embeddable":true,"href":"https:\/\/diariodominicano.com\/index.php?rest_route=%2Fwp%2Fv2%2Ftags&post=218167"}],"curies":[{"name":"wp","href":"https:\/\/api.w.org\/{rel}","templated":true}]}}