{"id":218166,"date":"2016-06-27T09:18:15","date_gmt":"2016-06-27T09:18:15","guid":{"rendered":"http:\/\/diariodominicano.ddns.net\/?p=218166"},"modified":"2016-06-27T09:18:15","modified_gmt":"2016-06-27T09:18:15","slug":"ministerio-de-industria-y-comercio-fumiga-5-mil-614-viviendas","status":"publish","type":"post","link":"https:\/\/diariodominicano.com\/?p=218166","title":{"rendered":"Ministerio de Industria y Comercio fumiga 5 mil 614 viviendas"},"content":{"rendered":"<p><body><\/p>\n<p><img decoding=\"async\" src=\"img3\/fumigan 27-6.JPG\" \/>  <\/p>\n<p><span class=\"text1noticias\">Santo Domingo, R. D., 27 de junio.- Durante dos d\u00edas de jornada, el Ministerio de Industria (MIC), fumig\u00f3 5 mil 614 viviendas y elimin\u00f3 m\u00e1s de 3 mil criaderos de mosquitos en una campa\u00f1a contra la propagaci\u00f3n del Aedes Aegypti, transmisor de los virus del Dengue, Zika y Chikunguya, en Barahona.<\/span><\/p>\n<p><span class=\"text1noticias\"> <\/span><\/p>\n<p><span class=\"text1noticias\">El ministro Jos\u00e9 del Castillo Savi\u00f1\u00f3n, dispuso que este viernes y s\u00e1bado cientos de empleados del MIC se movilizar\u00e1n y fueran desplegados en municipios, barrios y sectores del casco urbano de esa provincia, en franco respaldo a las medidas del Gobierno central para combatir esas enfermedades y velar por la salud de los dominicanos.<\/span><\/p>\n<p><span class=\"text1noticias\"> <\/span><\/p>\n<p><span class=\"text1noticias\">La directora de Gesti\u00f3n Humana del MIC, Ramona Mej\u00eda Macea, dijo que la jornada se extendi\u00f3 a los barrios Casandra, Pueblo Nuevo, Baitoita,, Las Delicias, La Playa, Villa Estela, Alto Velo, Ca\u00f1ada de Papoi, Las Flores y Camboya.<\/span><\/p>\n<p><span class=\"text1noticias\"> <\/span><\/p>\n<p><span class=\"text1noticias\">Tambi\u00e9n a los municipios  el Pe\u00f1\u00f3n, Vicente Noble, Enriquillo, Ci\u00e9naga, Salinas y el distrito municipal de Bahoruco.<\/span><\/p>\n<p><span class=\"text1noticias\"> <\/span><\/p>\n<p><span class=\"text1noticias\">De su lado el viceministro Marcelo Puello resalt\u00f3 que durante el operativo, cerca de 600 empleados, junto a especialistas y t\u00e9cnicos del MIC y la Direcci\u00f3n Provincial de Salud distribuyeron cloro, abate y material informativo, acompa\u00f1ado de orientaci\u00f3n oportuna sobre c\u00f3mo evitar la propagaci\u00f3n de mosquitos y prevenir su picadur<\/span>a.<\/p>\n<\/p>\n<h6> 2016-06-27 09:18:15 <\/h6>\n<p><!--\n<link rel=\"stylesheet\" href=\"css\/bootstrap.min.css\">\n\n\n<ul class=\"pagination\">\n\t    \n\t\n\n<li >\n\t<a href='?page_no=12614'>Previous<\/a>\n\t<\/li>\n\n\n       \n    \n\n<li><a href='?page_no=1'>1<\/a><\/li>\n\n\n\n<li><a href='?page_no=2'>2<\/a><\/li>\n\n\n\n<li><a>...<\/a><\/li>\n\n\n\n<li><a href='?page_no=12613'>12613<\/a><\/li>\n\n\n\n<li><a href='?page_no=12614'>12614<\/a><\/li>\n\n\n\n<li class='active'><a>12615<\/a><\/li>\n\n\n\n<li><a href='?page_no=12616'>12616<\/a><\/li>\n\n\n\n<li><a href='?page_no=12617'>12617<\/a><\/li>\n\n\n\n<li><a>...<\/a><\/li>\n\n\n\n<li><a href='?page_no=56169'>56169<\/a><\/li>\n\n\n\n<li><a href='?page_no=56170'>56170<\/a><\/li>\n\n    \n\t\n\n<li >\n\t<a href='?page_no=12616'>Next<\/a>\n\t<\/li>\n\n\n    \n\n<li><a href='?page_no=56170'>Last &rsaquo;&rsaquo;<\/a><\/li>\n\n<\/ul>\n\n\n--><br \/>\n<\/body><\/p>\n","protected":false},"excerpt":{"rendered":"<p>Santo Domingo, R. D., 27 de junio.- Durante dos d\u00edas de jornada, el Ministerio de Industria (MIC), fumig\u00f3 5 mil 614 viviendas y elimin\u00f3 m\u00e1s de 3 mil criaderos de mosquitos en una campa\u00f1a contra la propagaci\u00f3n del Aedes Aegypti, transmisor de los virus del Dengue, Zika y Chikunguya, en Barahona. El ministro Jos\u00e9 del [&hellip;]<\/p>\n","protected":false},"author":3,"featured_media":0,"comment_status":"open","ping_status":"open","sticky":false,"template":"","format":"standard","meta":{"footnotes":""},"categories":[20],"tags":[],"class_list":["post-218166","post","type-post","status-publish","format-standard","hentry","category-dominicana-hoy"],"_links":{"self":[{"href":"https:\/\/diariodominicano.com\/index.php?rest_route=\/wp\/v2\/posts\/218166","targetHints":{"allow":["GET"]}}],"collection":[{"href":"https:\/\/diariodominicano.com\/index.php?rest_route=\/wp\/v2\/posts"}],"about":[{"href":"https:\/\/diariodominicano.com\/index.php?rest_route=\/wp\/v2\/types\/post"}],"author":[{"embeddable":true,"href":"https:\/\/diariodominicano.com\/index.php?rest_route=\/wp\/v2\/users\/3"}],"replies":[{"embeddable":true,"href":"https:\/\/diariodominicano.com\/index.php?rest_route=%2Fwp%2Fv2%2Fcomments&post=218166"}],"version-history":[{"count":0,"href":"https:\/\/diariodominicano.com\/index.php?rest_route=\/wp\/v2\/posts\/218166\/revisions"}],"wp:attachment":[{"href":"https:\/\/diariodominicano.com\/index.php?rest_route=%2Fwp%2Fv2%2Fmedia&parent=218166"}],"wp:term":[{"taxonomy":"category","embeddable":true,"href":"https:\/\/diariodominicano.com\/index.php?rest_route=%2Fwp%2Fv2%2Fcategories&post=218166"},{"taxonomy":"post_tag","embeddable":true,"href":"https:\/\/diariodominicano.com\/index.php?rest_route=%2Fwp%2Fv2%2Ftags&post=218166"}],"curies":[{"name":"wp","href":"https:\/\/api.w.org\/{rel}","templated":true}]}}